{"id":832,"date":"2016-12-18T12:41:36","date_gmt":"2016-12-18T11:41:36","guid":{"rendered":"https:\/\/walizkaczerwona.wordpress.com\/?p=832"},"modified":"2018-09-25T15:55:31","modified_gmt":"2018-09-25T13:55:31","slug":"koniec-historii","status":"publish","type":"post","link":"https:\/\/czerwonawalizka.com\/index.php\/2016\/12\/18\/koniec-historii\/","title":{"rendered":"Koniec historii"},"content":{"rendered":"<p style=\"text-align:justify;\">Dzi\u015b mia\u0142o by\u0107 o serialach i o tym, jak wspaniale jest m\u00f3c prze\u017cywa\u0107 przygody przed ekranem telewizora, ewentualnie komputera. Ale temat odk\u0142adam na p\u00f3\u017aniej.<\/p>\n<p style=\"text-align:justify;\">Sama nie wierz\u0119 w to, co widz\u0119, co czytam, co si\u0119 dzieje. Fukuyama w 89\u2019 roku powiedzia\u0142, \u017ce historia si\u0119 sko\u0144czy\u0142a, bo doszli\u015bmy do najdoskonalszego \u2013 nie doskona\u0142ego \u2013 ale i tak najdoskonalszego systemu \u0142adu spo\u0142ecznego, czyli neoliberalnej demokracji. Zastanawia\u0142 si\u0119, czy nast\u0105pi ca\u0142kowity reset i czy wr\u00f3cimy do poziomu ludzi pierwotnych.<\/p>\n<p style=\"text-align:justify;\">Historia rzeczywi\u015bcie zatacza ko\u0142o. Jest to w rzeczy samej niesamowicie fascynuj\u0105ce i przera\u017caj\u0105ce. Gdzie\u015b w nas, Polakach, tkwi przekonanie, \u017ce czasem dobrze jest tupn\u0105\u0107 nog\u0105 i zrobi\u0107 porz\u0105dek. Jest w nas ten ekstremizm. Ta absolutna niezdolno\u015b\u0107 do zrozumienia drugiej strony. Wiara w s\u0142uszno\u015b\u0107 w\u0142asnego post\u0119powania, wiara, kt\u00f3ra wybacza g\u0142upot\u0119, wiara, kt\u00f3ra wybacza okrucie\u0144stwo, k\u0142amstwo i miernot\u0119 moraln\u0105. Nie liczy si\u0119 nic pr\u00f3cz zwyci\u0119stwa.<\/p>\n<p style=\"text-align:justify;\">Chyba wiecie, o czym pisz\u0119. To oczywiste.<\/p>\n<p style=\"text-align:justify;\">We wtorek, 13 grudnia, w rocznic\u0119 upami\u0119tniaj\u0105c\u0105 pocz\u0105tek stanu wojennego, by\u0142am pierwszy raz w \u017cyciu na manifestacji KODu. Zaskoczy\u0142a mnie atmosfera go\u015bcinno\u015bci i serdeczno\u015bci. Wcze\u015bniej protestowa\u0142am tylko kilka razy i w por\u00f3wnaniu z r\u00f3wnie\u017c udanym Czarnym Protestem, gdzie czu\u0107 by\u0142o wibruj\u0105c\u0105 w powietrzu w\u015bciek\u0142o\u015b\u0107, teraz uderzy\u0142a mnie pogoda ducha i si\u0142a. Ulga. Taka pewno\u015b\u0107, \u017ce cokolwiek by nie by\u0142o, damy rad\u0119. Zwyci\u0119\u017cymy.<\/p>\n<p style=\"text-align:justify;\">Co mnie najbardziej przera\u017ca?<\/p>\n<p style=\"text-align:justify;\">Poziom k\u0142amstwa. K\u0142amstwo sta\u0142o si\u0119 czym\u015b, z czym ju\u017c si\u0119 nie walczy. Ka\u017cdy tylko przekrzykuje drugiego i wszystko jedno w\u0142a\u015bciwie, jakich argument\u00f3w u\u017cywa. Nie ma dyskusji, jest krzyk i liczy si\u0119 to, komu uda si\u0119 wykrzycze\u0107 swoje racje. Argumenty u\u017cyte i fakty przytoczone w dyskusji si\u0119 nie licz\u0105, bo przeciwnik z nimi skonfrontowany po prostu je zignoruje. Jaki jest wi\u0119c sens tej dyskusji?\u2026<\/p>\n<p style=\"text-align:justify;\">Do w\u0142adzy zawsze id\u0105 przynajmniej dwie grupy ludzi: tych, kt\u00f3rzy chc\u0105 zrobi\u0107 co\u015b dobrego, bo maj\u0105 tak\u0105 natur\u0119, bo\u00a0 czuj\u0105, \u017ce co\u015b mog\u0105 da\u0107 innym i ci, kt\u00f3rzy chc\u0105 co\u015b dla siebie ugra\u0107. Tych drugich jest pewnie wi\u0119cej. Dobrze jest, jak kto\u015b z grupy nr 1 b\u0119dzie jednak mia\u0142 przewa\u017caj\u0105cy g\u0142os i jako\u015b tych drugich b\u0119dzie trzyma\u0142 w ryzach. Czasem wychodzi to lepiej, czasem gorzej.<\/p>\n<p style=\"text-align:justify;\">Ale potem jest jeszcze ta trzecia grupa: ideolodzy. Ka\u017cdy ma jaki\u015b \u015bwiatopogl\u0105d \u2013 to oczywiste. Ale problem zaczyna si\u0119 wtedy, gdy brakuje nam zrozumienia dla tej drugiej strony. Za brakiem zrozumienia idzie odrzucenie, brak szacunku \u2013 a st\u0105d ju\u017c bardzo kr\u00f3tka droga do dyskredytacji, odcz\u0142owieczania, agresji, przemocy, narzucania w\u0142asnego zdania innym si\u0142\u0105.<\/p>\n<p style=\"text-align:justify;\">Nie chc\u0119 nawet pisa\u0107 o tym, jak bardzo w\u0105skie horyzonty trzeba mie\u0107, by si\u0142\u0105 musie\u0107 narzuca\u0107 w\u0142asne innym. To chyba \u015bwiadczy r\u00f3wnie\u017c o sporym braku dobrych argument\u00f3w.<\/p>\n<p style=\"text-align:justify;\">Teraz wi\u0119c mamy u w\u0142adzy ideolog\u00f3w i wszystkich koniunkturalist\u00f3w, kt\u00f3rzy b\u0119d\u0105 szczeka\u0107, jak trzeba albo miaucze\u0107, jak trzeba, byle tylko wyl\u0105dowa\u0107 na czterech \u0142apach na odpowiednim sto\u0142ku.<\/p>\n<p style=\"text-align:justify;\">Jest jeszcze jeden aspekt. Takie troch\u0119 szersze spojrzenie \u2013 nasz du\u017cy wschodni s\u0105siad i jego chore sny o pot\u0119dze, kt\u00f3rych ziszczenie mo\u017cliwe b\u0119dzie tylko wtedy, gdy Europa pogr\u0105\u017cy si\u0119 w chaosie, sk\u0142\u00f3cona. Putin wy\u015bmienicie wr\u0119cz pogrywa kartami r\u00f3\u017cnych nacjonalizm\u00f3w w ca\u0142ej Europie, nie tylko w Polsce. Ba, za oceanem te\u017c mu si\u0119 uda\u0142o.<\/p>\n<p style=\"text-align:justify;\">Smutne to.<\/p>\n<p style=\"text-align:justify;\">Troch\u0119 przera\u017caj\u0105ce.<\/p>\n<p style=\"text-align:justify;\">To jednak jest m\u00f3j dom. I Wasz.<\/p>\n<p style=\"text-align:justify;\">I by taki pozosta\u0142, \u017cycz\u0119 nam wszystkim na te nadchodz\u0105ce \u015awi\u0119ta.<\/p>\n<p style=\"text-align:justify;\">alfa<\/p>\n<p style=\"text-align:justify;\">\n","protected":false},"excerpt":{"rendered":"<p>Dzi\u015b mia\u0142o by\u0107 o serialach i o tym, jak wspaniale jest m\u00f3c prze\u017cywa\u0107 przygody przed ekranem telewizora, ewentualnie komputera. Ale temat odk\u0142adam na p\u00f3\u017aniej. Sama nie wierz\u0119 w to, co widz\u0119, co czytam, co si\u0119 dzieje. Fukuyama w 89\u2019 roku powiedzia\u0142, \u017ce historia si\u0119 sko\u0144czy\u0142a, bo doszli\u015bmy do najdoskonalszego \u2013 nie doskona\u0142ego \u2013 ale i&hellip; <a class=\"more-link\" href=\"https:\/\/czerwonawalizka.com\/index.php\/2016\/12\/18\/koniec-historii\/\">Read More <span class=\"screen-reader-text\">Koniec historii<\/span><\/a><\/p>\n","protected":false},"author":1,"featured_media":362,"comment_status":"open","ping_status":"open","sticky":false,"template":"","format":"aside","meta":{"jetpack_post_was_ever_published":false,"_jetpack_newsletter_access":"","_jetpack_dont_email_post_to_subs":false,"_jetpack_newsletter_tier_id":0,"_jetpack_memberships_contains_paywalled_content":false,"_jetpack_memberships_contains_paid_content":false,"footnotes":"","jetpack_publicize_message":"","jetpack_publicize_feature_enabled":true,"jetpack_social_post_already_shared":false,"jetpack_social_options":{"image_generator_settings":{"template":"highway","default_image_id":0,"font":"","enabled":false},"version":2}},"categories":[2,7],"tags":[],"class_list":["post-832","post","type-post","status-publish","format-aside","has-post-thumbnail","hentry","category-bez-pamieci","category-myslodsiewnia","post_format-post-format-aside"],"yoast_head":"<!-- This site is optimized with the Yoast SEO plugin v27.0 - https:\/\/yoast.com\/product\/yoast-seo-wordpress\/ -->\n<title>Koniec historii - Dziewczyna z czerwon\u0105 walizk\u0105<\/title>\n<meta name=\"robots\" content=\"index, follow, max-snippet:-1, max-image-preview:large, max-video-preview:-1\" \/>\n<link rel=\"canonical\" href=\"https:\/\/czerwonawalizka.com\/index.php\/2016\/12\/18\/koniec-historii\/\" \/>\n<meta property=\"og:locale\" content=\"pl_PL\" \/>\n<meta property=\"og:type\" content=\"article\" \/>\n<meta property=\"og:title\" content=\"Koniec historii - Dziewczyna z czerwon\u0105 walizk\u0105\" \/>\n<meta property=\"og:description\" content=\"Dzi\u015b mia\u0142o by\u0107 o serialach i o tym, jak wspaniale jest m\u00f3c prze\u017cywa\u0107 przygody przed ekranem telewizora, ewentualnie komputera. Ale temat odk\u0142adam na p\u00f3\u017aniej. Sama nie wierz\u0119 w to, co widz\u0119, co czytam, co si\u0119 dzieje. Fukuyama w 89\u2019 roku powiedzia\u0142, \u017ce historia si\u0119 sko\u0144czy\u0142a, bo doszli\u015bmy do najdoskonalszego \u2013 nie doskona\u0142ego \u2013 ale i&hellip; Read More Koniec historii\" \/>\n<meta property=\"og:url\" content=\"https:\/\/czerwonawalizka.com\/index.php\/2016\/12\/18\/koniec-historii\/\" \/>\n<meta property=\"og:site_name\" content=\"Dziewczyna z czerwon\u0105 walizk\u0105\" \/>\n<meta property=\"article:published_time\" content=\"2016-12-18T11:41:36+00:00\" \/>\n<meta property=\"article:modified_time\" content=\"2018-09-25T13:55:31+00:00\" \/>\n<meta name=\"author\" content=\"usrob\" \/>\n<meta name=\"twitter:card\" content=\"summary_large_image\" \/>\n<meta name=\"twitter:label1\" content=\"Napisane przez\" \/>\n\t<meta name=\"twitter:data1\" content=\"usrob\" \/>\n\t<meta name=\"twitter:label2\" content=\"Szacowany czas czytania\" \/>\n\t<meta name=\"twitter:data2\" content=\"3 minuty\" \/>\n<script type=\"application\/ld+json\" class=\"yoast-schema-graph\">{\"@context\":\"https:\/\/schema.org\",\"@graph\":[{\"@type\":\"Article\",\"@id\":\"https:\/\/czerwonawalizka.com\/index.php\/2016\/12\/18\/koniec-historii\/#article\",\"isPartOf\":{\"@id\":\"https:\/\/czerwonawalizka.com\/index.php\/2016\/12\/18\/koniec-historii\/\"},\"author\":{\"name\":\"usrob\",\"@id\":\"https:\/\/czerwonawalizka.com\/#\/schema\/person\/88e2203c2602630f8d79976e06834b41\"},\"headline\":\"Koniec historii\",\"datePublished\":\"2016-12-18T11:41:36+00:00\",\"dateModified\":\"2018-09-25T13:55:31+00:00\",\"mainEntityOfPage\":{\"@id\":\"https:\/\/czerwonawalizka.com\/index.php\/2016\/12\/18\/koniec-historii\/\"},\"wordCount\":622,\"commentCount\":2,\"publisher\":{\"@id\":\"https:\/\/czerwonawalizka.com\/#\/schema\/person\/ca9ae0ae7fc0f714249aaa234df8f5cc\"},\"image\":{\"@id\":\"https:\/\/czerwonawalizka.com\/index.php\/2016\/12\/18\/koniec-historii\/#primaryimage\"},\"thumbnailUrl\":\"\",\"articleSection\":[\"Bez pami\u0119ci\",\"My\u015blodsiewnia\"],\"inLanguage\":\"pl-PL\",\"potentialAction\":[{\"@type\":\"CommentAction\",\"name\":\"Comment\",\"target\":[\"https:\/\/czerwonawalizka.com\/index.php\/2016\/12\/18\/koniec-historii\/#respond\"]}]},{\"@type\":\"WebPage\",\"@id\":\"https:\/\/czerwonawalizka.com\/index.php\/2016\/12\/18\/koniec-historii\/\",\"url\":\"https:\/\/czerwonawalizka.com\/index.php\/2016\/12\/18\/koniec-historii\/\",\"name\":\"Koniec historii - Dziewczyna z czerwon\u0105 walizk\u0105\",\"isPartOf\":{\"@id\":\"https:\/\/czerwonawalizka.com\/#website\"},\"primaryImageOfPage\":{\"@id\":\"https:\/\/czerwonawalizka.com\/index.php\/2016\/12\/18\/koniec-historii\/#primaryimage\"},\"image\":{\"@id\":\"https:\/\/czerwonawalizka.com\/index.php\/2016\/12\/18\/koniec-historii\/#primaryimage\"},\"thumbnailUrl\":\"\",\"datePublished\":\"2016-12-18T11:41:36+00:00\",\"dateModified\":\"2018-09-25T13:55:31+00:00\",\"breadcrumb\":{\"@id\":\"https:\/\/czerwonawalizka.com\/index.php\/2016\/12\/18\/koniec-historii\/#breadcrumb\"},\"inLanguage\":\"pl-PL\",\"potentialAction\":[{\"@type\":\"ReadAction\",\"target\":[\"https:\/\/czerwonawalizka.com\/index.php\/2016\/12\/18\/koniec-historii\/\"]}]},{\"@type\":\"ImageObject\",\"inLanguage\":\"pl-PL\",\"@id\":\"https:\/\/czerwonawalizka.com\/index.php\/2016\/12\/18\/koniec-historii\/#primaryimage\",\"url\":\"\",\"contentUrl\":\"\"},{\"@type\":\"BreadcrumbList\",\"@id\":\"https:\/\/czerwonawalizka.com\/index.php\/2016\/12\/18\/koniec-historii\/#breadcrumb\",\"itemListElement\":[{\"@type\":\"ListItem\",\"position\":1,\"name\":\"Home\",\"item\":\"https:\/\/czerwonawalizka.com\/\"},{\"@type\":\"ListItem\",\"position\":2,\"name\":\"Koniec historii\"}]},{\"@type\":\"WebSite\",\"@id\":\"https:\/\/czerwonawalizka.com\/#website\",\"url\":\"https:\/\/czerwonawalizka.com\/\",\"name\":\"Dziewczyna z czerwon\u0105 walizk\u0105\",\"description\":\"Blog patchworkowy\",\"publisher\":{\"@id\":\"https:\/\/czerwonawalizka.com\/#\/schema\/person\/ca9ae0ae7fc0f714249aaa234df8f5cc\"},\"potentialAction\":[{\"@type\":\"SearchAction\",\"target\":{\"@type\":\"EntryPoint\",\"urlTemplate\":\"https:\/\/czerwonawalizka.com\/?s={search_term_string}\"},\"query-input\":{\"@type\":\"PropertyValueSpecification\",\"valueRequired\":true,\"valueName\":\"search_term_string\"}}],\"inLanguage\":\"pl-PL\"},{\"@type\":[\"Person\",\"Organization\"],\"@id\":\"https:\/\/czerwonawalizka.com\/#\/schema\/person\/ca9ae0ae7fc0f714249aaa234df8f5cc\",\"name\":\"Marta\",\"image\":{\"@type\":\"ImageObject\",\"inLanguage\":\"pl-PL\",\"@id\":\"https:\/\/czerwonawalizka.com\/#\/schema\/person\/image\/\",\"url\":\"https:\/\/czerwonawalizka.com\/wp-content\/uploads\/2017\/06\/cropped-logo6-1.png\",\"contentUrl\":\"https:\/\/czerwonawalizka.com\/wp-content\/uploads\/2017\/06\/cropped-logo6-1.png\",\"width\":1108,\"height\":480,\"caption\":\"Marta\"},\"logo\":{\"@id\":\"https:\/\/czerwonawalizka.com\/#\/schema\/person\/image\/\"},\"sameAs\":[\"http:\/\/www.czerwonawalizka.com\"]},{\"@type\":\"Person\",\"@id\":\"https:\/\/czerwonawalizka.com\/#\/schema\/person\/88e2203c2602630f8d79976e06834b41\",\"name\":\"usrob\",\"image\":{\"@type\":\"ImageObject\",\"inLanguage\":\"pl-PL\",\"@id\":\"https:\/\/czerwonawalizka.com\/#\/schema\/person\/image\/\",\"url\":\"https:\/\/secure.gravatar.com\/avatar\/181694b20bb44625a3d898692d4efa04fc9da2d80db042c214af3c5ec9cf1c75?s=96&d=mm&r=g\",\"contentUrl\":\"https:\/\/secure.gravatar.com\/avatar\/181694b20bb44625a3d898692d4efa04fc9da2d80db042c214af3c5ec9cf1c75?s=96&d=mm&r=g\",\"caption\":\"usrob\"},\"url\":\"https:\/\/czerwonawalizka.com\/index.php\/author\/usrob\/\"}]}<\/script>\n<!-- \/ Yoast SEO plugin. -->","yoast_head_json":{"title":"Koniec historii - Dziewczyna z czerwon\u0105 walizk\u0105","robots":{"index":"index","follow":"follow","max-snippet":"max-snippet:-1","max-image-preview":"max-image-preview:large","max-video-preview":"max-video-preview:-1"},"canonical":"https:\/\/czerwonawalizka.com\/index.php\/2016\/12\/18\/koniec-historii\/","og_locale":"pl_PL","og_type":"article","og_title":"Koniec historii - Dziewczyna z czerwon\u0105 walizk\u0105","og_description":"Dzi\u015b mia\u0142o by\u0107 o serialach i o tym, jak wspaniale jest m\u00f3c prze\u017cywa\u0107 przygody przed ekranem telewizora, ewentualnie komputera. Ale temat odk\u0142adam na p\u00f3\u017aniej. Sama nie wierz\u0119 w to, co widz\u0119, co czytam, co si\u0119 dzieje. Fukuyama w 89\u2019 roku powiedzia\u0142, \u017ce historia si\u0119 sko\u0144czy\u0142a, bo doszli\u015bmy do najdoskonalszego \u2013 nie doskona\u0142ego \u2013 ale i&hellip; Read More Koniec historii","og_url":"https:\/\/czerwonawalizka.com\/index.php\/2016\/12\/18\/koniec-historii\/","og_site_name":"Dziewczyna z czerwon\u0105 walizk\u0105","article_published_time":"2016-12-18T11:41:36+00:00","article_modified_time":"2018-09-25T13:55:31+00:00","author":"usrob","twitter_card":"summary_large_image","twitter_misc":{"Napisane przez":"usrob","Szacowany czas czytania":"3 minuty"},"schema":{"@context":"https:\/\/schema.org","@graph":[{"@type":"Article","@id":"https:\/\/czerwonawalizka.com\/index.php\/2016\/12\/18\/koniec-historii\/#article","isPartOf":{"@id":"https:\/\/czerwonawalizka.com\/index.php\/2016\/12\/18\/koniec-historii\/"},"author":{"name":"usrob","@id":"https:\/\/czerwonawalizka.com\/#\/schema\/person\/88e2203c2602630f8d79976e06834b41"},"headline":"Koniec historii","datePublished":"2016-12-18T11:41:36+00:00","dateModified":"2018-09-25T13:55:31+00:00","mainEntityOfPage":{"@id":"https:\/\/czerwonawalizka.com\/index.php\/2016\/12\/18\/koniec-historii\/"},"wordCount":622,"commentCount":2,"publisher":{"@id":"https:\/\/czerwonawalizka.com\/#\/schema\/person\/ca9ae0ae7fc0f714249aaa234df8f5cc"},"image":{"@id":"https:\/\/czerwonawalizka.com\/index.php\/2016\/12\/18\/koniec-historii\/#primaryimage"},"thumbnailUrl":"","articleSection":["Bez pami\u0119ci","My\u015blodsiewnia"],"inLanguage":"pl-PL","potentialAction":[{"@type":"CommentAction","name":"Comment","target":["https:\/\/czerwonawalizka.com\/index.php\/2016\/12\/18\/koniec-historii\/#respond"]}]},{"@type":"WebPage","@id":"https:\/\/czerwonawalizka.com\/index.php\/2016\/12\/18\/koniec-historii\/","url":"https:\/\/czerwonawalizka.com\/index.php\/2016\/12\/18\/koniec-historii\/","name":"Koniec historii - Dziewczyna z czerwon\u0105 walizk\u0105","isPartOf":{"@id":"https:\/\/czerwonawalizka.com\/#website"},"primaryImageOfPage":{"@id":"https:\/\/czerwonawalizka.com\/index.php\/2016\/12\/18\/koniec-historii\/#primaryimage"},"image":{"@id":"https:\/\/czerwonawalizka.com\/index.php\/2016\/12\/18\/koniec-historii\/#primaryimage"},"thumbnailUrl":"","datePublished":"2016-12-18T11:41:36+00:00","dateModified":"2018-09-25T13:55:31+00:00","breadcrumb":{"@id":"https:\/\/czerwonawalizka.com\/index.php\/2016\/12\/18\/koniec-historii\/#breadcrumb"},"inLanguage":"pl-PL","potentialAction":[{"@type":"ReadAction","target":["https:\/\/czerwonawalizka.com\/index.php\/2016\/12\/18\/koniec-historii\/"]}]},{"@type":"ImageObject","inLanguage":"pl-PL","@id":"https:\/\/czerwonawalizka.com\/index.php\/2016\/12\/18\/koniec-historii\/#primaryimage","url":"","contentUrl":""},{"@type":"BreadcrumbList","@id":"https:\/\/czerwonawalizka.com\/index.php\/2016\/12\/18\/koniec-historii\/#breadcrumb","itemListElement":[{"@type":"ListItem","position":1,"name":"Home","item":"https:\/\/czerwonawalizka.com\/"},{"@type":"ListItem","position":2,"name":"Koniec historii"}]},{"@type":"WebSite","@id":"https:\/\/czerwonawalizka.com\/#website","url":"https:\/\/czerwonawalizka.com\/","name":"Dziewczyna z czerwon\u0105 walizk\u0105","description":"Blog patchworkowy","publisher":{"@id":"https:\/\/czerwonawalizka.com\/#\/schema\/person\/ca9ae0ae7fc0f714249aaa234df8f5cc"},"potentialAction":[{"@type":"SearchAction","target":{"@type":"EntryPoint","urlTemplate":"https:\/\/czerwonawalizka.com\/?s={search_term_string}"},"query-input":{"@type":"PropertyValueSpecification","valueRequired":true,"valueName":"search_term_string"}}],"inLanguage":"pl-PL"},{"@type":["Person","Organization"],"@id":"https:\/\/czerwonawalizka.com\/#\/schema\/person\/ca9ae0ae7fc0f714249aaa234df8f5cc","name":"Marta","image":{"@type":"ImageObject","inLanguage":"pl-PL","@id":"https:\/\/czerwonawalizka.com\/#\/schema\/person\/image\/","url":"https:\/\/czerwonawalizka.com\/wp-content\/uploads\/2017\/06\/cropped-logo6-1.png","contentUrl":"https:\/\/czerwonawalizka.com\/wp-content\/uploads\/2017\/06\/cropped-logo6-1.png","width":1108,"height":480,"caption":"Marta"},"logo":{"@id":"https:\/\/czerwonawalizka.com\/#\/schema\/person\/image\/"},"sameAs":["http:\/\/www.czerwonawalizka.com"]},{"@type":"Person","@id":"https:\/\/czerwonawalizka.com\/#\/schema\/person\/88e2203c2602630f8d79976e06834b41","name":"usrob","image":{"@type":"ImageObject","inLanguage":"pl-PL","@id":"https:\/\/czerwonawalizka.com\/#\/schema\/person\/image\/","url":"https:\/\/secure.gravatar.com\/avatar\/181694b20bb44625a3d898692d4efa04fc9da2d80db042c214af3c5ec9cf1c75?s=96&d=mm&r=g","contentUrl":"https:\/\/secure.gravatar.com\/avatar\/181694b20bb44625a3d898692d4efa04fc9da2d80db042c214af3c5ec9cf1c75?s=96&d=mm&r=g","caption":"usrob"},"url":"https:\/\/czerwonawalizka.com\/index.php\/author\/usrob\/"}]}},"jetpack_publicize_connections":[],"jetpack_featured_media_url":"","jetpack_sharing_enabled":true,"jetpack_shortlink":"https:\/\/wp.me\/p8RvtB-dq","jetpack_likes_enabled":false,"_links":{"self":[{"href":"https:\/\/czerwonawalizka.com\/index.php\/wp-json\/wp\/v2\/posts\/832","targetHints":{"allow":["GET"]}}],"collection":[{"href":"https:\/\/czerwonawalizka.com\/index.php\/wp-json\/wp\/v2\/posts"}],"about":[{"href":"https:\/\/czerwonawalizka.com\/index.php\/wp-json\/wp\/v2\/types\/post"}],"author":[{"embeddable":true,"href":"https:\/\/czerwonawalizka.com\/index.php\/wp-json\/wp\/v2\/users\/1"}],"replies":[{"embeddable":true,"href":"https:\/\/czerwonawalizka.com\/index.php\/wp-json\/wp\/v2\/comments?post=832"}],"version-history":[{"count":1,"href":"https:\/\/czerwonawalizka.com\/index.php\/wp-json\/wp\/v2\/posts\/832\/revisions"}],"predecessor-version":[{"id":2498,"href":"https:\/\/czerwonawalizka.com\/index.php\/wp-json\/wp\/v2\/posts\/832\/revisions\/2498"}],"wp:featuredmedia":[{"embeddable":true,"href":"https:\/\/czerwonawalizka.com\/index.php\/wp-json\/"}],"wp:attachment":[{"href":"https:\/\/czerwonawalizka.com\/index.php\/wp-json\/wp\/v2\/media?parent=832"}],"wp:term":[{"taxonomy":"category","embeddable":true,"href":"https:\/\/czerwonawalizka.com\/index.php\/wp-json\/wp\/v2\/categories?post=832"},{"taxonomy":"post_tag","embeddable":true,"href":"https:\/\/czerwonawalizka.com\/index.php\/wp-json\/wp\/v2\/tags?post=832"}],"curies":[{"name":"wp","href":"https:\/\/api.w.org\/{rel}","templated":true}]}}