{"id":60,"date":"2015-09-11T00:33:31","date_gmt":"2015-09-10T22:33:31","guid":{"rendered":"https:\/\/walizkaczerwona.wordpress.com\/?p=60"},"modified":"2018-09-25T16:11:01","modified_gmt":"2018-09-25T14:11:01","slug":"lingwistyka-wojny","status":"publish","type":"post","link":"https:\/\/czerwonawalizka.com\/index.php\/2015\/09\/11\/lingwistyka-wojny\/","title":{"rendered":"Lingwistyka wojny, czyli dlaczego j\u0119zyk jest tak wa\u017cny"},"content":{"rendered":"<p style=\"text-align: left;\">Dzi\u015b troch\u0119 o tym, co lubi\u0119 najbardziej, a wi\u0119c ciche wynurzenia przy herbacie na styku lingwistyki, socjologii i polityki.<\/p>\n<p style=\"text-align: left;\"><em>J\u0119zyk.<\/em><\/p>\n<p style=\"text-align: left;\">Wymawiam to s\u0142owo i <em>wsmakowuj\u0119<\/em> si\u0119 w nie z rozkosz\u0105. Towarzyszy nam na co dzie\u0144, tworzy t\u0142o wydarze\u0144 tych najdonio\u015blejszych i tych najcichszych. Cz\u0119sto niezauwa\u017cany, cz\u0119sto niedoceniany, tak naprawd\u0119 odgrywa niebagateln\u0105 rol\u0119 w tworzeniu to\u017csamo\u015bci cz\u0142owieka, rodziny, narodu.<\/p>\n<p style=\"text-align: left;\">Jest niczym najlepszy szpieg; najlepszy p\u0142aszcz, okrywaj\u0105cy nasz\u0105 to\u017csamo\u015b\u0107; nasza druga sk\u00f3ra, kt\u00f3ra z czasem w nas wrasta i staje si\u0119 drug\u0105 natur\u0105.<\/p>\n<p style=\"text-align: left;\">I cho\u0107 ju\u017c wieki temu zdawano sobie spraw\u0119 z roli, jak\u0105 odgrywa \/lub mo\u017ce odgrywa\u0107\/, dzi\u015b pozostaje troch\u0119 w cieniu; by\u0107 mo\u017ce przyzwyczaili\u015bmy si\u0119 do jego obecno\u015bci i nie zdajemy sobie sprawy, \u017ce nie zawsze tak musia\u0142o by\u0107.<\/p>\n<h2>Zagro\u017cone j\u0119zyki<\/h2>\n<p style=\"text-align: left;\">Na \u015bwiecie wg r\u00f3\u017cnych bada\u0144 istnieje ok. 6 tysi\u0119cy j\u0119zyk\u00f3w; z tego prawie 2,5 tysi\u0105ca jest zagro\u017conych. Co w\u0142a\u015bciwie znaczy, \u017ce j\u0119zyk jest zagro\u017cony?<\/p>\n<p style=\"text-align: left;\">Zamknijcie oczy. Cofacie si\u0119 w czasie. Jest lato, s\u0142o\u0144ce \u015bwieci w zenicie, a upa\u0142 jest tak niezno\u015bny, \u017ce jedyne, co w Waszej rozpalonej g\u0142owie jeszcze si\u0119 ko\u0142acze, to nadzieja na k\u0105piel w pobliskim jeziorze. Lecicie wi\u0119c do Babci i z j\u0119kiem godnym pot\u0119pie\u0144ca prosicie, by si\u0119 z Wami nad t\u0119 okoliczn\u0105 sadzawk\u0119 wybra\u0142a. Babcia jest jednak zaj\u0119ta: <em>A id\u017a mi ty, pierogi lepi\u0119, nie lataj w k\u00f3\u0142ko, tylko siadaj i mi pom\u00f3\u017c!<\/em><\/p>\n<p style=\"text-align: left;\">Siadacie wi\u0119c, zrozpaczeni, \u017ce omin\u0105 Was wszystkie harce z dzieciarni\u0105 z s\u0105siedztwa i z wielk\u0105 niech\u0119ci\u0105 zabieracie si\u0119 do pracy: jeden, drugi, trzeci ko\u015blawy pier\u00f3g wychodzi spod Waszych palc\u00f3w. A Babcia, widz\u0105c okraszon\u0105 z\u0142o\u015bci\u0105 twarzyczk\u0119 wnuka\/wnuczki, otwiera usta i rozpoczyna opowie\u015b\u0107: <em>A wiesz, kiedy ja by\u0142am w twoim wieku\u2026<\/em><\/p>\n<p style=\"text-align: left;\">Ca\u0142a m\u0105dro\u015b\u0107 ludzko\u015bci jeszcze do niedawna mie\u015bci\u0142a si\u0119 w\u0142a\u015bnie w tych s\u0142owach, kt\u00f3re rozpoczyna\u0142y snucie d\u0142ugich opowie\u015bci, wspomnie\u0144 i do\u015bwiadcze\u0144.<\/p>\n<h2>M\u0105dro\u015b\u0107 ludzko\u015bci<\/h2>\n<p style=\"text-align: left;\">Nie by\u0142o ksi\u0105\u017cek &#8211; a je\u015bli by\u0142y, to drogie, a przecie\u017c i tak ma\u0142o kto umia\u0142 czyta\u0107 i pisa\u0107. Dorobek dziesi\u0105tek pokole\u0144 przekazywa\u0142y sobie generacje ustnie; a s\u0142owo starszyzny cz\u0119sto mia\u0142o \u015bwi\u0119to\u015b\u0107 wi\u0119ksz\u0105 od Papie\u017ca.<\/p>\n<p style=\"text-align: left;\">Ca\u0142a kultura &#8211; ca\u0142a to\u017csamo\u015b\u0107 &#8211; przekazywana cichym, spokojnym g\u0142osem przy rodzinnym lepieniu pierog\u00f3w; podczas niedzielnych \u015bpiew\u00f3w, w wierszach recytowanych z zapartym tchem.<\/p>\n<p style=\"text-align: left;\">I wszystko to przepada wraz z ostatnim u\u017cytkownikiem j\u0119zyka, niezapisane, zapomniane.<\/p>\n<p style=\"text-align: left;\">Potem jednak dla niekt\u00f3rych nasta\u0142y ksi\u0105\u017cki i s\u0142owniki, a ludzie zrozumieli, \u017ce j\u0119zyk jest pot\u0119\u017cnym narz\u0119dziem politycznym &#8211; buduje, \u0142\u0105czy, a nawet &#8211; dzieli. S\u0142u\u017cy do rozpoznawania <em>swoich<\/em>, ju\u017c nie tylko do komunikacji.<\/p>\n<h2>J\u0119zyk przesz\u0142o\u015bci<\/h2>\n<p style=\"text-align: left;\">Dlaczego niekt\u00f3re j\u0119zyki znikaj\u0105? Dlaczego inne trwaj\u0105? Sk\u0105d bierze si\u0119 ich si\u0142a?<\/p>\n<p style=\"text-align: left;\">Dlaczego niekt\u00f3re pozostaj\u0105 w oficjalnych rejestrach tylko dialektami lub gwarami?<\/p>\n<p style=\"text-align: left;\">Status j\u0119zyka niesie jego niewyobra\u017caln\u0105 si\u0142\u0119 budowania, a ma na to olbrzymi wp\u0142yw si\u0142a militarna, koniunktura i wybrane interesy wybranych grup spo\u0142ecznych lub narodowo\u015bciowych. Przyk\u0142ady?<\/p>\n<p style=\"text-align: left;\">Dlaczego w szko\u0142ach nie uczymy si\u0119 o j\u0119zykach \u015bl\u0105skim i kaszubskim? \u00a0Dlaczego uparcie wmawia nam si\u0119, \u017ce s\u0105 to dialekty i odmiany polszczyzny?<\/p>\n<p style=\"text-align: left;\">Dlaczego w pewnym momencie naszej historii u\u017cywanie gwary sta\u0142o si\u0119 <em>pass\u00e9 <\/em>i wybitnie nie na miejscu, a wr\u0119cz oznak\u0105 pewnego rodzaju degeneracji?<\/p>\n<p style=\"text-align: left;\">Pokolenie mojej prababci m\u00f3wi i m\u00f3wi\u0142o nie po polsku, ale po <em>swojemu<\/em>, w wi\u0119kszo\u015bci u\u017cywaj\u0105c czego\u015b, co dzi\u015b znamy z opowie\u015bci jako gwar\u0119 i co w szcz\u0105tkowym stopniu przetrwa\u0142o w dzisiejszych dialektach. Pokolenie mojej babci wci\u0105\u017c zna\u0142o i biegle u\u017cywa\u0142o w pewnych sytuacjach (w wi\u0119kszo\u015bci domowych) gwary, ale dzi\u0119ki szeroko zakrojonej edukacji w sytuacjach oficjalnych i s\u0142u\u017cbowych pos\u0142ugiwa\u0142o si\u0119 standardow\u0105 polszczyzn\u0105, od czasu do czasu okraszaj\u0105c j\u0105 lokalnym dodatkiem. Pokolenie moich rodzic\u00f3w ju\u017c gwar\u0105 nie m\u00f3wi w og\u00f3le; znaj\u0105 i s\u0105 os\u0142uchani, ale m\u00f3wi\u0105 standardem. Moje pokolenie oficjalna polszczyzna prze\u017car\u0142a do cna; ma\u0142o tego, i ta cz\u0119\u015bciowo zast\u0119powana jest dziwnym polgliszem, czyli polskim, kt\u00f3ry \u0142apczywie niczym podr\u00f3\u017cnik na pustyni wod\u0119, \u0142apie anglicyzmy.<\/p>\n<h2 style=\"text-align: left;\">Dlaczego j\u0119zyk jest tak istotny?<\/h2>\n<p style=\"text-align: left;\">Relacja mi\u0119dzy nasz\u0105 natur\u0105 a j\u0119zykiem jest obustronna. J\u0119zyk &#8211; cho\u0107 wielu my\u015bli inaczej &#8211; nie pozostaje oboj\u0119tny na nasz przekaz. Niesie ze sob\u0105 setki lat do\u015bwiadcze\u0144 i miliony g\u0142os\u00f3w, kt\u00f3re m\u00f3wi\u0142y nim przed nami i to naprawd\u0119 s\u0142ycha\u0107.<\/p>\n<p style=\"text-align: left;\">Czy wiecie, \u017ce u\u017cytkownicy niekt\u00f3rych j\u0119zyk\u00f3w azjatyckich, kt\u00f3rzy nie posiadaj\u0105 wyra\u017anie odznaczonego czasu przysz\u0142ego, statystycznie du\u017co lepiej realizuj\u0105 plany? Prosty zabieg psychologiczny: nie powtarzaj\u0105 mantry <em>Zaczn\u0119 od poniedzia\u0142ku!, <\/em>ale m\u00f3wi\u0105 po prostu: <em>Zaczynam. <\/em>I wida\u0107 to na przyk\u0142ad w tym, ile statystycznie odk\u0142adaj\u0105 pieni\u0119dzy.<\/p>\n<p style=\"text-align: left;\">Czy wiecie, \u017ce Chi\u0144czycy maj\u0105 kilkana\u015bcie okre\u015ble\u0144 koloru niebieskiego, kt\u00f3rego inne nacje, a w\u0142a\u015bciwie nie-u\u017cytkownicy ich j\u0119zyka nie potrafi\u0105 nawet odr\u00f3\u017cni\u0107?<\/p>\n<p style=\"text-align: left;\">\u00a0J\u0119zyk, kszta\u0142towany przez do\u015bwiadczenia swoich u\u017cytkownik\u00f3w, niesie w sobie ich \u017cycie i histori\u0119, tworz\u0105c bogaty p\u0142aszcz kulturowy. Dlatego tak ci\u0119\u017cko czasem pozby\u0107 si\u0119 wra\u017cenia, \u017ce co\u015b po prostu po polsku nie brzmi &#8211; gdy na przyk\u0142ad opowiadamy o czym\u015b, co u nas nigdy nie mia\u0142o miejsca (s\u0142ynna <em>ministra <\/em>lub <em>premiera<\/em>). Kolejnym przyk\u0142adem jest chocia\u017cby s\u0142ynna i przez niekt\u00f3rych znienawidzona poprawno\u015b\u0107 polityczna, czyli zakaz m\u00f3wienia o <em>czarnuchach <\/em>czy w og\u00f3le wspominania, \u017ce kto\u015b ma inny kolor sk\u00f3ry.<\/p>\n<h2>Poprawno\u015b\u0107 polityczna, j\u0119zyk a import kultury<\/h2>\n<p style=\"text-align: left;\">Miesza si\u0119 tutaj kilka spraw: do\u015bwiadczenie niewolnictwa w USA, gdzie samo okre\u015blenie, \u017ce kto\u015b by\u0142 czarny stanowi\u0142o okre\u015blenie jego stanu (niewolnika\/p\u00f3\u0142cz\u0142owieka\/w\u0142asno\u015bci) i samo w sobie sta\u0142o si\u0119 obelg\u0105; imperializm kulturowy wsz\u0119dobylskiej amerykanizacji przeni\u00f3s\u0142 obra\u017aliwy charakter s\u0142owa <em>czarny, <\/em>jednak ju\u017c bez kulturowych, bardzo silnie negatywnych konotacji. I tak, dzisiejszy statystyczny Polak niezmiernie si\u0119 irytuje, gdy oficjalna narracja t\u0119pi go za u\u017cywanie s\u0142owa, kt\u00f3re <em>za choler\u0119<\/em> nie wydaje mu si\u0119 obra\u017aliwe. No bo co &#8211; czarny jest, nie? I co w\u0142a\u015bciwie z tego?\u2026<\/p>\n<p style=\"text-align: left;\">Co jeszcze Wam w polszczy\u017anie <em>nie brzmi?<\/em> I czy je\u015bli faktycznie nie brzmi &#8211; czy to ostateczny argument za tym, by danego s\u0142owa nie u\u017cywa\u0107?<\/p>\n<h2>Ministra a sprawa j\u0119zyka<\/h2>\n<p style=\"text-align: left;\">Co z ministr\u0105, co z premier\u0105? Co z lekark\u0105 albo przedszkolankiem?<\/p>\n<p style=\"text-align: left;\">Nie brzmi? A wiecie, \u017ce w mi\u0119dzywojniu \u017ce\u0144skie formy zawod\u00f3w by\u0142y powszechnie u\u017cywane?<\/p>\n<p style=\"text-align: left;\">Wiecie, \u017ce w czeskim i hiszpa\u0144skim wi\u0119kszo\u015b\u0107 zawod\u00f3w naprawd\u0119 ma, i to powszechnie u\u017cywane, \u017ce\u0144skie odmiany zawod\u00f3w i nikogo to nie dziwi?<\/p>\n<p style=\"text-align: left;\">J\u0119zyk ma bowiem funkcje performatywne &#8211; to znaczy, wp\u0142ywa na nasz spos\u00f3b my\u015blenia, czy tego chcemy czy nie, a tak\u017ce &#8211; czy jeste\u015bmy tego \u015bwiadomi, czy te\u017c nie.<\/p>\n<p style=\"text-align: left;\">Warto wi\u0119c to sobie w ko\u0144cu u\u015bwiadomi\u0107\u00a0 i wykorzysta\u0107. Bo cho\u0107 nas tworzy i okre\u015bla &#8211; to jednak s\u0142u\u017cy nam i to my jeste\u015bmy jego panami.<\/p>\n<p style=\"text-align: left;\">A zasady &#8211; nawet te j\u0119zykowe &#8211; s\u0105 przecie\u017c po to, by je \u0142ama\u0107!<\/p>\n<p style=\"text-align: left;\">Amen.<\/p>\n","protected":false},"excerpt":{"rendered":"<p>Dzi\u015b troch\u0119 o tym, co lubi\u0119 najbardziej, a wi\u0119c ciche wynurzenia przy herbacie na styku lingwistyki, socjologii i polityki. J\u0119zyk. Wymawiam to s\u0142owo i wsmakowuj\u0119 si\u0119 w nie z rozkosz\u0105. Towarzyszy nam na co dzie\u0144, tworzy t\u0142o wydarze\u0144 tych najdonio\u015blejszych i tych najcichszych. Cz\u0119sto niezauwa\u017cany, cz\u0119sto niedoceniany, tak naprawd\u0119 odgrywa niebagateln\u0105 rol\u0119 w tworzeniu to\u017csamo\u015bci&hellip; <a class=\"more-link\" href=\"https:\/\/czerwonawalizka.com\/index.php\/2015\/09\/11\/lingwistyka-wojny\/\">Read More <span class=\"screen-reader-text\">Lingwistyka wojny, czyli dlaczego j\u0119zyk jest tak wa\u017cny<\/span><\/a><\/p>\n","protected":false},"author":1,"featured_media":1422,"comment_status":"open","ping_status":"open","sticky":false,"template":"","format":"standard","meta":{"jetpack_post_was_ever_published":false,"_jetpack_newsletter_access":"","_jetpack_dont_email_post_to_subs":false,"_jetpack_newsletter_tier_id":0,"_jetpack_memberships_contains_paywalled_content":false,"_jetpack_memberships_contains_paid_content":false,"footnotes":"","jetpack_publicize_message":"","jetpack_publicize_feature_enabled":true,"jetpack_social_post_already_shared":false,"jetpack_social_options":{"image_generator_settings":{"template":"highway","default_image_id":0,"font":"","enabled":false},"version":2}},"categories":[2,7],"tags":[83,123],"class_list":["post-60","post","type-post","status-publish","format-standard","has-post-thumbnail","hentry","category-bez-pamieci","category-myslodsiewnia","tag-jezyk","tag-polskosc"],"yoast_head":"<!-- This site is optimized with the Yoast SEO plugin v27.0 - https:\/\/yoast.com\/product\/yoast-seo-wordpress\/ -->\n<title>Lingwistyka wojny, czyli dlaczego j\u0119zyk jest tak wa\u017cny - Dziewczyna z czerwon\u0105 walizk\u0105<\/title>\n<meta name=\"description\" content=\"Zastanawia\u0142@\u015b si\u0119 kiedy\u015b, co jest wa\u017cniejsze: to co m\u00f3wimy czy to jak m\u00f3wimy? O mutualnej relacji s\u0142owa i formy i o tym, dlaczego j\u0119zyk jest tak wa\u017cny.\" \/>\n<meta name=\"robots\" content=\"index, follow, max-snippet:-1, max-image-preview:large, max-video-preview:-1\" \/>\n<link rel=\"canonical\" href=\"https:\/\/czerwonawalizka.com\/index.php\/2015\/09\/11\/lingwistyka-wojny\/\" \/>\n<meta property=\"og:locale\" content=\"pl_PL\" \/>\n<meta property=\"og:type\" content=\"article\" \/>\n<meta property=\"og:title\" content=\"Lingwistyka wojny, czyli dlaczego j\u0119zyk jest tak wa\u017cny - Dziewczyna z czerwon\u0105 walizk\u0105\" \/>\n<meta property=\"og:description\" content=\"Zastanawia\u0142@\u015b si\u0119 kiedy\u015b, co jest wa\u017cniejsze: to co m\u00f3wimy czy to jak m\u00f3wimy? O mutualnej relacji s\u0142owa i formy i o tym, dlaczego j\u0119zyk jest tak wa\u017cny.\" \/>\n<meta property=\"og:url\" content=\"https:\/\/czerwonawalizka.com\/index.php\/2015\/09\/11\/lingwistyka-wojny\/\" \/>\n<meta property=\"og:site_name\" content=\"Dziewczyna z czerwon\u0105 walizk\u0105\" \/>\n<meta property=\"article:published_time\" content=\"2015-09-10T22:33:31+00:00\" \/>\n<meta property=\"article:modified_time\" content=\"2018-09-25T14:11:01+00:00\" \/>\n<meta property=\"og:image\" content=\"https:\/\/czerwonawalizka.com\/wp-content\/uploads\/2015\/09\/lingwistyka-wojny.png\" \/>\n\t<meta property=\"og:image:width\" content=\"1154\" \/>\n\t<meta property=\"og:image:height\" content=\"649\" \/>\n\t<meta property=\"og:image:type\" content=\"image\/png\" \/>\n<meta name=\"author\" content=\"usrob\" \/>\n<meta name=\"twitter:card\" content=\"summary_large_image\" \/>\n<meta name=\"twitter:label1\" content=\"Napisane przez\" \/>\n\t<meta name=\"twitter:data1\" content=\"usrob\" \/>\n\t<meta name=\"twitter:label2\" content=\"Szacowany czas czytania\" \/>\n\t<meta name=\"twitter:data2\" content=\"6 minut\" \/>\n<script type=\"application\/ld+json\" class=\"yoast-schema-graph\">{\"@context\":\"https:\/\/schema.org\",\"@graph\":[{\"@type\":\"Article\",\"@id\":\"https:\/\/czerwonawalizka.com\/index.php\/2015\/09\/11\/lingwistyka-wojny\/#article\",\"isPartOf\":{\"@id\":\"https:\/\/czerwonawalizka.com\/index.php\/2015\/09\/11\/lingwistyka-wojny\/\"},\"author\":{\"name\":\"usrob\",\"@id\":\"https:\/\/czerwonawalizka.com\/#\/schema\/person\/88e2203c2602630f8d79976e06834b41\"},\"headline\":\"Lingwistyka wojny, czyli dlaczego j\u0119zyk jest tak wa\u017cny\",\"datePublished\":\"2015-09-10T22:33:31+00:00\",\"dateModified\":\"2018-09-25T14:11:01+00:00\",\"mainEntityOfPage\":{\"@id\":\"https:\/\/czerwonawalizka.com\/index.php\/2015\/09\/11\/lingwistyka-wojny\/\"},\"wordCount\":1283,\"commentCount\":0,\"publisher\":{\"@id\":\"https:\/\/czerwonawalizka.com\/#\/schema\/person\/ca9ae0ae7fc0f714249aaa234df8f5cc\"},\"image\":{\"@id\":\"https:\/\/czerwonawalizka.com\/index.php\/2015\/09\/11\/lingwistyka-wojny\/#primaryimage\"},\"thumbnailUrl\":\"https:\/\/czerwonawalizka.com\/wp-content\/uploads\/2015\/09\/lingwistyka-wojny.png\",\"keywords\":[\"j\u0119zyk\",\"polsko\u015b\u0107\"],\"articleSection\":[\"Bez pami\u0119ci\",\"My\u015blodsiewnia\"],\"inLanguage\":\"pl-PL\",\"potentialAction\":[{\"@type\":\"CommentAction\",\"name\":\"Comment\",\"target\":[\"https:\/\/czerwonawalizka.com\/index.php\/2015\/09\/11\/lingwistyka-wojny\/#respond\"]}]},{\"@type\":\"WebPage\",\"@id\":\"https:\/\/czerwonawalizka.com\/index.php\/2015\/09\/11\/lingwistyka-wojny\/\",\"url\":\"https:\/\/czerwonawalizka.com\/index.php\/2015\/09\/11\/lingwistyka-wojny\/\",\"name\":\"Lingwistyka wojny, czyli dlaczego j\u0119zyk jest tak wa\u017cny - Dziewczyna z czerwon\u0105 walizk\u0105\",\"isPartOf\":{\"@id\":\"https:\/\/czerwonawalizka.com\/#website\"},\"primaryImageOfPage\":{\"@id\":\"https:\/\/czerwonawalizka.com\/index.php\/2015\/09\/11\/lingwistyka-wojny\/#primaryimage\"},\"image\":{\"@id\":\"https:\/\/czerwonawalizka.com\/index.php\/2015\/09\/11\/lingwistyka-wojny\/#primaryimage\"},\"thumbnailUrl\":\"https:\/\/czerwonawalizka.com\/wp-content\/uploads\/2015\/09\/lingwistyka-wojny.png\",\"datePublished\":\"2015-09-10T22:33:31+00:00\",\"dateModified\":\"2018-09-25T14:11:01+00:00\",\"description\":\"Zastanawia\u0142@\u015b si\u0119 kiedy\u015b, co jest wa\u017cniejsze: to co m\u00f3wimy czy to jak m\u00f3wimy? O mutualnej relacji s\u0142owa i formy i o tym, dlaczego j\u0119zyk jest tak wa\u017cny.\",\"breadcrumb\":{\"@id\":\"https:\/\/czerwonawalizka.com\/index.php\/2015\/09\/11\/lingwistyka-wojny\/#breadcrumb\"},\"inLanguage\":\"pl-PL\",\"potentialAction\":[{\"@type\":\"ReadAction\",\"target\":[\"https:\/\/czerwonawalizka.com\/index.php\/2015\/09\/11\/lingwistyka-wojny\/\"]}]},{\"@type\":\"ImageObject\",\"inLanguage\":\"pl-PL\",\"@id\":\"https:\/\/czerwonawalizka.com\/index.php\/2015\/09\/11\/lingwistyka-wojny\/#primaryimage\",\"url\":\"https:\/\/czerwonawalizka.com\/wp-content\/uploads\/2015\/09\/lingwistyka-wojny.png\",\"contentUrl\":\"https:\/\/czerwonawalizka.com\/wp-content\/uploads\/2015\/09\/lingwistyka-wojny.png\",\"width\":1154,\"height\":649},{\"@type\":\"BreadcrumbList\",\"@id\":\"https:\/\/czerwonawalizka.com\/index.php\/2015\/09\/11\/lingwistyka-wojny\/#breadcrumb\",\"itemListElement\":[{\"@type\":\"ListItem\",\"position\":1,\"name\":\"Home\",\"item\":\"https:\/\/czerwonawalizka.com\/\"},{\"@type\":\"ListItem\",\"position\":2,\"name\":\"Lingwistyka wojny, czyli dlaczego j\u0119zyk jest tak wa\u017cny\"}]},{\"@type\":\"WebSite\",\"@id\":\"https:\/\/czerwonawalizka.com\/#website\",\"url\":\"https:\/\/czerwonawalizka.com\/\",\"name\":\"Dziewczyna z czerwon\u0105 walizk\u0105\",\"description\":\"Blog patchworkowy\",\"publisher\":{\"@id\":\"https:\/\/czerwonawalizka.com\/#\/schema\/person\/ca9ae0ae7fc0f714249aaa234df8f5cc\"},\"potentialAction\":[{\"@type\":\"SearchAction\",\"target\":{\"@type\":\"EntryPoint\",\"urlTemplate\":\"https:\/\/czerwonawalizka.com\/?s={search_term_string}\"},\"query-input\":{\"@type\":\"PropertyValueSpecification\",\"valueRequired\":true,\"valueName\":\"search_term_string\"}}],\"inLanguage\":\"pl-PL\"},{\"@type\":[\"Person\",\"Organization\"],\"@id\":\"https:\/\/czerwonawalizka.com\/#\/schema\/person\/ca9ae0ae7fc0f714249aaa234df8f5cc\",\"name\":\"Marta\",\"image\":{\"@type\":\"ImageObject\",\"inLanguage\":\"pl-PL\",\"@id\":\"https:\/\/czerwonawalizka.com\/#\/schema\/person\/image\/\",\"url\":\"https:\/\/czerwonawalizka.com\/wp-content\/uploads\/2017\/06\/cropped-logo6-1.png\",\"contentUrl\":\"https:\/\/czerwonawalizka.com\/wp-content\/uploads\/2017\/06\/cropped-logo6-1.png\",\"width\":1108,\"height\":480,\"caption\":\"Marta\"},\"logo\":{\"@id\":\"https:\/\/czerwonawalizka.com\/#\/schema\/person\/image\/\"},\"sameAs\":[\"http:\/\/www.czerwonawalizka.com\"]},{\"@type\":\"Person\",\"@id\":\"https:\/\/czerwonawalizka.com\/#\/schema\/person\/88e2203c2602630f8d79976e06834b41\",\"name\":\"usrob\",\"image\":{\"@type\":\"ImageObject\",\"inLanguage\":\"pl-PL\",\"@id\":\"https:\/\/czerwonawalizka.com\/#\/schema\/person\/image\/\",\"url\":\"https:\/\/secure.gravatar.com\/avatar\/181694b20bb44625a3d898692d4efa04fc9da2d80db042c214af3c5ec9cf1c75?s=96&d=mm&r=g\",\"contentUrl\":\"https:\/\/secure.gravatar.com\/avatar\/181694b20bb44625a3d898692d4efa04fc9da2d80db042c214af3c5ec9cf1c75?s=96&d=mm&r=g\",\"caption\":\"usrob\"},\"url\":\"https:\/\/czerwonawalizka.com\/index.php\/author\/usrob\/\"}]}<\/script>\n<!-- \/ Yoast SEO plugin. -->","yoast_head_json":{"title":"Lingwistyka wojny, czyli dlaczego j\u0119zyk jest tak wa\u017cny - Dziewczyna z czerwon\u0105 walizk\u0105","description":"Zastanawia\u0142@\u015b si\u0119 kiedy\u015b, co jest wa\u017cniejsze: to co m\u00f3wimy czy to jak m\u00f3wimy? O mutualnej relacji s\u0142owa i formy i o tym, dlaczego j\u0119zyk jest tak wa\u017cny.","robots":{"index":"index","follow":"follow","max-snippet":"max-snippet:-1","max-image-preview":"max-image-preview:large","max-video-preview":"max-video-preview:-1"},"canonical":"https:\/\/czerwonawalizka.com\/index.php\/2015\/09\/11\/lingwistyka-wojny\/","og_locale":"pl_PL","og_type":"article","og_title":"Lingwistyka wojny, czyli dlaczego j\u0119zyk jest tak wa\u017cny - Dziewczyna z czerwon\u0105 walizk\u0105","og_description":"Zastanawia\u0142@\u015b si\u0119 kiedy\u015b, co jest wa\u017cniejsze: to co m\u00f3wimy czy to jak m\u00f3wimy? O mutualnej relacji s\u0142owa i formy i o tym, dlaczego j\u0119zyk jest tak wa\u017cny.","og_url":"https:\/\/czerwonawalizka.com\/index.php\/2015\/09\/11\/lingwistyka-wojny\/","og_site_name":"Dziewczyna z czerwon\u0105 walizk\u0105","article_published_time":"2015-09-10T22:33:31+00:00","article_modified_time":"2018-09-25T14:11:01+00:00","og_image":[{"width":1154,"height":649,"url":"https:\/\/czerwonawalizka.com\/wp-content\/uploads\/2015\/09\/lingwistyka-wojny.png","type":"image\/png"}],"author":"usrob","twitter_card":"summary_large_image","twitter_misc":{"Napisane przez":"usrob","Szacowany czas czytania":"6 minut"},"schema":{"@context":"https:\/\/schema.org","@graph":[{"@type":"Article","@id":"https:\/\/czerwonawalizka.com\/index.php\/2015\/09\/11\/lingwistyka-wojny\/#article","isPartOf":{"@id":"https:\/\/czerwonawalizka.com\/index.php\/2015\/09\/11\/lingwistyka-wojny\/"},"author":{"name":"usrob","@id":"https:\/\/czerwonawalizka.com\/#\/schema\/person\/88e2203c2602630f8d79976e06834b41"},"headline":"Lingwistyka wojny, czyli dlaczego j\u0119zyk jest tak wa\u017cny","datePublished":"2015-09-10T22:33:31+00:00","dateModified":"2018-09-25T14:11:01+00:00","mainEntityOfPage":{"@id":"https:\/\/czerwonawalizka.com\/index.php\/2015\/09\/11\/lingwistyka-wojny\/"},"wordCount":1283,"commentCount":0,"publisher":{"@id":"https:\/\/czerwonawalizka.com\/#\/schema\/person\/ca9ae0ae7fc0f714249aaa234df8f5cc"},"image":{"@id":"https:\/\/czerwonawalizka.com\/index.php\/2015\/09\/11\/lingwistyka-wojny\/#primaryimage"},"thumbnailUrl":"https:\/\/czerwonawalizka.com\/wp-content\/uploads\/2015\/09\/lingwistyka-wojny.png","keywords":["j\u0119zyk","polsko\u015b\u0107"],"articleSection":["Bez pami\u0119ci","My\u015blodsiewnia"],"inLanguage":"pl-PL","potentialAction":[{"@type":"CommentAction","name":"Comment","target":["https:\/\/czerwonawalizka.com\/index.php\/2015\/09\/11\/lingwistyka-wojny\/#respond"]}]},{"@type":"WebPage","@id":"https:\/\/czerwonawalizka.com\/index.php\/2015\/09\/11\/lingwistyka-wojny\/","url":"https:\/\/czerwonawalizka.com\/index.php\/2015\/09\/11\/lingwistyka-wojny\/","name":"Lingwistyka wojny, czyli dlaczego j\u0119zyk jest tak wa\u017cny - Dziewczyna z czerwon\u0105 walizk\u0105","isPartOf":{"@id":"https:\/\/czerwonawalizka.com\/#website"},"primaryImageOfPage":{"@id":"https:\/\/czerwonawalizka.com\/index.php\/2015\/09\/11\/lingwistyka-wojny\/#primaryimage"},"image":{"@id":"https:\/\/czerwonawalizka.com\/index.php\/2015\/09\/11\/lingwistyka-wojny\/#primaryimage"},"thumbnailUrl":"https:\/\/czerwonawalizka.com\/wp-content\/uploads\/2015\/09\/lingwistyka-wojny.png","datePublished":"2015-09-10T22:33:31+00:00","dateModified":"2018-09-25T14:11:01+00:00","description":"Zastanawia\u0142@\u015b si\u0119 kiedy\u015b, co jest wa\u017cniejsze: to co m\u00f3wimy czy to jak m\u00f3wimy? O mutualnej relacji s\u0142owa i formy i o tym, dlaczego j\u0119zyk jest tak wa\u017cny.","breadcrumb":{"@id":"https:\/\/czerwonawalizka.com\/index.php\/2015\/09\/11\/lingwistyka-wojny\/#breadcrumb"},"inLanguage":"pl-PL","potentialAction":[{"@type":"ReadAction","target":["https:\/\/czerwonawalizka.com\/index.php\/2015\/09\/11\/lingwistyka-wojny\/"]}]},{"@type":"ImageObject","inLanguage":"pl-PL","@id":"https:\/\/czerwonawalizka.com\/index.php\/2015\/09\/11\/lingwistyka-wojny\/#primaryimage","url":"https:\/\/czerwonawalizka.com\/wp-content\/uploads\/2015\/09\/lingwistyka-wojny.png","contentUrl":"https:\/\/czerwonawalizka.com\/wp-content\/uploads\/2015\/09\/lingwistyka-wojny.png","width":1154,"height":649},{"@type":"BreadcrumbList","@id":"https:\/\/czerwonawalizka.com\/index.php\/2015\/09\/11\/lingwistyka-wojny\/#breadcrumb","itemListElement":[{"@type":"ListItem","position":1,"name":"Home","item":"https:\/\/czerwonawalizka.com\/"},{"@type":"ListItem","position":2,"name":"Lingwistyka wojny, czyli dlaczego j\u0119zyk jest tak wa\u017cny"}]},{"@type":"WebSite","@id":"https:\/\/czerwonawalizka.com\/#website","url":"https:\/\/czerwonawalizka.com\/","name":"Dziewczyna z czerwon\u0105 walizk\u0105","description":"Blog patchworkowy","publisher":{"@id":"https:\/\/czerwonawalizka.com\/#\/schema\/person\/ca9ae0ae7fc0f714249aaa234df8f5cc"},"potentialAction":[{"@type":"SearchAction","target":{"@type":"EntryPoint","urlTemplate":"https:\/\/czerwonawalizka.com\/?s={search_term_string}"},"query-input":{"@type":"PropertyValueSpecification","valueRequired":true,"valueName":"search_term_string"}}],"inLanguage":"pl-PL"},{"@type":["Person","Organization"],"@id":"https:\/\/czerwonawalizka.com\/#\/schema\/person\/ca9ae0ae7fc0f714249aaa234df8f5cc","name":"Marta","image":{"@type":"ImageObject","inLanguage":"pl-PL","@id":"https:\/\/czerwonawalizka.com\/#\/schema\/person\/image\/","url":"https:\/\/czerwonawalizka.com\/wp-content\/uploads\/2017\/06\/cropped-logo6-1.png","contentUrl":"https:\/\/czerwonawalizka.com\/wp-content\/uploads\/2017\/06\/cropped-logo6-1.png","width":1108,"height":480,"caption":"Marta"},"logo":{"@id":"https:\/\/czerwonawalizka.com\/#\/schema\/person\/image\/"},"sameAs":["http:\/\/www.czerwonawalizka.com"]},{"@type":"Person","@id":"https:\/\/czerwonawalizka.com\/#\/schema\/person\/88e2203c2602630f8d79976e06834b41","name":"usrob","image":{"@type":"ImageObject","inLanguage":"pl-PL","@id":"https:\/\/czerwonawalizka.com\/#\/schema\/person\/image\/","url":"https:\/\/secure.gravatar.com\/avatar\/181694b20bb44625a3d898692d4efa04fc9da2d80db042c214af3c5ec9cf1c75?s=96&d=mm&r=g","contentUrl":"https:\/\/secure.gravatar.com\/avatar\/181694b20bb44625a3d898692d4efa04fc9da2d80db042c214af3c5ec9cf1c75?s=96&d=mm&r=g","caption":"usrob"},"url":"https:\/\/czerwonawalizka.com\/index.php\/author\/usrob\/"}]}},"jetpack_publicize_connections":[],"jetpack_featured_media_url":"https:\/\/czerwonawalizka.com\/wp-content\/uploads\/2015\/09\/lingwistyka-wojny.png","jetpack_sharing_enabled":true,"jetpack_shortlink":"https:\/\/wp.me\/p8RvtB-Y","jetpack_likes_enabled":false,"_links":{"self":[{"href":"https:\/\/czerwonawalizka.com\/index.php\/wp-json\/wp\/v2\/posts\/60","targetHints":{"allow":["GET"]}}],"collection":[{"href":"https:\/\/czerwonawalizka.com\/index.php\/wp-json\/wp\/v2\/posts"}],"about":[{"href":"https:\/\/czerwonawalizka.com\/index.php\/wp-json\/wp\/v2\/types\/post"}],"author":[{"embeddable":true,"href":"https:\/\/czerwonawalizka.com\/index.php\/wp-json\/wp\/v2\/users\/1"}],"replies":[{"embeddable":true,"href":"https:\/\/czerwonawalizka.com\/index.php\/wp-json\/wp\/v2\/comments?post=60"}],"version-history":[{"count":1,"href":"https:\/\/czerwonawalizka.com\/index.php\/wp-json\/wp\/v2\/posts\/60\/revisions"}],"predecessor-version":[{"id":2533,"href":"https:\/\/czerwonawalizka.com\/index.php\/wp-json\/wp\/v2\/posts\/60\/revisions\/2533"}],"wp:featuredmedia":[{"embeddable":true,"href":"https:\/\/czerwonawalizka.com\/index.php\/wp-json\/wp\/v2\/media\/1422"}],"wp:attachment":[{"href":"https:\/\/czerwonawalizka.com\/index.php\/wp-json\/wp\/v2\/media?parent=60"}],"wp:term":[{"taxonomy":"category","embeddable":true,"href":"https:\/\/czerwonawalizka.com\/index.php\/wp-json\/wp\/v2\/categories?post=60"},{"taxonomy":"post_tag","embeddable":true,"href":"https:\/\/czerwonawalizka.com\/index.php\/wp-json\/wp\/v2\/tags?post=60"}],"curies":[{"name":"wp","href":"https:\/\/api.w.org\/{rel}","templated":true}]}}