{"id":4870,"date":"2024-11-29T17:48:13","date_gmt":"2024-11-29T16:48:13","guid":{"rendered":"https:\/\/czerwonawalizka.com\/?p=4870"},"modified":"2025-06-25T10:13:23","modified_gmt":"2025-06-25T08:13:23","slug":"przygotowania-do-swiat-w-czechach","status":"publish","type":"post","link":"https:\/\/czerwonawalizka.com\/index.php\/2024\/11\/29\/przygotowania-do-swiat-w-czechach\/","title":{"rendered":"Przygotowania do \u015awi\u0105t w Czechach"},"content":{"rendered":"\n<p class=\"has-drop-cap\">Listopad ju\u017c prawie za nami, a to oznacza, \u017ce w Czechach zaraz rozpoczn\u0105 si\u0119 przygotowania do \u015awi\u0105t. I tak, Bo\u017ce Narodzenie w Czechach to zupe\u0142nie inna sprawa ni\u017c Bo\u017ce Narodzenie w Polsce \u2013 bo te czeskie \u015bwi\u0119ta s\u0105 du\u017co bardziej na luzie, mniej uroczyste, mniej przy nich zachodu, mniej \u201eod\u015bwi\u0119tno\u015bci\u201d. Czesi po prostu sma\u017c\u0105 <em>\u0159\u00edzka<\/em> z karpia, robi\u0105 mich\u0119 sa\u0142atki (tzw. <em>bramborov\u00fd sal\u00e1t<\/em>, kt\u00f3ry, bij mnie zabij, jest po prostu troch\u0119 inn\u0105 wersj\u0105 sa\u0142atki warzywnej) i przez dwa dni objadaj\u0105 si\u0119 naprzemiennie karpiem i sa\u0142atk\u0105, ogl\u0105daj\u0105c czeskie tradycyjne bajki i pojadaj\u0105c \u015bwi\u0105teczne ciasteczka. Nie ma odwiedzin, od\u015bwi\u0119tnych stroj\u00f3w, sianka pod obrusem ani \u015bpiewania kol\u0119d. Prezenty, owszem, s\u0105, ale przynosi je <em>Je\u017e\u00ed\u0161ek<\/em>, czyli Jezusek, jak to przysta\u0142o na najbardziej ateistyczne pa\u0144stwo \u015bwiata i raczej nie odwiedza si\u0119 a\u017c tak t\u0142umnie krewnych, jak ma to miejsce w Polsce.<\/p>\n\n\n\n<h1 class=\"wp-block-heading\">Przygotowania do \u015awi\u0105t w Czechach<\/h1>\n\n\n\n<h2 class=\"wp-block-heading\">Polskie \u015awi\u0119ta s\u0105 bardziej<\/h2>\n\n\n\n<p>My \u015awi\u0119ta zasadniczo sp\u0119dzamy w Polsce \u2013 raz, \u017ce i tak nie widujemy si\u0119 z nasz\u0105 polsk\u0105 rodzin\u0105 zbyt cz\u0119sto, wi\u0119c chcemy to nadrobi\u0107, dwa, wydaje mi si\u0119, \u017ce w polskich rodzinach celebruje si\u0119 je bardziej,&nbsp; a samo \u015bwi\u0119towanie ma bardziej oficjalny charakter. Na Wigili\u0119 raczej nie przychodzi si\u0119 w dresie, tymczasem w mojej czeskiej rodzinie bywa to na porz\u0105dku dziennym (tak, oczywi\u015bcie, \u017ce zaliczy\u0142am wpadk\u0119, przychodz\u0105c na czesk\u0105 wieczerz\u0119 wigilijn\u0105 ubrana w sp\u00f3dnic\u0119 i b\u0119d\u0105c jedyn\u0105 osob\u0105 nie w ubraniu domowym ;d).&nbsp;<\/p>\n\n\n\n<p>To jednak WCALE nie znaczy, \u017ce Czesi podchodz\u0105 do \u015awi\u0105t lekko. O, nic bardziej mylnego! Bo o ile polskie Bo\u017ce Narodzenie to WIELKIE HALO, za to Adwent, no, jest, bo jest, ale nie ma z nim zwi\u0105zanych a\u017c tak wielkich tradycji (mo\u017ce opr\u00f3cz chadzania na roraty i wstrzemi\u0119\u017aliwo\u015bci od alko\/mi\u0119sa), to w Czechach grudzie\u0144 jest MIESI\u0104CEM PRZYGOTOWA\u0143 (i zdecydowanie nie jest bezalkoholowy!).<\/p>\n\n\n\n<h2 class=\"wp-block-heading\">Adwent, czyli przygotowania do \u015bwi\u0105t w Czechach<\/h2>\n\n\n\n<p>Przygotowania do \u015bwi\u0105t s\u0105 intensywne, wszechobecne i nie do przegapienia. Po pierwsze, wszechobecne jarmarki bo\u017conarodzeniowe. Te\u017c je mamy! \u2013 powiecie. No owszem, ale w Polsce to jest w wydaniu takim, jakie ma miejsce w Czechach, wydaje mi si\u0119, zjawisko stosunkowo nowe, tymczasem w Czechach na <em>sva\u0159\u00e1ka<\/em>, czyli grzane wino z przyprawami chadza si\u0119 od dziesi\u0119cioleci. To po prostu cz\u0119\u015b\u0107 tradycji: w grudniu ludzie chodz\u0105 na miasto, ale opr\u00f3cz siadania na piwo w hospodzie, stoj\u0105 na zewn\u0105trz, grzej\u0105c r\u0119ce o kubki pe\u0142ne gor\u0105cego czerwonego wina z przyprawami. Jego s\u0142odki zapach roznosi si\u0119 po ca\u0142ym centrum ju\u017c od listopada.<\/p>\n\n\n\n<p>Po drugie, <em>v\u00e1no\u010dn\u00ed ve\u010d\u00edrky<\/em>. To co\u015b, co z grubsza mo\u017cna by prze\u0142o\u017cy\u0107 na \u201ewigilie firmowe\u201d, chocia\u017c to nie do ko\u0144ca oddaje skal\u0119 tego fenomenu. W Czechach bowiem <em>v\u00e1no\u010dn\u00ed ve\u010d\u00edrky <\/em>organizuj\u0105 nie tylko pracodawcy dla pracownik\u00f3w, ale dos\u0142ownie ka\u017cda najmniejsza organizacja dla swoich cz\u0142onk\u00f3w. Klub mi\u0142o\u015bnik\u00f3w komiks\u00f3w? <em>V\u00e1no\u010dn\u00ed ve\u010d\u00edrek<\/em>. Kurs j\u0119zyka obcego? <em>V\u00e1no\u010dn\u00ed ve\u010d\u00edrek<\/em>. Kurs p\u0142ywania? <em>V\u00e1no\u010dn\u00ed ve\u010d\u00edrek<\/em>. Grupka na fb w\u0142a\u015bcicieli ps\u00f3w tej samej rasy? <em>V\u00e1no\u010dn\u00ed ve\u010d\u00edrek<\/em>. Czekam, a\u017c supermarkety zaczn\u0105 organizowa\u0107 <em>v\u00e1no\u010dn\u00ed ve\u010d\u00edrky<\/em> dla swoich klient\u00f3w. Wi\u0105\u017ce si\u0119 to oczywi\u015bcie z tym, \u017ce taki statystyczny Czech w grudniu we\u017amie udzia\u0142 w kilku takich \u201e<em>ve\u010d\u00edrkach<\/em>\u201d. Dla mnie, osoby troch\u0119 postronnej, grudzie\u0144 to miesi\u0105c, kiedy kto\u015b nieustannie opowiada, \u017ce by\u0142 na \u201e<em>ve\u010d\u00edrku<\/em>\u201d. Aha, no i te\u017c \u2013 przebieg takiego wydarzenia to zazwyczaj jest po prostu spotkanie w hospodzie na jedzenie i piwo. Pr\u00f3\u017cno szuka\u0107 tam karpia i prezent\u00f3w \ud83d\ude09<\/p>\n\n\n\n<h2 class=\"wp-block-heading\">Wie\u0144ce i cukrov\u00ed<\/h2>\n\n\n\n<p>Po trzecie, adwentowe wie\u0144ce. To jest tradycja, kt\u00f3r\u0105 Czechy na pewno wsp\u00f3\u0142dziel\u0105 z Niemcami, a przynajmniej niekt\u00f3rymi landami. Ja osobi\u015bcie pami\u0119tam, \u017ce jako dziecko uczy\u0142am si\u0119 o niej na lekcjach niemieckiego w szkole podstawowej. W praktyce pozna\u0142am j\u0105 dopiero w Czechach. Zasada jest bardzo prosta: wieniec taki najcz\u0119\u015bciej bywa z igliwia, ozdobiony bombkami, pierniczkami, kokardkami i czterema \u015bwiecami. Ka\u017cd\u0105 jedn\u0105 zapala si\u0119 w kolejn\u0105 niedziel\u0119 adwentow\u0105, \u015bpiewaj\u0105c przy tym tradycyjne pie\u015bni. Dodatkowo: \u015bwieczk\u0119 zapala najstarsze w rodzinie dziecko; trzy z nich maj\u0105 by\u0107 niebieskie, a jedna \u2013 na trzeci\u0105 niedziel\u0119 \u2013 r\u00f3\u017cowa. T\u0119 zapali\u0107 mia\u0142aby matka. Wieniec pali si\u0119 te\u017c potem na stole wigilijnym. Bardzo lubi\u0119 t\u0119 tradycj\u0119 i w pe\u0142ni j\u0105 zaadaptowali\u015bmy do naszego czesko-polskiego domostwa.<\/p>\n\n\n\n<p>Po czwarte, cukrov\u00ed. To jest prawdopodobnie temat, kt\u00f3ry mo\u017cna by wybra\u0107 na ksi\u0105\u017ck\u0119. Ilo\u015b\u0107 rodzaj\u00f3w cukrov\u00ed, czyli ciasteczek i s\u0142odyczy bo\u017conarodzeniowych, co roku rozwala mi m\u00f3zg. W skr\u00f3cie: tradycyjnie od pocz\u0105tku grudnia czeskie hospodynky, czyli gospodynie domowe rozpoczynaj\u0105 przygotowania do \u015awi\u0105t, piek\u0105c cukrov\u00ed. Aaaa, to jak nasze pierniczki \u2013 powiecie. No: i tak, i nie. Rzeczywi\u015bcie tradycja pieczenia piernik\u00f3w kilka tygodni przed \u015awi\u0119tami te\u017c u nas istnieje, ale skala tego bywa jednak inna. <em>Spr\u00e1vn\u00e1 hospody\u0148ka <\/em>powinna mie\u0107 bowiem cukrov\u00ed kilka\/kilkana\u015bcie rodzaj\u00f3w; wszystkie one s\u0105 malu\u015bkie, drobniu\u015bkie, a ich przygotowanie wymaga niebotycznej ilo\u015bci czasu. W\u0142a\u015bnie dlatego ich pieczenie\/kulanie\/turlanie rozpoczyna si\u0119 ju\u017c na pocz\u0105tku grudnia. Inaczej nie by\u0142oby szans zd\u0105\u017cy\u0107!<\/p>\n\n\n\n<p>Wiem, \u017ce tradycja ta istnieje w Polsce w Cieszynie \u2013 zapewne ze wzgl\u0119du na bliskie zwi\u0105zki z Republik\u0105 Czesk\u0105. U nas zazwyczaj wygl\u0105da to tak, \u017ce ja piek\u0119 pierniki i rozdaj\u0119 naszej czeskiej rodzinie, a nasze czeskie <em>hospody\u0148ky <\/em>obdarowuj\u0105 nas swoimi cukrov\u00ed. Dla tych, kt\u00f3rzy nie chc\u0105 piec sami, istnieje jeszcze opcja zam\u00f3wienia ich w ulubionej kawiarni. Nie jest to rzecz tania, bo ciasteczka te wymagaj\u0105 cz\u0119sto r\u0119cznego przygotowania i s\u0105 bardzo pracoch\u0142onne, ale i tak, je\u015bli chcecie takowe kupi\u0107, zam\u00f3wienia trzeba sk\u0142ada\u0107 kilka tygodni do przodu. Inaczej wszystko b\u0119dzie ju\u017c wyprzedane \ud83d\ude0a<\/p>\n\n\n\n<h2 class=\"wp-block-heading\">Sv. Mikul\u00e1\u0161 i jego dw\u00f3ch pomocnik\u00f3w<\/h2>\n\n\n\n<p>Po pi\u0105te, \u015bwi\u0119to sv. Mikul\u00e1\u0161e, czyli nasze Miko\u0142ajki. Nie jestem pewna, czy tradycja Miko\u0142ajek jest w Polsce jednorodna \u2013 w moim rodzinnym Poznaniu dzieci musia\u0142y 5 grudnia przed spaniem umy\u0107 buty. Je\u015bli zrobi\u0142y to porz\u0105dnie, Miko\u0142aj w nocy zostawia\u0142 im w nich drobia\u017cd\u017cki. Tradycja czeska jest du\u017co bardziej okaza\u0142a: tutaj do dzieci przychodzi \u017cywy <em>Mikul\u00e1\u0161 s \u010dertem a and\u011blem<\/em>, czyli po prostu Miko\u0142aj z diab\u0142em i anio\u0142kiem. Dzieje si\u0119 tak nie tylko na zam\u00f3wienie: grupki Miko\u0142aja z obstaw\u0105 chodz\u0105 po mie\u015bcie, dzwoni\u0105 do drzwi i pytaj\u0105, czy mieszkaj\u0105 tam jakie\u015b dzieci. Rodzice oczywi\u015bcie za tak\u0105 atrakcj\u0119 p\u0142ac\u0105 i to oni te\u017c dbaj\u0105, aby Miko\u0142aj mia\u0142 co dzieciom podarowa\u0107. W ka\u017cdym razie 5 grudnia mo\u017cna na ulicach czeskich miast zobaczy\u0107 przebiera\u0144c\u00f3w kr\u0105\u017c\u0105cych od domu do domu.<\/p>\n\n\n\n<p>Jak widzicie, atrakcji przed \u015awi\u0119tami nie brakuje \u2013 by\u0107 mo\u017ce dlatego celebracja nich samych nie jest a\u017c tak wystawna jak u nas.&nbsp; Okres \u015bwi\u0105teczny ko\u0144czy si\u0119 te\u017c szybciej, bo 6 stycznia w Czechach jest normalnym dniem pracy \u2013 a mi \u0142ami\u0105 serce choinki, kt\u00f3re wyrzuca si\u0119 tu du\u017co wcze\u015bniej ni\u017c u nas, ju\u017c kilka dni po \u015bwi\u0119tach (a najp\u00f3\u017aniej w\u0142a\u015bnie do 6 stycznia).<\/p>\n\n\n\n<p>Dajcie zna\u0107, czy co\u015b by\u0142o dla Was zaskoczeniem, a mo\u017ce wsp\u00f3\u0142dzielicie jakie\u015b tradycje z Czechami?<\/p>\n\n\n\n<p>M.<\/p>\n\n\n\n<p>Inne wpisy w podobnym duchu:<\/p>\n\n\n\n<ul class=\"wp-block-list\">\n<li><a href=\"https:\/\/czerwonawalizka.com\/index.php\/2017\/12\/24\/boze-narodzenie-w-czechach\/\">Bo\u017ce narodzenie w Czechach<\/a><\/li>\n\n\n\n<li><a href=\"https:\/\/czerwonawalizka.com\/index.php\/2021\/12\/04\/czeskie-bajki\/\">Czeskie bajki<\/a><\/li>\n\n\n\n<li><a href=\"https:\/\/czerwonawalizka.com\/index.php\/2021\/11\/20\/czeskie-swieta\/\">Czeskie \u015bwi\u0119ta narodowe<\/a><\/li>\n\n\n\n<li><a href=\"https:\/\/czerwonawalizka.com\/index.php\/2019\/12\/04\/czeskie-tradycje-adwentowe\/\">Adwent w Czechach<\/a><\/li>\n<\/ul>\n\n\n\n<p>A <a href=\"https:\/\/www.youtube.com\/watch?v=euwVTco8n5s&amp;ab_channel=MartinLacina\" target=\"_blank\" rel=\"noreferrer noopener\">tutaj mo\u017cecie zobaczy\u0107,<\/a> jak <a href=\"https:\/\/www.youtube.com\/@RybyodMartina\">Martin Lacina<\/a> przygotowuje typowe czeskie bo\u017conarodzeniowe dania, czyli sa\u0142atk\u0119 ziemniaczan\u0105 i sma\u017conego karpia.<\/p>\n","protected":false},"excerpt":{"rendered":"<p>Listopad ju\u017c prawie za nami, a to oznacza, \u017ce w Czechach zaraz rozpoczn\u0105 si\u0119 przygotowania do \u015awi\u0105t. I tak, Bo\u017ce Narodzenie w Czechach to zupe\u0142nie inna sprawa ni\u017c Bo\u017ce Narodzenie w Polsce \u2013 bo te czeskie \u015bwi\u0119ta s\u0105 du\u017co bardziej na luzie, mniej uroczyste, mniej przy nich zachodu, mniej \u201eod\u015bwi\u0119tno\u015bci\u201d. Czesi po prostu sma\u017c\u0105 \u0159\u00edzka&hellip; <a class=\"more-link\" href=\"https:\/\/czerwonawalizka.com\/index.php\/2024\/11\/29\/przygotowania-do-swiat-w-czechach\/\">Read More <span class=\"screen-reader-text\">Przygotowania do \u015awi\u0105t w Czechach<\/span><\/a><\/p>\n","protected":false},"author":2,"featured_media":4872,"comment_status":"open","ping_status":"open","sticky":false,"template":"","format":"standard","meta":{"jetpack_post_was_ever_published":false,"_jetpack_newsletter_access":"","_jetpack_dont_email_post_to_subs":false,"_jetpack_newsletter_tier_id":0,"_jetpack_memberships_contains_paywalled_content":false,"_jetpack_memberships_contains_paid_content":false,"footnotes":"","jetpack_publicize_message":"","jetpack_publicize_feature_enabled":false,"jetpack_social_post_already_shared":false,"jetpack_social_options":{"image_generator_settings":{"template":"highway","enabled":false},"version":2}},"categories":[715,716],"tags":[326],"class_list":["post-4870","post","type-post","status-publish","format-standard","has-post-thumbnail","hentry","category-czesi-jako-narod","category-czeska-kultura","tag-czeska-rzeczywistosc"],"yoast_head":"<!-- This site is optimized with the Yoast SEO plugin v27.0 - https:\/\/yoast.com\/product\/yoast-seo-wordpress\/ -->\n<title>Przygotowania do \u015awi\u0105t w Czechach - Dziewczyna z czerwon\u0105 walizk\u0105<\/title>\n<meta name=\"description\" content=\"Przygotowania do \u015awi\u0105t w Czechach, czyli co si\u0119 dzieje w Czeskiej Republice podczas adwentu: pieczenie ciasteczek, wie\u0144ce, grza\u0144ce...\" \/>\n<meta name=\"robots\" content=\"index, follow, max-snippet:-1, max-image-preview:large, max-video-preview:-1\" \/>\n<link rel=\"canonical\" href=\"https:\/\/czerwonawalizka.com\/index.php\/2024\/11\/29\/przygotowania-do-swiat-w-czechach\/\" \/>\n<meta property=\"og:locale\" content=\"pl_PL\" \/>\n<meta property=\"og:type\" content=\"article\" \/>\n<meta property=\"og:title\" content=\"Przygotowania do \u015awi\u0105t w Czechach - Dziewczyna z czerwon\u0105 walizk\u0105\" \/>\n<meta property=\"og:description\" content=\"Przygotowania do \u015awi\u0105t w Czechach, czyli co si\u0119 dzieje w Czeskiej Republice podczas adwentu: pieczenie ciasteczek, wie\u0144ce, grza\u0144ce...\" \/>\n<meta property=\"og:url\" content=\"https:\/\/czerwonawalizka.com\/index.php\/2024\/11\/29\/przygotowania-do-swiat-w-czechach\/\" \/>\n<meta property=\"og:site_name\" content=\"Dziewczyna z czerwon\u0105 walizk\u0105\" \/>\n<meta property=\"article:published_time\" content=\"2024-11-29T16:48:13+00:00\" \/>\n<meta property=\"article:modified_time\" content=\"2025-06-25T08:13:23+00:00\" \/>\n<meta property=\"og:image\" content=\"https:\/\/czerwonawalizka.com\/wp-content\/uploads\/2024\/11\/adwent-1.png\" \/>\n\t<meta property=\"og:image:width\" content=\"1131\" \/>\n\t<meta property=\"og:image:height\" content=\"629\" \/>\n\t<meta property=\"og:image:type\" content=\"image\/png\" \/>\n<meta name=\"author\" content=\"Marta\" \/>\n<meta name=\"twitter:card\" content=\"summary_large_image\" \/>\n<meta name=\"twitter:label1\" content=\"Napisane przez\" \/>\n\t<meta name=\"twitter:data1\" content=\"Marta\" \/>\n\t<meta name=\"twitter:label2\" content=\"Szacowany czas czytania\" \/>\n\t<meta name=\"twitter:data2\" content=\"7 minut\" \/>\n<script type=\"application\/ld+json\" class=\"yoast-schema-graph\">{\"@context\":\"https:\/\/schema.org\",\"@graph\":[{\"@type\":\"Article\",\"@id\":\"https:\/\/czerwonawalizka.com\/index.php\/2024\/11\/29\/przygotowania-do-swiat-w-czechach\/#article\",\"isPartOf\":{\"@id\":\"https:\/\/czerwonawalizka.com\/index.php\/2024\/11\/29\/przygotowania-do-swiat-w-czechach\/\"},\"author\":{\"name\":\"Marta\",\"@id\":\"https:\/\/czerwonawalizka.com\/#\/schema\/person\/ca9ae0ae7fc0f714249aaa234df8f5cc\"},\"headline\":\"Przygotowania do \u015awi\u0105t w Czechach\",\"datePublished\":\"2024-11-29T16:48:13+00:00\",\"dateModified\":\"2025-06-25T08:13:23+00:00\",\"mainEntityOfPage\":{\"@id\":\"https:\/\/czerwonawalizka.com\/index.php\/2024\/11\/29\/przygotowania-do-swiat-w-czechach\/\"},\"wordCount\":1311,\"commentCount\":0,\"publisher\":{\"@id\":\"https:\/\/czerwonawalizka.com\/#\/schema\/person\/ca9ae0ae7fc0f714249aaa234df8f5cc\"},\"image\":{\"@id\":\"https:\/\/czerwonawalizka.com\/index.php\/2024\/11\/29\/przygotowania-do-swiat-w-czechach\/#primaryimage\"},\"thumbnailUrl\":\"https:\/\/czerwonawalizka.com\/wp-content\/uploads\/2024\/11\/adwent-1.png\",\"keywords\":[\"czeska rzeczywisto\u015b\u0107\"],\"articleSection\":[\"Czesi jako nar\u00f3d\",\"Czeska kultura\"],\"inLanguage\":\"pl-PL\",\"potentialAction\":[{\"@type\":\"CommentAction\",\"name\":\"Comment\",\"target\":[\"https:\/\/czerwonawalizka.com\/index.php\/2024\/11\/29\/przygotowania-do-swiat-w-czechach\/#respond\"]}]},{\"@type\":\"WebPage\",\"@id\":\"https:\/\/czerwonawalizka.com\/index.php\/2024\/11\/29\/przygotowania-do-swiat-w-czechach\/\",\"url\":\"https:\/\/czerwonawalizka.com\/index.php\/2024\/11\/29\/przygotowania-do-swiat-w-czechach\/\",\"name\":\"Przygotowania do \u015awi\u0105t w Czechach - Dziewczyna z czerwon\u0105 walizk\u0105\",\"isPartOf\":{\"@id\":\"https:\/\/czerwonawalizka.com\/#website\"},\"primaryImageOfPage\":{\"@id\":\"https:\/\/czerwonawalizka.com\/index.php\/2024\/11\/29\/przygotowania-do-swiat-w-czechach\/#primaryimage\"},\"image\":{\"@id\":\"https:\/\/czerwonawalizka.com\/index.php\/2024\/11\/29\/przygotowania-do-swiat-w-czechach\/#primaryimage\"},\"thumbnailUrl\":\"https:\/\/czerwonawalizka.com\/wp-content\/uploads\/2024\/11\/adwent-1.png\",\"datePublished\":\"2024-11-29T16:48:13+00:00\",\"dateModified\":\"2025-06-25T08:13:23+00:00\",\"description\":\"Przygotowania do \u015awi\u0105t w Czechach, czyli co si\u0119 dzieje w Czeskiej Republice podczas adwentu: pieczenie ciasteczek, wie\u0144ce, grza\u0144ce...\",\"breadcrumb\":{\"@id\":\"https:\/\/czerwonawalizka.com\/index.php\/2024\/11\/29\/przygotowania-do-swiat-w-czechach\/#breadcrumb\"},\"inLanguage\":\"pl-PL\",\"potentialAction\":[{\"@type\":\"ReadAction\",\"target\":[\"https:\/\/czerwonawalizka.com\/index.php\/2024\/11\/29\/przygotowania-do-swiat-w-czechach\/\"]}]},{\"@type\":\"ImageObject\",\"inLanguage\":\"pl-PL\",\"@id\":\"https:\/\/czerwonawalizka.com\/index.php\/2024\/11\/29\/przygotowania-do-swiat-w-czechach\/#primaryimage\",\"url\":\"https:\/\/czerwonawalizka.com\/wp-content\/uploads\/2024\/11\/adwent-1.png\",\"contentUrl\":\"https:\/\/czerwonawalizka.com\/wp-content\/uploads\/2024\/11\/adwent-1.png\",\"width\":1131,\"height\":629,\"caption\":\"adwent w czechach\"},{\"@type\":\"BreadcrumbList\",\"@id\":\"https:\/\/czerwonawalizka.com\/index.php\/2024\/11\/29\/przygotowania-do-swiat-w-czechach\/#breadcrumb\",\"itemListElement\":[{\"@type\":\"ListItem\",\"position\":1,\"name\":\"Home\",\"item\":\"https:\/\/czerwonawalizka.com\/\"},{\"@type\":\"ListItem\",\"position\":2,\"name\":\"Przygotowania do \u015awi\u0105t w Czechach\"}]},{\"@type\":\"WebSite\",\"@id\":\"https:\/\/czerwonawalizka.com\/#website\",\"url\":\"https:\/\/czerwonawalizka.com\/\",\"name\":\"Dziewczyna z czerwon\u0105 walizk\u0105\",\"description\":\"Blog patchworkowy\",\"publisher\":{\"@id\":\"https:\/\/czerwonawalizka.com\/#\/schema\/person\/ca9ae0ae7fc0f714249aaa234df8f5cc\"},\"potentialAction\":[{\"@type\":\"SearchAction\",\"target\":{\"@type\":\"EntryPoint\",\"urlTemplate\":\"https:\/\/czerwonawalizka.com\/?s={search_term_string}\"},\"query-input\":{\"@type\":\"PropertyValueSpecification\",\"valueRequired\":true,\"valueName\":\"search_term_string\"}}],\"inLanguage\":\"pl-PL\"},{\"@type\":[\"Person\",\"Organization\"],\"@id\":\"https:\/\/czerwonawalizka.com\/#\/schema\/person\/ca9ae0ae7fc0f714249aaa234df8f5cc\",\"name\":\"Marta\",\"image\":{\"@type\":\"ImageObject\",\"inLanguage\":\"pl-PL\",\"@id\":\"https:\/\/czerwonawalizka.com\/#\/schema\/person\/image\/\",\"url\":\"https:\/\/czerwonawalizka.com\/wp-content\/uploads\/2017\/06\/cropped-logo6-1.png\",\"contentUrl\":\"https:\/\/czerwonawalizka.com\/wp-content\/uploads\/2017\/06\/cropped-logo6-1.png\",\"width\":1108,\"height\":480,\"caption\":\"Marta\"},\"logo\":{\"@id\":\"https:\/\/czerwonawalizka.com\/#\/schema\/person\/image\/\"},\"sameAs\":[\"http:\/\/www.czerwonawalizka.com\"],\"url\":\"https:\/\/czerwonawalizka.com\/index.php\/author\/dziewczyna-z-czerwona-walizka\/\"}]}<\/script>\n<!-- \/ Yoast SEO plugin. -->","yoast_head_json":{"title":"Przygotowania do \u015awi\u0105t w Czechach - Dziewczyna z czerwon\u0105 walizk\u0105","description":"Przygotowania do \u015awi\u0105t w Czechach, czyli co si\u0119 dzieje w Czeskiej Republice podczas adwentu: pieczenie ciasteczek, wie\u0144ce, grza\u0144ce...","robots":{"index":"index","follow":"follow","max-snippet":"max-snippet:-1","max-image-preview":"max-image-preview:large","max-video-preview":"max-video-preview:-1"},"canonical":"https:\/\/czerwonawalizka.com\/index.php\/2024\/11\/29\/przygotowania-do-swiat-w-czechach\/","og_locale":"pl_PL","og_type":"article","og_title":"Przygotowania do \u015awi\u0105t w Czechach - Dziewczyna z czerwon\u0105 walizk\u0105","og_description":"Przygotowania do \u015awi\u0105t w Czechach, czyli co si\u0119 dzieje w Czeskiej Republice podczas adwentu: pieczenie ciasteczek, wie\u0144ce, grza\u0144ce...","og_url":"https:\/\/czerwonawalizka.com\/index.php\/2024\/11\/29\/przygotowania-do-swiat-w-czechach\/","og_site_name":"Dziewczyna z czerwon\u0105 walizk\u0105","article_published_time":"2024-11-29T16:48:13+00:00","article_modified_time":"2025-06-25T08:13:23+00:00","og_image":[{"width":1131,"height":629,"url":"https:\/\/czerwonawalizka.com\/wp-content\/uploads\/2024\/11\/adwent-1.png","type":"image\/png"}],"author":"Marta","twitter_card":"summary_large_image","twitter_misc":{"Napisane przez":"Marta","Szacowany czas czytania":"7 minut"},"schema":{"@context":"https:\/\/schema.org","@graph":[{"@type":"Article","@id":"https:\/\/czerwonawalizka.com\/index.php\/2024\/11\/29\/przygotowania-do-swiat-w-czechach\/#article","isPartOf":{"@id":"https:\/\/czerwonawalizka.com\/index.php\/2024\/11\/29\/przygotowania-do-swiat-w-czechach\/"},"author":{"name":"Marta","@id":"https:\/\/czerwonawalizka.com\/#\/schema\/person\/ca9ae0ae7fc0f714249aaa234df8f5cc"},"headline":"Przygotowania do \u015awi\u0105t w Czechach","datePublished":"2024-11-29T16:48:13+00:00","dateModified":"2025-06-25T08:13:23+00:00","mainEntityOfPage":{"@id":"https:\/\/czerwonawalizka.com\/index.php\/2024\/11\/29\/przygotowania-do-swiat-w-czechach\/"},"wordCount":1311,"commentCount":0,"publisher":{"@id":"https:\/\/czerwonawalizka.com\/#\/schema\/person\/ca9ae0ae7fc0f714249aaa234df8f5cc"},"image":{"@id":"https:\/\/czerwonawalizka.com\/index.php\/2024\/11\/29\/przygotowania-do-swiat-w-czechach\/#primaryimage"},"thumbnailUrl":"https:\/\/czerwonawalizka.com\/wp-content\/uploads\/2024\/11\/adwent-1.png","keywords":["czeska rzeczywisto\u015b\u0107"],"articleSection":["Czesi jako nar\u00f3d","Czeska kultura"],"inLanguage":"pl-PL","potentialAction":[{"@type":"CommentAction","name":"Comment","target":["https:\/\/czerwonawalizka.com\/index.php\/2024\/11\/29\/przygotowania-do-swiat-w-czechach\/#respond"]}]},{"@type":"WebPage","@id":"https:\/\/czerwonawalizka.com\/index.php\/2024\/11\/29\/przygotowania-do-swiat-w-czechach\/","url":"https:\/\/czerwonawalizka.com\/index.php\/2024\/11\/29\/przygotowania-do-swiat-w-czechach\/","name":"Przygotowania do \u015awi\u0105t w Czechach - Dziewczyna z czerwon\u0105 walizk\u0105","isPartOf":{"@id":"https:\/\/czerwonawalizka.com\/#website"},"primaryImageOfPage":{"@id":"https:\/\/czerwonawalizka.com\/index.php\/2024\/11\/29\/przygotowania-do-swiat-w-czechach\/#primaryimage"},"image":{"@id":"https:\/\/czerwonawalizka.com\/index.php\/2024\/11\/29\/przygotowania-do-swiat-w-czechach\/#primaryimage"},"thumbnailUrl":"https:\/\/czerwonawalizka.com\/wp-content\/uploads\/2024\/11\/adwent-1.png","datePublished":"2024-11-29T16:48:13+00:00","dateModified":"2025-06-25T08:13:23+00:00","description":"Przygotowania do \u015awi\u0105t w Czechach, czyli co si\u0119 dzieje w Czeskiej Republice podczas adwentu: pieczenie ciasteczek, wie\u0144ce, grza\u0144ce...","breadcrumb":{"@id":"https:\/\/czerwonawalizka.com\/index.php\/2024\/11\/29\/przygotowania-do-swiat-w-czechach\/#breadcrumb"},"inLanguage":"pl-PL","potentialAction":[{"@type":"ReadAction","target":["https:\/\/czerwonawalizka.com\/index.php\/2024\/11\/29\/przygotowania-do-swiat-w-czechach\/"]}]},{"@type":"ImageObject","inLanguage":"pl-PL","@id":"https:\/\/czerwonawalizka.com\/index.php\/2024\/11\/29\/przygotowania-do-swiat-w-czechach\/#primaryimage","url":"https:\/\/czerwonawalizka.com\/wp-content\/uploads\/2024\/11\/adwent-1.png","contentUrl":"https:\/\/czerwonawalizka.com\/wp-content\/uploads\/2024\/11\/adwent-1.png","width":1131,"height":629,"caption":"adwent w czechach"},{"@type":"BreadcrumbList","@id":"https:\/\/czerwonawalizka.com\/index.php\/2024\/11\/29\/przygotowania-do-swiat-w-czechach\/#breadcrumb","itemListElement":[{"@type":"ListItem","position":1,"name":"Home","item":"https:\/\/czerwonawalizka.com\/"},{"@type":"ListItem","position":2,"name":"Przygotowania do \u015awi\u0105t w Czechach"}]},{"@type":"WebSite","@id":"https:\/\/czerwonawalizka.com\/#website","url":"https:\/\/czerwonawalizka.com\/","name":"Dziewczyna z czerwon\u0105 walizk\u0105","description":"Blog patchworkowy","publisher":{"@id":"https:\/\/czerwonawalizka.com\/#\/schema\/person\/ca9ae0ae7fc0f714249aaa234df8f5cc"},"potentialAction":[{"@type":"SearchAction","target":{"@type":"EntryPoint","urlTemplate":"https:\/\/czerwonawalizka.com\/?s={search_term_string}"},"query-input":{"@type":"PropertyValueSpecification","valueRequired":true,"valueName":"search_term_string"}}],"inLanguage":"pl-PL"},{"@type":["Person","Organization"],"@id":"https:\/\/czerwonawalizka.com\/#\/schema\/person\/ca9ae0ae7fc0f714249aaa234df8f5cc","name":"Marta","image":{"@type":"ImageObject","inLanguage":"pl-PL","@id":"https:\/\/czerwonawalizka.com\/#\/schema\/person\/image\/","url":"https:\/\/czerwonawalizka.com\/wp-content\/uploads\/2017\/06\/cropped-logo6-1.png","contentUrl":"https:\/\/czerwonawalizka.com\/wp-content\/uploads\/2017\/06\/cropped-logo6-1.png","width":1108,"height":480,"caption":"Marta"},"logo":{"@id":"https:\/\/czerwonawalizka.com\/#\/schema\/person\/image\/"},"sameAs":["http:\/\/www.czerwonawalizka.com"],"url":"https:\/\/czerwonawalizka.com\/index.php\/author\/dziewczyna-z-czerwona-walizka\/"}]}},"jetpack_publicize_connections":[],"jetpack_featured_media_url":"https:\/\/czerwonawalizka.com\/wp-content\/uploads\/2024\/11\/adwent-1.png","jetpack_sharing_enabled":true,"jetpack_shortlink":"https:\/\/wp.me\/p8RvtB-1gy","jetpack_likes_enabled":false,"_links":{"self":[{"href":"https:\/\/czerwonawalizka.com\/index.php\/wp-json\/wp\/v2\/posts\/4870","targetHints":{"allow":["GET"]}}],"collection":[{"href":"https:\/\/czerwonawalizka.com\/index.php\/wp-json\/wp\/v2\/posts"}],"about":[{"href":"https:\/\/czerwonawalizka.com\/index.php\/wp-json\/wp\/v2\/types\/post"}],"author":[{"embeddable":true,"href":"https:\/\/czerwonawalizka.com\/index.php\/wp-json\/wp\/v2\/users\/2"}],"replies":[{"embeddable":true,"href":"https:\/\/czerwonawalizka.com\/index.php\/wp-json\/wp\/v2\/comments?post=4870"}],"version-history":[{"count":5,"href":"https:\/\/czerwonawalizka.com\/index.php\/wp-json\/wp\/v2\/posts\/4870\/revisions"}],"predecessor-version":[{"id":4948,"href":"https:\/\/czerwonawalizka.com\/index.php\/wp-json\/wp\/v2\/posts\/4870\/revisions\/4948"}],"wp:featuredmedia":[{"embeddable":true,"href":"https:\/\/czerwonawalizka.com\/index.php\/wp-json\/wp\/v2\/media\/4872"}],"wp:attachment":[{"href":"https:\/\/czerwonawalizka.com\/index.php\/wp-json\/wp\/v2\/media?parent=4870"}],"wp:term":[{"taxonomy":"category","embeddable":true,"href":"https:\/\/czerwonawalizka.com\/index.php\/wp-json\/wp\/v2\/categories?post=4870"},{"taxonomy":"post_tag","embeddable":true,"href":"https:\/\/czerwonawalizka.com\/index.php\/wp-json\/wp\/v2\/tags?post=4870"}],"curies":[{"name":"wp","href":"https:\/\/api.w.org\/{rel}","templated":true}]}}