{"id":4756,"date":"2024-08-07T15:46:10","date_gmt":"2024-08-07T13:46:10","guid":{"rendered":"https:\/\/czerwonawalizka.com\/?p=4756"},"modified":"2024-11-15T22:54:34","modified_gmt":"2024-11-15T21:54:34","slug":"recenzja-czechy-czemu-pohoda-to-nie-pogoda-czyli-czeski-luz","status":"publish","type":"post","link":"https:\/\/czerwonawalizka.com\/index.php\/2024\/08\/07\/recenzja-czechy-czemu-pohoda-to-nie-pogoda-czyli-czeski-luz\/","title":{"rendered":"Recenzja \u201eCzechy. Czemu pohoda to nie pogoda? czyli czeski luz\u201d"},"content":{"rendered":"\n<p class=\"has-drop-cap\">Czas najwy\u017cszy spisa\u0107 wra\u017cenia z lektury. Ta ksi\u0105\u017cka nie mia\u0142a do mnie prostej drogi \u2013 wys\u0142ana by\u0142a poczt\u0105 polsk\u0105 i zanim dotar\u0142a do moich r\u0105k, musia\u0142a przej\u015b\u0107 jeszcze przez r\u0119ce poczty czeskiej. Luby ochrzani mnie za to generalizowanie, ale ze wszystkich instytucji publicznych mniej ni\u017c tym dw\u00f3m firmom ufam ju\u017c tylko PKP. Ale ksi\u0105\u017cka jednak dotar\u0142a. Do r\u0105k w\u0142asnych.<\/p>\n\n\n\n<p>Cuda si\u0119 jednak zdarzaj\u0105.<\/p>\n\n\n\n<h2 class=\"wp-block-heading\">Czechy. Czemu <em>pohoda<\/em> to nie pogoda? czyli czeski luz<\/h2>\n\n\n\n<p>Co to za ksi\u0105\u017cka? \u201eCzechy. Czemu <em>pohoda<\/em> to nie pogoda? czyli czeski luz\u201d Doroty Chmielewskiej. Dorot\u0119 musicie chyba zna\u0107, zak\u0142adam \u2013 bo je\u015bli lubicie Czechy, to musia\u0142y w Wasze r\u0119ce trafi\u0107 jej przewodniki po Czechach, albo przed oczy Wasze \u2013 blog \u201eCzechofil\u201d lub chyba najs\u0142ynniejsza czechofilska grupa facebookowa o oczywistej nazwie \u201eJestem czechofilem\u201d. To wszystko jej dzie\u0142a.<\/p>\n\n\n\n<p>W moje r\u0119ce trafi\u0142a w pewn\u0105 lipcow\u0105 sobot\u0119 najnowsza ksi\u0105\u017cka Doroty o wspomnianym tytule, zasiad\u0142am wi\u0119c w moim \u017c\u00f3\u0142tym fotelu i zanurzy\u0142am si\u0119 w lekturze. To by\u0142o troch\u0119 tak, jakbym otworzy\u0142a ksi\u0105\u017ck\u0119 z w\u0142asnymi wspomnieniami \u2013 bo autorka ze swad\u0105 opowiada o swoim spojrzeniu na Czechy, o tym, jak je poznawa\u0142a i jej pasja widoczna jest na ka\u017cdej jednej stronie. Ten \u00e1 la przewodnik nie jest przewodnikiem sensu stricte \u2013 tzn. takim z mas\u0105 historycznych i architektonicznych informacji i wskaz\u00f3wkami od autora na temat dobrych restauracji \u2013 to co\u015b innego, co\u015b znacznie bardziej, wed\u0142ug mnie, warto\u015bciowego. Z lektury ksi\u0105\u017cki Doroty jeste\u015bcie w stanie wynie\u015b\u0107 o wiele wi\u0119cej ni\u017c tylko informacje o tym, w kt\u00f3rym wieku postawiono praski <em>hrad<\/em> oraz gdzie warto zam\u00f3wi\u0107 <em>sma\u017een\u00fd s\u00fdr<\/em>.<\/p>\n\n\n<div class=\"wp-block-image\">\n<figure class=\"aligncenter size-full\"><img loading=\"lazy\" decoding=\"async\" width=\"552\" height=\"797\" src=\"https:\/\/czerwonawalizka.com\/wp-content\/uploads\/2024\/08\/czechyluz.png\" alt=\"\" class=\"wp-image-4758\" srcset=\"https:\/\/czerwonawalizka.com\/wp-content\/uploads\/2024\/08\/czechyluz.png 552w, https:\/\/czerwonawalizka.com\/wp-content\/uploads\/2024\/08\/czechyluz-208x300.png 208w, https:\/\/czerwonawalizka.com\/wp-content\/uploads\/2024\/08\/czechyluz-400x578.png 400w\" sizes=\"auto, (max-width: 552px) 100vw, 552px\" \/><\/figure>\n<\/div>\n\n\n<h2 class=\"wp-block-heading\">Czeskie anegdotki<\/h2>\n\n\n\n<p>Dowiecie si\u0119 na przyk\u0142ad, \u017ce istnieje r\u00f3\u017cnica mi\u0119dzy zamkiem i <em>z\u00e1mkem; <\/em>\u017ce hrad\u00f3w w Czechach jest bardzo wiele i \u017ce turystyka zamkowa jest w Czechach niezwykle popularna; \u017ce istnieje wiele rodzaj\u00f3w <em>hospod<\/em>, ale je\u015bli chcecie pozna\u0107 ten stary, swojski klimat, to wyst\u0119puje on jeszcze tylko w dogorywaj\u0105cym gatunku lokali, czyli w restauracjach dworcowych. Sama pami\u0119tam moje pierwsze zetkni\u0119cie z przybytkiem tego rodzaju i spojrzeniem <em>\u0161tamgast\u00f3w<\/em>, gdy z moj\u0105 \u00f3wczesn\u0105 szefow\u0105 w podr\u00f3\u017cy s\u0142u\u017cbowej o 9:00 rano i troch\u0119 z przypadku wesz\u0142y\u015bmy na moment do takiego lokalu i lekko zatka\u0142o nie tylko mnie, ale chyba tak\u017ce \u00f3wczesnych go\u015bci konsumuj\u0105cych swe pierwsze (?) poranne piwko. (Bo po co te\u017c pcha si\u0119 tam rano kto\u015b, kto nie ma ponad pi\u0119\u0107dziesi\u0105tk\u0119 i lekkiego problemu alkoholowego? ;)). Autorka opisuje przygod\u0119 podobnego charakteru i by\u0107 mo\u017ce dlatego od pocz\u0105tku lektury czu\u0142am si\u0119, jakby znajoma opowiada\u0142a mi r\u00f3wnoleg\u0142\u0105 do mojej histori\u0119 poznawania Czech.<\/p>\n\n\n\n<p>Takich anegdotek uzupe\u0142niaj\u0105cych g\u0142\u00f3wn\u0105 opowie\u015b\u0107 o Czechach jest w ksi\u0105\u017cce mn\u00f3stwo. Ze stron zna\u0107, \u017ce Dorota Czechy przejecha\u0142a wzd\u0142u\u017c i wszerz i z niejednego kufla piwo pi\u0142a. No w\u0142a\u015bnie, piwo! O piwie w tej ksi\u0105\u017cce te\u017c troch\u0119 jest, co interesuj\u0105ce b\u0119dzie, jak zak\u0142adam, dla szerokich gron czechofil\u00f3w, kt\u00f3rzy lubuj\u0105 si\u0119 w tym trunku. W ksi\u0105\u017cce nie mog\u0142o zabrakn\u0105\u0107 tak\u017ce historii <em>chata\u0159en\u00ed <\/em>i<em> chalupa\u0159en\u00ed<\/em>, tramp\u00f3w i wszystkiego, co zwi\u0105zane z czesk\u0105 tradycj\u0105 uprawiania turystyki lokalnej (i \u015bwietnie, bo to jedna z lepszych rzeczy, jakimi w mojej opinii Czesi mog\u0105 si\u0119 chwali\u0107!). Pojawiaj\u0105 si\u0119 tak\u017ce historie zwi\u0105zane z paleniem czarownic, <em>m\u00e1jkami<\/em>, turystyk\u0105 uzdrowiskow\u0105, a nawet rowerow\u0105. S\u0142owem \u2013 ca\u0142a masa trop\u00f3w, kt\u00f3re ka\u017cdy szanuj\u0105cy si\u0119 czechofil prawdopodobnie pr\u0119dzej czy p\u00f3\u017aniej zechce pozna\u0107 \ud83d\ude42<\/p>\n\n\n\n<p><\/p>\n\n\n\n<h2 class=\"wp-block-heading\">Piwo dla korektora i r\u00f3\u017cowe okulary czechofilki<\/h2>\n\n\n\n<p>Czy ksi\u0105\u017cka ma jakie\u015b wady? Oczywi\u015bcie, w ka\u017cdej takie mo\u017cna znale\u017a\u0107. Musz\u0119 przyzna\u0107, \u017ce troch\u0119 irytowa\u0142y mnie pojawiaj\u0105ce si\u0119 gdzieniegdzie liter\u00f3wki i brak konsekwencji w zapisie czeskich s\u0142\u00f3w (raz z diakrytyk\u0105, innym razem bez, wytropi\u0142am te\u017c jedno s\u0142owo, kt\u00f3re jest chyba\u2026 s\u0142owackie. @Korektorze, chyba przed robot\u0105 waln\u0105\u0142e\u015b sobie piwo. Mam chocia\u017c nadziej\u0119, \u017ce by\u0142o czeskie i dobre :D)<\/p>\n\n\n\n<p>Kilka razy odnios\u0142am wra\u017cenie, \u017ce autorka ma na nosie troch\u0119 r\u00f3\u017cowawe okulary, przez kt\u00f3re z zachwytem przygl\u0105da si\u0119 mojemu przybranemu krajowi. Taki pewnie by\u0142 i zamiar: polski czechofil, szczeg\u00f3lnie taki pocz\u0105tkuj\u0105cy, zazwyczaj Czechami jest po prostu zachwycony i chce czyta\u0107 o tym, co w Czechach cudowne. Rozumiem to, Czechy s\u0105 cudowne i sama je uwielbiam. Kraj ten ma jednak tak\u017ce wady i je\u015bli mi w tek\u015bcie zabrak\u0142o czegokolwiek, to jakiego\u015b ich wspomnienia. Czechy to kraj \u017cywych ludzi, r\u00f3\u017cnych ludzi, wi\u0119c i wad r\u00f3\u017cnych troch\u0119 by si\u0119 znalaz\u0142o, powiedzia\u0142abym przy piwie, ale to ju\u017c chyba temat na inny wpis i inny dzie\u0144 (zreszt\u0105, by\u0142o o tym nawet w <a href=\"https:\/\/czerwonawalizka.com\/index.php\/2024\/03\/08\/co-w-czechach-uwielbiam-a-czego-nie-znosze\/\" target=\"_blank\" rel=\"noreferrer noopener\">podca\u015bcie<\/a>). Cho\u0107by ten j\u0119zyk angielski, kt\u00f3rego znajomo\u015b\u0107 w\u015br\u00f3d Czech\u00f3w autorka zachwala \u2013 wielu Czech\u00f3w z m\u0142odej generacji zdecydowanie dobrze po angielsku nie m\u00f3wi; tak, Polacy umiej\u0105 lepiej, nie b\u00f3jmy si\u0119 tego przyzna\u0107 i dogadanie si\u0119 po angielsku podczas podr\u00f3\u017cy w Czechach mo\u017ce by\u0107 pr\u00f3b\u0105 marn\u0105. Czy to polski <em>exodus<\/em>, czy to \u015bwietny poziom kilku wydzia\u0142\u00f3w anglistyki w naszej ojczy\u017anie, czy wszechobecne opcje film\u00f3w z napisami, angielskim pos\u0142ugujemy si\u0119 od Czech\u00f3w nadal lepiej*.<\/p>\n\n\n\n<h2 class=\"wp-block-heading\">Czesi te\u017c maj\u0105 wady<\/h2>\n\n\n\n<p>Do tego pojawia si\u0119 w czeskim spo\u0142ecze\u0144stwie pewna niech\u0119\u0107 do cudzoziemc\u00f3w. Dorota przytoczy\u0142a anegdot\u0119 o tym, jak pewien kelner nie chcia\u0142 rozmawia\u0107 z ni\u0105 po czesku (przeszed\u0142 na angielski) i potraktowa\u0142a powy\u017csze jako wyraz szacunku do w\u0142asnego j\u0119zyka. Oczywi\u015bcie \u2013 mog\u0142o tak by\u0107. Niemniej, te\u017c mi si\u0119 zdarzy\u0142o, \u017ce kto\u015b umy\u015blnie pr\u00f3bowa\u0142 mnie nie zrozumie\u0107, gdy m\u00f3wi\u0142am po czesku. Nie wynika\u0142o to jednak z mojej nieznajomo\u015bci j\u0119zyka, ale raczej pr\u00f3by pokazania mi, \u017ce co\u015b robi\u0119 \u017ale. Niestety g\u0142upie poczucie wy\u017cszo\u015bci nad innymi nacjami, r\u00f3wnie\u017c s\u0105siadami, nie jest w Czechach tak zupe\u0142nie niespotykane (ono jest oczywi\u015bcie obecne te\u017c w Polsce i zapewne w ka\u017cdym innym kraju; puenta jest taka, \u017ce w Czechach jest ono TAK\u017bE i nawet je\u015bli o tym zapominamy, istniej\u0105 szanse, \u017ce kto\u015b nam to w nieprzyjemny spos\u00f3b przypomni).<\/p>\n\n\n\n<p>Niemniej, ta niewielka irytacja przy lekturze \u201eCzechy. Czemu pohoda to nie pogoda? czyli czeski luz\u201d nie pozbawi\u0142a mnie wcale z niej przyjemno\u015bci. My\u015bl\u0119, \u017ce czechofile, szczeg\u00f3lnie ci pocz\u0105tkuj\u0105cy i wchodz\u0105cy w czeski \u015bwiat, znajd\u0105 tu wiele intryguj\u0105cych w\u0105tk\u00f3w i inspiracji do dalszych poszukiwa\u0144 na w\u0142asn\u0105 r\u0119k\u0119; to zdecydowanie dobra pozycja uzupe\u0142niaj\u0105ca podr\u00f3\u017ce po Czechach. @Doroto, je\u015bli, jak zapowiadasz w zako\u0144czeniu, zawitasz kiedy\u015b do Brna, to zapraszam na piwo. Mam wra\u017cenie, \u017ce b\u0119dziemy mia\u0142y o czym rozmawia\u0107 \ud83d\ude09<\/p>\n\n\n\n<p>* Nie chc\u0119 by\u0107 go\u0142os\u0142owna ani podpiera\u0107 si\u0119 argumentem anegdotycznym. Sprawdza\u0142am najnowszy raport EF EPI dotycz\u0105cy poziomu znajomo\u015bci j\u0119zyka angielskiego na \u015bwiecie w krajach nieangloj\u0119zycznych. Polska od wielu lat zajmuje ca\u0142kiem wysok\u0105 pozycj\u0119 (w\u015br\u00f3d kraj\u00f3w europejskich w 2014 zaj\u0119li\u015bmy nawet 6 miejsce!), od jakiego\u015b czasu troch\u0119 spada, w 2023 r. zdoby\u0142a pozycj\u0119 13 (zar\u00f3wno w Europie, jak i na \u015bwiecie). U nas nauka pierwszego j\u0119zyka obcego zaczyna si\u0119 ju\u017c w pierwszej klasie szko\u0142y podstawowej lub nawet w przedszkolu (nawet ja, ponad trzydzie\u015bci lat temu, w biednej Polsce lat 90. chodzi\u0142am do zer\u00f3wki, gdzie by\u0142 angielski).<\/p>\n\n\n\n<p>Czechy we wspomnianym rankingu z roku 2023 zaj\u0119\u0142y pozycj\u0119 21 w Europie i 26 na \u015bwiecie. R\u00f3\u017cnica mi\u0119dzy PL a CZ jest i wg mnie to s\u0142ycha\u0107 na ulicach. Z czego to wynika? W Czechach nauka pierwszego j\u0119zyka obcego w szkole podstawowej zaczyna si\u0119 dopiero w III klasie (czyli w wieku 8 lat, obowi\u0105zek szkolny zaczyna si\u0119 rok wcze\u015bniej ni\u017c w PL). Ten pierwszy j\u0119zyk obcy to zazwyczaj angielski. Jak chodzi o drugi j\u0119zyk obcy w szko\u0142ach: w PL obowi\u0105zek nauki drugiego j\u0119zyka w szkole jest ju\u017c od 2009 r., w CZ od 2014 r., a dzi\u015b w Pradze w og\u00f3le dyskutuje si\u0119 o jego zniesieniu. Przede wszystkim trzeba jednak pami\u0119ta\u0107 o obecnym nad We\u0142taw\u0105 uwielbieniu do WSZECHOBECNEGO dubbingu i czeskich cover\u00f3w \u015bwiatowych hit\u00f3w \u2013 w Czechach ekspozycja na angielski jest po prostu znacznie mniejsza ni\u017c w Polsce. U nas ludzie si\u0142\u0105 rzeczy nasi\u0105kaj\u0105 angielskim, nawet je\u015bli go aktywnie nie u\u017cywaj\u0105. Czesi s\u0105 zdecydowanie bardziej zamkni\u0119ci we w\u0142asnym sosie j\u0119zykowym (i pytanie, czy to dobrze, to temat na osobn\u0105 dyskusj\u0119).<\/p>\n\n\n\n<p>Tutaj rzeczony raport: <a href=\"https:\/\/www.ef.pl\/epi\/regions\/europe\/poland\/\" target=\"_blank\" rel=\"noreferrer noopener\">informacje o PL <\/a>i <a href=\"https:\/\/www.ef.pl\/epi\/regions\/europe\/czech-republic\/\" target=\"_blank\" rel=\"noreferrer noopener\">informacje o CZ<\/a>.<\/p>\n\n\n\n<p>Z pozdrowieniami,<\/p>\n\n\n\n<p>M.<\/p>\n\n\n\n<p>PS Na blogu pojawi\u0142o si\u0119 kilka innych recenzji ksi\u0105\u017cek o Czechach: np. w zesz\u0142ym roku pisa\u0142am o ksi\u0105\u017cce Aleksandra Kaczorowskiego<a href=\"https:\/\/czerwonawalizka.com\/index.php\/2022\/10\/04\/recencja-czechy-to-nevymyslis\/\" target=\"_blank\" rel=\"noreferrer noopener\"> Czechy. To nevymysl\u00ed\u0161<\/a>.<\/p>\n","protected":false},"excerpt":{"rendered":"<p>Czas najwy\u017cszy spisa\u0107 wra\u017cenia z lektury. Ta ksi\u0105\u017cka nie mia\u0142a do mnie prostej drogi \u2013 wys\u0142ana by\u0142a poczt\u0105 polsk\u0105 i zanim dotar\u0142a do moich r\u0105k, musia\u0142a przej\u015b\u0107 jeszcze przez r\u0119ce poczty czeskiej. Luby ochrzani mnie za to generalizowanie, ale ze wszystkich instytucji publicznych mniej ni\u017c tym dw\u00f3m firmom ufam ju\u017c tylko PKP. Ale ksi\u0105\u017cka jednak&hellip; <a class=\"more-link\" href=\"https:\/\/czerwonawalizka.com\/index.php\/2024\/08\/07\/recenzja-czechy-czemu-pohoda-to-nie-pogoda-czyli-czeski-luz\/\">Read More <span class=\"screen-reader-text\">Recenzja \u201eCzechy. Czemu pohoda to nie pogoda? czyli czeski luz\u201d<\/span><\/a><\/p>\n","protected":false},"author":2,"featured_media":4764,"comment_status":"open","ping_status":"open","sticky":false,"template":"","format":"standard","meta":{"jetpack_post_was_ever_published":false,"_jetpack_newsletter_access":"","_jetpack_dont_email_post_to_subs":false,"_jetpack_newsletter_tier_id":0,"_jetpack_memberships_contains_paywalled_content":false,"_jetpack_memberships_contains_paid_content":false,"footnotes":"","jetpack_publicize_message":"","jetpack_publicize_feature_enabled":false,"jetpack_social_post_already_shared":false,"jetpack_social_options":{"image_generator_settings":{"template":"highway","default_image_id":0,"font":"","enabled":false},"version":2}},"categories":[720],"tags":[667,706,320],"class_list":["post-4756","post","type-post","status-publish","format-standard","has-post-thumbnail","hentry","category-przewodniki-po-czechach","tag-ksiazki-o-czechach","tag-podroze-po-czechach","tag-przewodnik-po-czechach"],"yoast_head":"<!-- This site is optimized with the Yoast SEO plugin v27.0 - https:\/\/yoast.com\/product\/yoast-seo-wordpress\/ -->\n<title>Recenzja \u201eCzechy. Czemu pohoda to nie pogoda? czyli czeski luz\u201d - Dziewczyna z czerwon\u0105 walizk\u0105<\/title>\n<meta name=\"description\" content=\"Lato w pe\u0142ni. Szukacie ksi\u0105\u017cki, kt\u00f3ra wprowadzi Was w tematy czeskie? Na blogu recenzja \u201eCzechy. Czemu pohoda to nie pogoda? czyli czeski luz&quot;\" \/>\n<meta name=\"robots\" content=\"index, follow, max-snippet:-1, max-image-preview:large, max-video-preview:-1\" \/>\n<link rel=\"canonical\" href=\"https:\/\/czerwonawalizka.com\/index.php\/2024\/08\/07\/recenzja-czechy-czemu-pohoda-to-nie-pogoda-czyli-czeski-luz\/\" \/>\n<meta property=\"og:locale\" content=\"pl_PL\" \/>\n<meta property=\"og:type\" content=\"article\" \/>\n<meta property=\"og:title\" content=\"Recenzja \u201eCzechy. Czemu pohoda to nie pogoda? czyli czeski luz\u201d - Dziewczyna z czerwon\u0105 walizk\u0105\" \/>\n<meta property=\"og:description\" content=\"Lato w pe\u0142ni. Szukacie ksi\u0105\u017cki, kt\u00f3ra wprowadzi Was w tematy czeskie? Na blogu recenzja \u201eCzechy. Czemu pohoda to nie pogoda? czyli czeski luz&quot;\" \/>\n<meta property=\"og:url\" content=\"https:\/\/czerwonawalizka.com\/index.php\/2024\/08\/07\/recenzja-czechy-czemu-pohoda-to-nie-pogoda-czyli-czeski-luz\/\" \/>\n<meta property=\"og:site_name\" content=\"Dziewczyna z czerwon\u0105 walizk\u0105\" \/>\n<meta property=\"article:published_time\" content=\"2024-08-07T13:46:10+00:00\" \/>\n<meta property=\"article:modified_time\" content=\"2024-11-15T21:54:34+00:00\" \/>\n<meta property=\"og:image\" content=\"https:\/\/czerwonawalizka.com\/wp-content\/uploads\/2024\/08\/czechyluzksiazka-1.png\" \/>\n\t<meta property=\"og:image:width\" content=\"1154\" \/>\n\t<meta property=\"og:image:height\" content=\"645\" \/>\n\t<meta property=\"og:image:type\" content=\"image\/png\" \/>\n<meta name=\"author\" content=\"Marta\" \/>\n<meta name=\"twitter:card\" content=\"summary_large_image\" \/>\n<meta name=\"twitter:label1\" content=\"Napisane przez\" \/>\n\t<meta name=\"twitter:data1\" content=\"Marta\" \/>\n\t<meta name=\"twitter:label2\" content=\"Szacowany czas czytania\" \/>\n\t<meta name=\"twitter:data2\" content=\"9 minut\" \/>\n<script type=\"application\/ld+json\" class=\"yoast-schema-graph\">{\"@context\":\"https:\/\/schema.org\",\"@graph\":[{\"@type\":\"Article\",\"@id\":\"https:\/\/czerwonawalizka.com\/index.php\/2024\/08\/07\/recenzja-czechy-czemu-pohoda-to-nie-pogoda-czyli-czeski-luz\/#article\",\"isPartOf\":{\"@id\":\"https:\/\/czerwonawalizka.com\/index.php\/2024\/08\/07\/recenzja-czechy-czemu-pohoda-to-nie-pogoda-czyli-czeski-luz\/\"},\"author\":{\"name\":\"Marta\",\"@id\":\"https:\/\/czerwonawalizka.com\/#\/schema\/person\/ca9ae0ae7fc0f714249aaa234df8f5cc\"},\"headline\":\"Recenzja \u201eCzechy. Czemu pohoda to nie pogoda? czyli czeski luz\u201d\",\"datePublished\":\"2024-08-07T13:46:10+00:00\",\"dateModified\":\"2024-11-15T21:54:34+00:00\",\"mainEntityOfPage\":{\"@id\":\"https:\/\/czerwonawalizka.com\/index.php\/2024\/08\/07\/recenzja-czechy-czemu-pohoda-to-nie-pogoda-czyli-czeski-luz\/\"},\"wordCount\":1516,\"commentCount\":9,\"publisher\":{\"@id\":\"https:\/\/czerwonawalizka.com\/#\/schema\/person\/ca9ae0ae7fc0f714249aaa234df8f5cc\"},\"image\":{\"@id\":\"https:\/\/czerwonawalizka.com\/index.php\/2024\/08\/07\/recenzja-czechy-czemu-pohoda-to-nie-pogoda-czyli-czeski-luz\/#primaryimage\"},\"thumbnailUrl\":\"https:\/\/czerwonawalizka.com\/wp-content\/uploads\/2024\/08\/czechyluzksiazka-1.png\",\"keywords\":[\"ksi\u0105\u017cki o Czechach\",\"podr\u00f3\u017ce po Czechach\",\"przewodnik po Czechach\"],\"articleSection\":[\"Przewodniki po Czechach\"],\"inLanguage\":\"pl-PL\",\"potentialAction\":[{\"@type\":\"CommentAction\",\"name\":\"Comment\",\"target\":[\"https:\/\/czerwonawalizka.com\/index.php\/2024\/08\/07\/recenzja-czechy-czemu-pohoda-to-nie-pogoda-czyli-czeski-luz\/#respond\"]}]},{\"@type\":\"WebPage\",\"@id\":\"https:\/\/czerwonawalizka.com\/index.php\/2024\/08\/07\/recenzja-czechy-czemu-pohoda-to-nie-pogoda-czyli-czeski-luz\/\",\"url\":\"https:\/\/czerwonawalizka.com\/index.php\/2024\/08\/07\/recenzja-czechy-czemu-pohoda-to-nie-pogoda-czyli-czeski-luz\/\",\"name\":\"Recenzja \u201eCzechy. Czemu pohoda to nie pogoda? czyli czeski luz\u201d - Dziewczyna z czerwon\u0105 walizk\u0105\",\"isPartOf\":{\"@id\":\"https:\/\/czerwonawalizka.com\/#website\"},\"primaryImageOfPage\":{\"@id\":\"https:\/\/czerwonawalizka.com\/index.php\/2024\/08\/07\/recenzja-czechy-czemu-pohoda-to-nie-pogoda-czyli-czeski-luz\/#primaryimage\"},\"image\":{\"@id\":\"https:\/\/czerwonawalizka.com\/index.php\/2024\/08\/07\/recenzja-czechy-czemu-pohoda-to-nie-pogoda-czyli-czeski-luz\/#primaryimage\"},\"thumbnailUrl\":\"https:\/\/czerwonawalizka.com\/wp-content\/uploads\/2024\/08\/czechyluzksiazka-1.png\",\"datePublished\":\"2024-08-07T13:46:10+00:00\",\"dateModified\":\"2024-11-15T21:54:34+00:00\",\"description\":\"Lato w pe\u0142ni. Szukacie ksi\u0105\u017cki, kt\u00f3ra wprowadzi Was w tematy czeskie? Na blogu recenzja \u201eCzechy. Czemu pohoda to nie pogoda? czyli czeski luz\\\"\",\"breadcrumb\":{\"@id\":\"https:\/\/czerwonawalizka.com\/index.php\/2024\/08\/07\/recenzja-czechy-czemu-pohoda-to-nie-pogoda-czyli-czeski-luz\/#breadcrumb\"},\"inLanguage\":\"pl-PL\",\"potentialAction\":[{\"@type\":\"ReadAction\",\"target\":[\"https:\/\/czerwonawalizka.com\/index.php\/2024\/08\/07\/recenzja-czechy-czemu-pohoda-to-nie-pogoda-czyli-czeski-luz\/\"]}]},{\"@type\":\"ImageObject\",\"inLanguage\":\"pl-PL\",\"@id\":\"https:\/\/czerwonawalizka.com\/index.php\/2024\/08\/07\/recenzja-czechy-czemu-pohoda-to-nie-pogoda-czyli-czeski-luz\/#primaryimage\",\"url\":\"https:\/\/czerwonawalizka.com\/wp-content\/uploads\/2024\/08\/czechyluzksiazka-1.png\",\"contentUrl\":\"https:\/\/czerwonawalizka.com\/wp-content\/uploads\/2024\/08\/czechyluzksiazka-1.png\",\"width\":1154,\"height\":645,\"caption\":\"Czechy. Czemu pohoda to nie pogoda? czyli czeski luz\"},{\"@type\":\"BreadcrumbList\",\"@id\":\"https:\/\/czerwonawalizka.com\/index.php\/2024\/08\/07\/recenzja-czechy-czemu-pohoda-to-nie-pogoda-czyli-czeski-luz\/#breadcrumb\",\"itemListElement\":[{\"@type\":\"ListItem\",\"position\":1,\"name\":\"Home\",\"item\":\"https:\/\/czerwonawalizka.com\/\"},{\"@type\":\"ListItem\",\"position\":2,\"name\":\"Recenzja \u201eCzechy. Czemu pohoda to nie pogoda? czyli czeski luz\u201d\"}]},{\"@type\":\"WebSite\",\"@id\":\"https:\/\/czerwonawalizka.com\/#website\",\"url\":\"https:\/\/czerwonawalizka.com\/\",\"name\":\"Dziewczyna z czerwon\u0105 walizk\u0105\",\"description\":\"Blog patchworkowy\",\"publisher\":{\"@id\":\"https:\/\/czerwonawalizka.com\/#\/schema\/person\/ca9ae0ae7fc0f714249aaa234df8f5cc\"},\"potentialAction\":[{\"@type\":\"SearchAction\",\"target\":{\"@type\":\"EntryPoint\",\"urlTemplate\":\"https:\/\/czerwonawalizka.com\/?s={search_term_string}\"},\"query-input\":{\"@type\":\"PropertyValueSpecification\",\"valueRequired\":true,\"valueName\":\"search_term_string\"}}],\"inLanguage\":\"pl-PL\"},{\"@type\":[\"Person\",\"Organization\"],\"@id\":\"https:\/\/czerwonawalizka.com\/#\/schema\/person\/ca9ae0ae7fc0f714249aaa234df8f5cc\",\"name\":\"Marta\",\"image\":{\"@type\":\"ImageObject\",\"inLanguage\":\"pl-PL\",\"@id\":\"https:\/\/czerwonawalizka.com\/#\/schema\/person\/image\/\",\"url\":\"https:\/\/czerwonawalizka.com\/wp-content\/uploads\/2017\/06\/cropped-logo6-1.png\",\"contentUrl\":\"https:\/\/czerwonawalizka.com\/wp-content\/uploads\/2017\/06\/cropped-logo6-1.png\",\"width\":1108,\"height\":480,\"caption\":\"Marta\"},\"logo\":{\"@id\":\"https:\/\/czerwonawalizka.com\/#\/schema\/person\/image\/\"},\"sameAs\":[\"http:\/\/www.czerwonawalizka.com\"],\"url\":\"https:\/\/czerwonawalizka.com\/index.php\/author\/dziewczyna-z-czerwona-walizka\/\"}]}<\/script>\n<!-- \/ Yoast SEO plugin. -->","yoast_head_json":{"title":"Recenzja \u201eCzechy. Czemu pohoda to nie pogoda? czyli czeski luz\u201d - Dziewczyna z czerwon\u0105 walizk\u0105","description":"Lato w pe\u0142ni. Szukacie ksi\u0105\u017cki, kt\u00f3ra wprowadzi Was w tematy czeskie? Na blogu recenzja \u201eCzechy. Czemu pohoda to nie pogoda? czyli czeski luz\"","robots":{"index":"index","follow":"follow","max-snippet":"max-snippet:-1","max-image-preview":"max-image-preview:large","max-video-preview":"max-video-preview:-1"},"canonical":"https:\/\/czerwonawalizka.com\/index.php\/2024\/08\/07\/recenzja-czechy-czemu-pohoda-to-nie-pogoda-czyli-czeski-luz\/","og_locale":"pl_PL","og_type":"article","og_title":"Recenzja \u201eCzechy. Czemu pohoda to nie pogoda? czyli czeski luz\u201d - Dziewczyna z czerwon\u0105 walizk\u0105","og_description":"Lato w pe\u0142ni. Szukacie ksi\u0105\u017cki, kt\u00f3ra wprowadzi Was w tematy czeskie? Na blogu recenzja \u201eCzechy. Czemu pohoda to nie pogoda? czyli czeski luz\"","og_url":"https:\/\/czerwonawalizka.com\/index.php\/2024\/08\/07\/recenzja-czechy-czemu-pohoda-to-nie-pogoda-czyli-czeski-luz\/","og_site_name":"Dziewczyna z czerwon\u0105 walizk\u0105","article_published_time":"2024-08-07T13:46:10+00:00","article_modified_time":"2024-11-15T21:54:34+00:00","og_image":[{"width":1154,"height":645,"url":"https:\/\/czerwonawalizka.com\/wp-content\/uploads\/2024\/08\/czechyluzksiazka-1.png","type":"image\/png"}],"author":"Marta","twitter_card":"summary_large_image","twitter_misc":{"Napisane przez":"Marta","Szacowany czas czytania":"9 minut"},"schema":{"@context":"https:\/\/schema.org","@graph":[{"@type":"Article","@id":"https:\/\/czerwonawalizka.com\/index.php\/2024\/08\/07\/recenzja-czechy-czemu-pohoda-to-nie-pogoda-czyli-czeski-luz\/#article","isPartOf":{"@id":"https:\/\/czerwonawalizka.com\/index.php\/2024\/08\/07\/recenzja-czechy-czemu-pohoda-to-nie-pogoda-czyli-czeski-luz\/"},"author":{"name":"Marta","@id":"https:\/\/czerwonawalizka.com\/#\/schema\/person\/ca9ae0ae7fc0f714249aaa234df8f5cc"},"headline":"Recenzja \u201eCzechy. Czemu pohoda to nie pogoda? czyli czeski luz\u201d","datePublished":"2024-08-07T13:46:10+00:00","dateModified":"2024-11-15T21:54:34+00:00","mainEntityOfPage":{"@id":"https:\/\/czerwonawalizka.com\/index.php\/2024\/08\/07\/recenzja-czechy-czemu-pohoda-to-nie-pogoda-czyli-czeski-luz\/"},"wordCount":1516,"commentCount":9,"publisher":{"@id":"https:\/\/czerwonawalizka.com\/#\/schema\/person\/ca9ae0ae7fc0f714249aaa234df8f5cc"},"image":{"@id":"https:\/\/czerwonawalizka.com\/index.php\/2024\/08\/07\/recenzja-czechy-czemu-pohoda-to-nie-pogoda-czyli-czeski-luz\/#primaryimage"},"thumbnailUrl":"https:\/\/czerwonawalizka.com\/wp-content\/uploads\/2024\/08\/czechyluzksiazka-1.png","keywords":["ksi\u0105\u017cki o Czechach","podr\u00f3\u017ce po Czechach","przewodnik po Czechach"],"articleSection":["Przewodniki po Czechach"],"inLanguage":"pl-PL","potentialAction":[{"@type":"CommentAction","name":"Comment","target":["https:\/\/czerwonawalizka.com\/index.php\/2024\/08\/07\/recenzja-czechy-czemu-pohoda-to-nie-pogoda-czyli-czeski-luz\/#respond"]}]},{"@type":"WebPage","@id":"https:\/\/czerwonawalizka.com\/index.php\/2024\/08\/07\/recenzja-czechy-czemu-pohoda-to-nie-pogoda-czyli-czeski-luz\/","url":"https:\/\/czerwonawalizka.com\/index.php\/2024\/08\/07\/recenzja-czechy-czemu-pohoda-to-nie-pogoda-czyli-czeski-luz\/","name":"Recenzja \u201eCzechy. Czemu pohoda to nie pogoda? czyli czeski luz\u201d - Dziewczyna z czerwon\u0105 walizk\u0105","isPartOf":{"@id":"https:\/\/czerwonawalizka.com\/#website"},"primaryImageOfPage":{"@id":"https:\/\/czerwonawalizka.com\/index.php\/2024\/08\/07\/recenzja-czechy-czemu-pohoda-to-nie-pogoda-czyli-czeski-luz\/#primaryimage"},"image":{"@id":"https:\/\/czerwonawalizka.com\/index.php\/2024\/08\/07\/recenzja-czechy-czemu-pohoda-to-nie-pogoda-czyli-czeski-luz\/#primaryimage"},"thumbnailUrl":"https:\/\/czerwonawalizka.com\/wp-content\/uploads\/2024\/08\/czechyluzksiazka-1.png","datePublished":"2024-08-07T13:46:10+00:00","dateModified":"2024-11-15T21:54:34+00:00","description":"Lato w pe\u0142ni. Szukacie ksi\u0105\u017cki, kt\u00f3ra wprowadzi Was w tematy czeskie? Na blogu recenzja \u201eCzechy. Czemu pohoda to nie pogoda? czyli czeski luz\"","breadcrumb":{"@id":"https:\/\/czerwonawalizka.com\/index.php\/2024\/08\/07\/recenzja-czechy-czemu-pohoda-to-nie-pogoda-czyli-czeski-luz\/#breadcrumb"},"inLanguage":"pl-PL","potentialAction":[{"@type":"ReadAction","target":["https:\/\/czerwonawalizka.com\/index.php\/2024\/08\/07\/recenzja-czechy-czemu-pohoda-to-nie-pogoda-czyli-czeski-luz\/"]}]},{"@type":"ImageObject","inLanguage":"pl-PL","@id":"https:\/\/czerwonawalizka.com\/index.php\/2024\/08\/07\/recenzja-czechy-czemu-pohoda-to-nie-pogoda-czyli-czeski-luz\/#primaryimage","url":"https:\/\/czerwonawalizka.com\/wp-content\/uploads\/2024\/08\/czechyluzksiazka-1.png","contentUrl":"https:\/\/czerwonawalizka.com\/wp-content\/uploads\/2024\/08\/czechyluzksiazka-1.png","width":1154,"height":645,"caption":"Czechy. Czemu pohoda to nie pogoda? czyli czeski luz"},{"@type":"BreadcrumbList","@id":"https:\/\/czerwonawalizka.com\/index.php\/2024\/08\/07\/recenzja-czechy-czemu-pohoda-to-nie-pogoda-czyli-czeski-luz\/#breadcrumb","itemListElement":[{"@type":"ListItem","position":1,"name":"Home","item":"https:\/\/czerwonawalizka.com\/"},{"@type":"ListItem","position":2,"name":"Recenzja \u201eCzechy. Czemu pohoda to nie pogoda? czyli czeski luz\u201d"}]},{"@type":"WebSite","@id":"https:\/\/czerwonawalizka.com\/#website","url":"https:\/\/czerwonawalizka.com\/","name":"Dziewczyna z czerwon\u0105 walizk\u0105","description":"Blog patchworkowy","publisher":{"@id":"https:\/\/czerwonawalizka.com\/#\/schema\/person\/ca9ae0ae7fc0f714249aaa234df8f5cc"},"potentialAction":[{"@type":"SearchAction","target":{"@type":"EntryPoint","urlTemplate":"https:\/\/czerwonawalizka.com\/?s={search_term_string}"},"query-input":{"@type":"PropertyValueSpecification","valueRequired":true,"valueName":"search_term_string"}}],"inLanguage":"pl-PL"},{"@type":["Person","Organization"],"@id":"https:\/\/czerwonawalizka.com\/#\/schema\/person\/ca9ae0ae7fc0f714249aaa234df8f5cc","name":"Marta","image":{"@type":"ImageObject","inLanguage":"pl-PL","@id":"https:\/\/czerwonawalizka.com\/#\/schema\/person\/image\/","url":"https:\/\/czerwonawalizka.com\/wp-content\/uploads\/2017\/06\/cropped-logo6-1.png","contentUrl":"https:\/\/czerwonawalizka.com\/wp-content\/uploads\/2017\/06\/cropped-logo6-1.png","width":1108,"height":480,"caption":"Marta"},"logo":{"@id":"https:\/\/czerwonawalizka.com\/#\/schema\/person\/image\/"},"sameAs":["http:\/\/www.czerwonawalizka.com"],"url":"https:\/\/czerwonawalizka.com\/index.php\/author\/dziewczyna-z-czerwona-walizka\/"}]}},"jetpack_publicize_connections":[],"jetpack_featured_media_url":"https:\/\/czerwonawalizka.com\/wp-content\/uploads\/2024\/08\/czechyluzksiazka-1.png","jetpack_sharing_enabled":true,"jetpack_shortlink":"https:\/\/wp.me\/p8RvtB-1eI","jetpack_likes_enabled":false,"_links":{"self":[{"href":"https:\/\/czerwonawalizka.com\/index.php\/wp-json\/wp\/v2\/posts\/4756","targetHints":{"allow":["GET"]}}],"collection":[{"href":"https:\/\/czerwonawalizka.com\/index.php\/wp-json\/wp\/v2\/posts"}],"about":[{"href":"https:\/\/czerwonawalizka.com\/index.php\/wp-json\/wp\/v2\/types\/post"}],"author":[{"embeddable":true,"href":"https:\/\/czerwonawalizka.com\/index.php\/wp-json\/wp\/v2\/users\/2"}],"replies":[{"embeddable":true,"href":"https:\/\/czerwonawalizka.com\/index.php\/wp-json\/wp\/v2\/comments?post=4756"}],"version-history":[{"count":6,"href":"https:\/\/czerwonawalizka.com\/index.php\/wp-json\/wp\/v2\/posts\/4756\/revisions"}],"predecessor-version":[{"id":4767,"href":"https:\/\/czerwonawalizka.com\/index.php\/wp-json\/wp\/v2\/posts\/4756\/revisions\/4767"}],"wp:featuredmedia":[{"embeddable":true,"href":"https:\/\/czerwonawalizka.com\/index.php\/wp-json\/wp\/v2\/media\/4764"}],"wp:attachment":[{"href":"https:\/\/czerwonawalizka.com\/index.php\/wp-json\/wp\/v2\/media?parent=4756"}],"wp:term":[{"taxonomy":"category","embeddable":true,"href":"https:\/\/czerwonawalizka.com\/index.php\/wp-json\/wp\/v2\/categories?post=4756"},{"taxonomy":"post_tag","embeddable":true,"href":"https:\/\/czerwonawalizka.com\/index.php\/wp-json\/wp\/v2\/tags?post=4756"}],"curies":[{"name":"wp","href":"https:\/\/api.w.org\/{rel}","templated":true}]}}