{"id":458,"date":"2016-01-24T00:27:13","date_gmt":"2016-01-23T23:27:13","guid":{"rendered":"https:\/\/walizkaczerwona.wordpress.com\/?p=458"},"modified":"2018-09-25T16:04:15","modified_gmt":"2018-09-25T14:04:15","slug":"osobiscie-znowu","status":"publish","type":"post","link":"https:\/\/czerwonawalizka.com\/index.php\/2016\/01\/24\/osobiscie-znowu\/","title":{"rendered":"Osobi\u015bcie. Znowu"},"content":{"rendered":"<p style=\"text-align:justify;\">Dzi\u015b jako\u015b tak mnie natchn\u0119\u0142o filozoficznie. Koniec i pocz\u0105tek roku dawno ju\u017c za nami, ba, prze\u017cyli\u015bmy te\u017c podobno najgorszy poniedzia\u0142ek roku, czas wi\u0119c na ma\u0142e podsumowanie. Co da\u0142a mi przeprowadzka? Co si\u0119 zmieni\u0142o? Co odkry\u0142am?<\/p>\n<figure id=\"attachment_472\" aria-describedby=\"caption-attachment-472\" style=\"width: 225px\" class=\"wp-caption aligncenter\"><img loading=\"lazy\" decoding=\"async\" class=\" size-medium wp-image-472 aligncenter\" src=\"https:\/\/walizkaczerwona.files.wordpress.com\/2016\/01\/p1630657.jpg?w=225\" alt=\"P1630657\" width=\"225\" height=\"300\" \/><figcaption id=\"caption-attachment-472\" class=\"wp-caption-text\">Przez okienko na Porto<\/figcaption><\/figure>\n<p style=\"text-align:justify;\"><!--more--><\/p>\n<p style=\"text-align:justify;\">Obserwacji jest kilka. O dziwo, wi\u0119kszo\u015b\u0107 z nich nie dotyczy tego, co czeskie i zewn\u0119trzne, i otaczaj\u0105ce mnie zewsz\u0105d. Wi\u0119kszo\u015b\u0107 dotyczy tego, co w \u015brodku, rzecz jasna.<\/p>\n<p style=\"text-align:justify;\">Wyprowadzka do innego kraju zmusza do otwarcia si\u0119 na nowo\u015bci. Ju\u017c chyba o tym kiedy\u015b pisa\u0142am: podr\u00f3\u017c wyci\u0105ga z utartych szlak\u00f3w, wyrywa z korzeniami z rutyny, zmusza do my\u015blenia. Inaczej si\u0119 po prostu nie przetrwa. No, chyba, \u017ce kto\u015b wybra\u0142 wakacje All Inclusive i wci\u0105\u017c upiera si\u0119 przy nazywaniu wakacji podr\u00f3\u017c\u0105.<\/p>\n<p style=\"text-align:justify;\">Czego si\u0119 nauczy\u0142am?<\/p>\n<figure id=\"attachment_493\" aria-describedby=\"caption-attachment-493\" style=\"width: 300px\" class=\"wp-caption alignleft\"><img loading=\"lazy\" decoding=\"async\" class=\"alignnone size-medium wp-image-493\" src=\"https:\/\/walizkaczerwona.files.wordpress.com\/2016\/01\/pa070065.jpg?w=300\" alt=\"OLYMPUS DIGITAL CAMERA\" width=\"300\" height=\"225\" \/><figcaption id=\"caption-attachment-493\" class=\"wp-caption-text\">Stopami w oceanie!<\/figcaption><\/figure>\n<p style=\"text-align:justify;\">\u017be najwa\u017cniejszy jest spok\u00f3j. Gdziekolwiek nie jestem, i tak najwa\u017cniejsze jest to, by nie zapomnie\u0107 o tym, co dla mnie jest naprawd\u0119 wa\u017cne. \u017be sw\u00f3j w\u0142asny \u015bwiat nosimy w \u015brodku i \u017ce nie pozb\u0119dziemy si\u0119 go w \u017caden spos\u00f3b, bez wzgl\u0119du na szeroko\u015b\u0107 geograficzn\u0105.<\/p>\n<p style=\"text-align:justify;\">\u017be \u017cycie naprawd\u0119 sk\u0142ada si\u0119 z ma\u0142ych przyjemno\u015bci i kr\u00f3tkich chwil. Wi\u0119c trzeba ich gromadzi\u0107 jak najwi\u0119cej: nawet, jak jest to tylko ksi\u0105\u017cka przed za\u015bni\u0119ciem albo kawa\u0142ek czekolady czy 10 minut jogi.<\/p>\n<p style=\"text-align:justify;\">No i chyba najwa\u017cniejsze: jak postanowi\u0119, tak robi\u0119. Nie jestem do ko\u0144ca pewna, jak, ale uda\u0142o mi si\u0119 naby\u0107 \u015bwiadomo\u015b\u0107 tego, co i dlaczego robi\u0119. Nie ma ju\u017c (no, albo prawie!) bezsensownego trawienia czasu na czynno\u015bciach, kt\u00f3re niczemu nie s\u0142u\u017c\u0105 i nikomu nie pomagaj\u0105: teraz rzeczy musz\u0105 mie\u0107 sens, a je\u015bli nie maj\u0105 &#8211; nie mam skrupu\u0142\u00f3w,\u00a0 by si\u0119 ich pozby\u0107, raz, a porz\u0105dnie!<\/p>\n<figure id=\"attachment_460\" aria-describedby=\"caption-attachment-460\" style=\"width: 225px\" class=\"wp-caption alignright\"><img loading=\"lazy\" decoding=\"async\" class=\" size-medium wp-image-460 alignright\" src=\"https:\/\/walizkaczerwona.files.wordpress.com\/2016\/01\/p1630803.jpg?w=225\" alt=\"P1630803\" width=\"225\" height=\"300\" \/><figcaption id=\"caption-attachment-460\" class=\"wp-caption-text\">Na dworcu w Porto<\/figcaption><\/figure>\n<p style=\"text-align:justify;\">Nieoczekiwanie dowiedzia\u0142am si\u0119 kilku rzeczy o sobie &#8211; nowe miejsce i nowa praca odkry\u0142a moj\u0105 konkretn\u0105 i sumienn\u0105 stron\u0119. Kto by si\u0119 spodziewa\u0142! Od zawsze lubi\u0142am logiczne my\u015blenie, ale nigdy nie s\u0105dzi\u0142am, \u017ce b\u0119d\u0119 w stanie ogarn\u0105\u0107 tysi\u0105c i jedn\u0105 rzecz wi\u0119cej na raz, i przy tym nie zwariowa\u0107.<\/p>\n<p style=\"text-align:justify;\">Co do tego wariactwa, to nie jest to jeszcze przes\u0105dzone &#8211; kolejn\u0105 rzecz\u0105 jest to, \u017ce przejmuj\u0119 si\u0119 wszystkim du\u017co bardziej, ni\u017c bym sobie \u017cyczy\u0142a! Gruba sk\u00f3ra, oto czego mi trzeba. Kolejna rzecz do nauczenia, kolejna, kt\u00f3ra przychodzi z do\u015bwiadczeniem.<\/p>\n<p style=\"text-align:justify;\">Czy co\u015b jeszcze? \u017be potrzeba czego\u015b wi\u0119cej ni\u017c samo mieszkanie i \u017cycie, by pozna\u0107 kraj i jego ludzi. \u017be wsz\u0119dzie znajd\u0105 si\u0119 dobrzy ludzie, wystarczy si\u0119 u\u015bmiechn\u0105\u0107.<\/p>\n<p style=\"text-align:justify;\">I \u017ce jakkolwiek paradoksalnie by to nie brzmia\u0142o, \u015bwiat jest pe\u0142en dobrych ludzi, a tak\u017ce &#8211; idiot\u00f3w. C\u00f3\u017c za paradoks.<\/p>\n<p style=\"text-align:justify;\">Taki to gorzko-s\u0142odki smak poznawania kolejnego kawa\u0142ka \u015bwiata.<\/p>\n<p style=\"text-align:justify;\">alfa<\/p>\n","protected":false},"excerpt":{"rendered":"<p>Dzi\u015b jako\u015b tak mnie natchn\u0119\u0142o filozoficznie. Koniec i pocz\u0105tek roku dawno ju\u017c za nami, ba, prze\u017cyli\u015bmy te\u017c podobno najgorszy poniedzia\u0142ek roku, czas wi\u0119c na ma\u0142e podsumowanie. Co da\u0142a mi przeprowadzka? Co si\u0119 zmieni\u0142o? Co odkry\u0142am?<\/p>\n","protected":false},"author":1,"featured_media":481,"comment_status":"open","ping_status":"open","sticky":false,"template":"","format":"standard","meta":{"jetpack_post_was_ever_published":false,"_jetpack_newsletter_access":"","_jetpack_dont_email_post_to_subs":false,"_jetpack_newsletter_tier_id":0,"_jetpack_memberships_contains_paywalled_content":false,"_jetpack_memberships_contains_paid_content":false,"footnotes":"","jetpack_publicize_message":"","jetpack_publicize_feature_enabled":true,"jetpack_social_post_already_shared":false,"jetpack_social_options":{"image_generator_settings":{"template":"highway","default_image_id":0,"font":"","enabled":false},"version":2}},"categories":[18,7],"tags":[56,119,189],"class_list":["post-458","post","type-post","status-publish","format-standard","has-post-thumbnail","hentry","category-dobre-zycie","category-myslodsiewnia","tag-decyzje","tag-podroze","tag-zyciowe"],"yoast_head":"<!-- This site is optimized with the Yoast SEO plugin v27.0 - https:\/\/yoast.com\/product\/yoast-seo-wordpress\/ -->\n<title>Osobi\u015bcie. Znowu - Dziewczyna z czerwon\u0105 walizk\u0105<\/title>\n<meta name=\"robots\" content=\"index, follow, max-snippet:-1, max-image-preview:large, max-video-preview:-1\" \/>\n<link rel=\"canonical\" href=\"https:\/\/czerwonawalizka.com\/index.php\/2016\/01\/24\/osobiscie-znowu\/\" \/>\n<meta property=\"og:locale\" content=\"pl_PL\" \/>\n<meta property=\"og:type\" content=\"article\" \/>\n<meta property=\"og:title\" content=\"Osobi\u015bcie. Znowu - Dziewczyna z czerwon\u0105 walizk\u0105\" \/>\n<meta property=\"og:description\" content=\"Dzi\u015b jako\u015b tak mnie natchn\u0119\u0142o filozoficznie. Koniec i pocz\u0105tek roku dawno ju\u017c za nami, ba, prze\u017cyli\u015bmy te\u017c podobno najgorszy poniedzia\u0142ek roku, czas wi\u0119c na ma\u0142e podsumowanie. Co da\u0142a mi przeprowadzka? Co si\u0119 zmieni\u0142o? Co odkry\u0142am?\" \/>\n<meta property=\"og:url\" content=\"https:\/\/czerwonawalizka.com\/index.php\/2016\/01\/24\/osobiscie-znowu\/\" \/>\n<meta property=\"og:site_name\" content=\"Dziewczyna z czerwon\u0105 walizk\u0105\" \/>\n<meta property=\"article:published_time\" content=\"2016-01-23T23:27:13+00:00\" \/>\n<meta property=\"article:modified_time\" content=\"2018-09-25T14:04:15+00:00\" \/>\n<meta name=\"author\" content=\"usrob\" \/>\n<meta name=\"twitter:card\" content=\"summary_large_image\" \/>\n<meta name=\"twitter:label1\" content=\"Napisane przez\" \/>\n\t<meta name=\"twitter:data1\" content=\"usrob\" \/>\n\t<meta name=\"twitter:label2\" content=\"Szacowany czas czytania\" \/>\n\t<meta name=\"twitter:data2\" content=\"3 minuty\" \/>\n<script type=\"application\/ld+json\" class=\"yoast-schema-graph\">{\"@context\":\"https:\/\/schema.org\",\"@graph\":[{\"@type\":\"Article\",\"@id\":\"https:\/\/czerwonawalizka.com\/index.php\/2016\/01\/24\/osobiscie-znowu\/#article\",\"isPartOf\":{\"@id\":\"https:\/\/czerwonawalizka.com\/index.php\/2016\/01\/24\/osobiscie-znowu\/\"},\"author\":{\"name\":\"usrob\",\"@id\":\"https:\/\/czerwonawalizka.com\/#\/schema\/person\/88e2203c2602630f8d79976e06834b41\"},\"headline\":\"Osobi\u015bcie. Znowu\",\"datePublished\":\"2016-01-23T23:27:13+00:00\",\"dateModified\":\"2018-09-25T14:04:15+00:00\",\"mainEntityOfPage\":{\"@id\":\"https:\/\/czerwonawalizka.com\/index.php\/2016\/01\/24\/osobiscie-znowu\/\"},\"wordCount\":508,\"commentCount\":0,\"publisher\":{\"@id\":\"https:\/\/czerwonawalizka.com\/#\/schema\/person\/ca9ae0ae7fc0f714249aaa234df8f5cc\"},\"image\":{\"@id\":\"https:\/\/czerwonawalizka.com\/index.php\/2016\/01\/24\/osobiscie-znowu\/#primaryimage\"},\"thumbnailUrl\":\"\",\"keywords\":[\"decyzje\",\"podr\u00f3\u017ce\",\"\u017cyciowe\"],\"articleSection\":[\"dobre \u017cycie\",\"My\u015blodsiewnia\"],\"inLanguage\":\"pl-PL\",\"potentialAction\":[{\"@type\":\"CommentAction\",\"name\":\"Comment\",\"target\":[\"https:\/\/czerwonawalizka.com\/index.php\/2016\/01\/24\/osobiscie-znowu\/#respond\"]}]},{\"@type\":\"WebPage\",\"@id\":\"https:\/\/czerwonawalizka.com\/index.php\/2016\/01\/24\/osobiscie-znowu\/\",\"url\":\"https:\/\/czerwonawalizka.com\/index.php\/2016\/01\/24\/osobiscie-znowu\/\",\"name\":\"Osobi\u015bcie. Znowu - Dziewczyna z czerwon\u0105 walizk\u0105\",\"isPartOf\":{\"@id\":\"https:\/\/czerwonawalizka.com\/#website\"},\"primaryImageOfPage\":{\"@id\":\"https:\/\/czerwonawalizka.com\/index.php\/2016\/01\/24\/osobiscie-znowu\/#primaryimage\"},\"image\":{\"@id\":\"https:\/\/czerwonawalizka.com\/index.php\/2016\/01\/24\/osobiscie-znowu\/#primaryimage\"},\"thumbnailUrl\":\"\",\"datePublished\":\"2016-01-23T23:27:13+00:00\",\"dateModified\":\"2018-09-25T14:04:15+00:00\",\"breadcrumb\":{\"@id\":\"https:\/\/czerwonawalizka.com\/index.php\/2016\/01\/24\/osobiscie-znowu\/#breadcrumb\"},\"inLanguage\":\"pl-PL\",\"potentialAction\":[{\"@type\":\"ReadAction\",\"target\":[\"https:\/\/czerwonawalizka.com\/index.php\/2016\/01\/24\/osobiscie-znowu\/\"]}]},{\"@type\":\"ImageObject\",\"inLanguage\":\"pl-PL\",\"@id\":\"https:\/\/czerwonawalizka.com\/index.php\/2016\/01\/24\/osobiscie-znowu\/#primaryimage\",\"url\":\"\",\"contentUrl\":\"\"},{\"@type\":\"BreadcrumbList\",\"@id\":\"https:\/\/czerwonawalizka.com\/index.php\/2016\/01\/24\/osobiscie-znowu\/#breadcrumb\",\"itemListElement\":[{\"@type\":\"ListItem\",\"position\":1,\"name\":\"Home\",\"item\":\"https:\/\/czerwonawalizka.com\/\"},{\"@type\":\"ListItem\",\"position\":2,\"name\":\"Osobi\u015bcie. Znowu\"}]},{\"@type\":\"WebSite\",\"@id\":\"https:\/\/czerwonawalizka.com\/#website\",\"url\":\"https:\/\/czerwonawalizka.com\/\",\"name\":\"Dziewczyna z czerwon\u0105 walizk\u0105\",\"description\":\"Blog patchworkowy\",\"publisher\":{\"@id\":\"https:\/\/czerwonawalizka.com\/#\/schema\/person\/ca9ae0ae7fc0f714249aaa234df8f5cc\"},\"potentialAction\":[{\"@type\":\"SearchAction\",\"target\":{\"@type\":\"EntryPoint\",\"urlTemplate\":\"https:\/\/czerwonawalizka.com\/?s={search_term_string}\"},\"query-input\":{\"@type\":\"PropertyValueSpecification\",\"valueRequired\":true,\"valueName\":\"search_term_string\"}}],\"inLanguage\":\"pl-PL\"},{\"@type\":[\"Person\",\"Organization\"],\"@id\":\"https:\/\/czerwonawalizka.com\/#\/schema\/person\/ca9ae0ae7fc0f714249aaa234df8f5cc\",\"name\":\"Marta\",\"image\":{\"@type\":\"ImageObject\",\"inLanguage\":\"pl-PL\",\"@id\":\"https:\/\/czerwonawalizka.com\/#\/schema\/person\/image\/\",\"url\":\"https:\/\/czerwonawalizka.com\/wp-content\/uploads\/2017\/06\/cropped-logo6-1.png\",\"contentUrl\":\"https:\/\/czerwonawalizka.com\/wp-content\/uploads\/2017\/06\/cropped-logo6-1.png\",\"width\":1108,\"height\":480,\"caption\":\"Marta\"},\"logo\":{\"@id\":\"https:\/\/czerwonawalizka.com\/#\/schema\/person\/image\/\"},\"sameAs\":[\"http:\/\/www.czerwonawalizka.com\"]},{\"@type\":\"Person\",\"@id\":\"https:\/\/czerwonawalizka.com\/#\/schema\/person\/88e2203c2602630f8d79976e06834b41\",\"name\":\"usrob\",\"image\":{\"@type\":\"ImageObject\",\"inLanguage\":\"pl-PL\",\"@id\":\"https:\/\/czerwonawalizka.com\/#\/schema\/person\/image\/\",\"url\":\"https:\/\/secure.gravatar.com\/avatar\/181694b20bb44625a3d898692d4efa04fc9da2d80db042c214af3c5ec9cf1c75?s=96&d=mm&r=g\",\"contentUrl\":\"https:\/\/secure.gravatar.com\/avatar\/181694b20bb44625a3d898692d4efa04fc9da2d80db042c214af3c5ec9cf1c75?s=96&d=mm&r=g\",\"caption\":\"usrob\"},\"url\":\"https:\/\/czerwonawalizka.com\/index.php\/author\/usrob\/\"}]}<\/script>\n<!-- \/ Yoast SEO plugin. -->","yoast_head_json":{"title":"Osobi\u015bcie. Znowu - Dziewczyna z czerwon\u0105 walizk\u0105","robots":{"index":"index","follow":"follow","max-snippet":"max-snippet:-1","max-image-preview":"max-image-preview:large","max-video-preview":"max-video-preview:-1"},"canonical":"https:\/\/czerwonawalizka.com\/index.php\/2016\/01\/24\/osobiscie-znowu\/","og_locale":"pl_PL","og_type":"article","og_title":"Osobi\u015bcie. Znowu - Dziewczyna z czerwon\u0105 walizk\u0105","og_description":"Dzi\u015b jako\u015b tak mnie natchn\u0119\u0142o filozoficznie. Koniec i pocz\u0105tek roku dawno ju\u017c za nami, ba, prze\u017cyli\u015bmy te\u017c podobno najgorszy poniedzia\u0142ek roku, czas wi\u0119c na ma\u0142e podsumowanie. Co da\u0142a mi przeprowadzka? Co si\u0119 zmieni\u0142o? Co odkry\u0142am?","og_url":"https:\/\/czerwonawalizka.com\/index.php\/2016\/01\/24\/osobiscie-znowu\/","og_site_name":"Dziewczyna z czerwon\u0105 walizk\u0105","article_published_time":"2016-01-23T23:27:13+00:00","article_modified_time":"2018-09-25T14:04:15+00:00","author":"usrob","twitter_card":"summary_large_image","twitter_misc":{"Napisane przez":"usrob","Szacowany czas czytania":"3 minuty"},"schema":{"@context":"https:\/\/schema.org","@graph":[{"@type":"Article","@id":"https:\/\/czerwonawalizka.com\/index.php\/2016\/01\/24\/osobiscie-znowu\/#article","isPartOf":{"@id":"https:\/\/czerwonawalizka.com\/index.php\/2016\/01\/24\/osobiscie-znowu\/"},"author":{"name":"usrob","@id":"https:\/\/czerwonawalizka.com\/#\/schema\/person\/88e2203c2602630f8d79976e06834b41"},"headline":"Osobi\u015bcie. Znowu","datePublished":"2016-01-23T23:27:13+00:00","dateModified":"2018-09-25T14:04:15+00:00","mainEntityOfPage":{"@id":"https:\/\/czerwonawalizka.com\/index.php\/2016\/01\/24\/osobiscie-znowu\/"},"wordCount":508,"commentCount":0,"publisher":{"@id":"https:\/\/czerwonawalizka.com\/#\/schema\/person\/ca9ae0ae7fc0f714249aaa234df8f5cc"},"image":{"@id":"https:\/\/czerwonawalizka.com\/index.php\/2016\/01\/24\/osobiscie-znowu\/#primaryimage"},"thumbnailUrl":"","keywords":["decyzje","podr\u00f3\u017ce","\u017cyciowe"],"articleSection":["dobre \u017cycie","My\u015blodsiewnia"],"inLanguage":"pl-PL","potentialAction":[{"@type":"CommentAction","name":"Comment","target":["https:\/\/czerwonawalizka.com\/index.php\/2016\/01\/24\/osobiscie-znowu\/#respond"]}]},{"@type":"WebPage","@id":"https:\/\/czerwonawalizka.com\/index.php\/2016\/01\/24\/osobiscie-znowu\/","url":"https:\/\/czerwonawalizka.com\/index.php\/2016\/01\/24\/osobiscie-znowu\/","name":"Osobi\u015bcie. Znowu - Dziewczyna z czerwon\u0105 walizk\u0105","isPartOf":{"@id":"https:\/\/czerwonawalizka.com\/#website"},"primaryImageOfPage":{"@id":"https:\/\/czerwonawalizka.com\/index.php\/2016\/01\/24\/osobiscie-znowu\/#primaryimage"},"image":{"@id":"https:\/\/czerwonawalizka.com\/index.php\/2016\/01\/24\/osobiscie-znowu\/#primaryimage"},"thumbnailUrl":"","datePublished":"2016-01-23T23:27:13+00:00","dateModified":"2018-09-25T14:04:15+00:00","breadcrumb":{"@id":"https:\/\/czerwonawalizka.com\/index.php\/2016\/01\/24\/osobiscie-znowu\/#breadcrumb"},"inLanguage":"pl-PL","potentialAction":[{"@type":"ReadAction","target":["https:\/\/czerwonawalizka.com\/index.php\/2016\/01\/24\/osobiscie-znowu\/"]}]},{"@type":"ImageObject","inLanguage":"pl-PL","@id":"https:\/\/czerwonawalizka.com\/index.php\/2016\/01\/24\/osobiscie-znowu\/#primaryimage","url":"","contentUrl":""},{"@type":"BreadcrumbList","@id":"https:\/\/czerwonawalizka.com\/index.php\/2016\/01\/24\/osobiscie-znowu\/#breadcrumb","itemListElement":[{"@type":"ListItem","position":1,"name":"Home","item":"https:\/\/czerwonawalizka.com\/"},{"@type":"ListItem","position":2,"name":"Osobi\u015bcie. Znowu"}]},{"@type":"WebSite","@id":"https:\/\/czerwonawalizka.com\/#website","url":"https:\/\/czerwonawalizka.com\/","name":"Dziewczyna z czerwon\u0105 walizk\u0105","description":"Blog patchworkowy","publisher":{"@id":"https:\/\/czerwonawalizka.com\/#\/schema\/person\/ca9ae0ae7fc0f714249aaa234df8f5cc"},"potentialAction":[{"@type":"SearchAction","target":{"@type":"EntryPoint","urlTemplate":"https:\/\/czerwonawalizka.com\/?s={search_term_string}"},"query-input":{"@type":"PropertyValueSpecification","valueRequired":true,"valueName":"search_term_string"}}],"inLanguage":"pl-PL"},{"@type":["Person","Organization"],"@id":"https:\/\/czerwonawalizka.com\/#\/schema\/person\/ca9ae0ae7fc0f714249aaa234df8f5cc","name":"Marta","image":{"@type":"ImageObject","inLanguage":"pl-PL","@id":"https:\/\/czerwonawalizka.com\/#\/schema\/person\/image\/","url":"https:\/\/czerwonawalizka.com\/wp-content\/uploads\/2017\/06\/cropped-logo6-1.png","contentUrl":"https:\/\/czerwonawalizka.com\/wp-content\/uploads\/2017\/06\/cropped-logo6-1.png","width":1108,"height":480,"caption":"Marta"},"logo":{"@id":"https:\/\/czerwonawalizka.com\/#\/schema\/person\/image\/"},"sameAs":["http:\/\/www.czerwonawalizka.com"]},{"@type":"Person","@id":"https:\/\/czerwonawalizka.com\/#\/schema\/person\/88e2203c2602630f8d79976e06834b41","name":"usrob","image":{"@type":"ImageObject","inLanguage":"pl-PL","@id":"https:\/\/czerwonawalizka.com\/#\/schema\/person\/image\/","url":"https:\/\/secure.gravatar.com\/avatar\/181694b20bb44625a3d898692d4efa04fc9da2d80db042c214af3c5ec9cf1c75?s=96&d=mm&r=g","contentUrl":"https:\/\/secure.gravatar.com\/avatar\/181694b20bb44625a3d898692d4efa04fc9da2d80db042c214af3c5ec9cf1c75?s=96&d=mm&r=g","caption":"usrob"},"url":"https:\/\/czerwonawalizka.com\/index.php\/author\/usrob\/"}]}},"jetpack_publicize_connections":[],"jetpack_featured_media_url":"","jetpack_sharing_enabled":true,"jetpack_shortlink":"https:\/\/wp.me\/p8RvtB-7o","jetpack_likes_enabled":false,"_links":{"self":[{"href":"https:\/\/czerwonawalizka.com\/index.php\/wp-json\/wp\/v2\/posts\/458","targetHints":{"allow":["GET"]}}],"collection":[{"href":"https:\/\/czerwonawalizka.com\/index.php\/wp-json\/wp\/v2\/posts"}],"about":[{"href":"https:\/\/czerwonawalizka.com\/index.php\/wp-json\/wp\/v2\/types\/post"}],"author":[{"embeddable":true,"href":"https:\/\/czerwonawalizka.com\/index.php\/wp-json\/wp\/v2\/users\/1"}],"replies":[{"embeddable":true,"href":"https:\/\/czerwonawalizka.com\/index.php\/wp-json\/wp\/v2\/comments?post=458"}],"version-history":[{"count":1,"href":"https:\/\/czerwonawalizka.com\/index.php\/wp-json\/wp\/v2\/posts\/458\/revisions"}],"predecessor-version":[{"id":2513,"href":"https:\/\/czerwonawalizka.com\/index.php\/wp-json\/wp\/v2\/posts\/458\/revisions\/2513"}],"wp:featuredmedia":[{"embeddable":true,"href":"https:\/\/czerwonawalizka.com\/index.php\/wp-json\/"}],"wp:attachment":[{"href":"https:\/\/czerwonawalizka.com\/index.php\/wp-json\/wp\/v2\/media?parent=458"}],"wp:term":[{"taxonomy":"category","embeddable":true,"href":"https:\/\/czerwonawalizka.com\/index.php\/wp-json\/wp\/v2\/categories?post=458"},{"taxonomy":"post_tag","embeddable":true,"href":"https:\/\/czerwonawalizka.com\/index.php\/wp-json\/wp\/v2\/tags?post=458"}],"curies":[{"name":"wp","href":"https:\/\/api.w.org\/{rel}","templated":true}]}}