{"id":4458,"date":"2023-07-27T12:20:28","date_gmt":"2023-07-27T10:20:28","guid":{"rendered":"https:\/\/czerwonawalizka.com\/?p=4458"},"modified":"2024-11-15T23:01:13","modified_gmt":"2024-11-15T22:01:13","slug":"czeskie-filmy-na-lato","status":"publish","type":"post","link":"https:\/\/czerwonawalizka.com\/index.php\/2023\/07\/27\/czeskie-filmy-na-lato\/","title":{"rendered":"Czeskie filmy na lato"},"content":{"rendered":"\n<p class=\"has-drop-cap\">Przed nami sam \u015brodek wakacji, pomy\u015bla\u0142am wi\u0119c, \u017ce to \u015bwietny moment, aby popodr\u00f3\u017cowa\u0107 wakacyjnie po Czechach. I nie, tym razem nie zabieram Was w konkretny region (chocia\u017c turystyczny wpis o Slovacku ju\u017c mi si\u0119 w g\u0142owie pisze), tym razem chc\u0119 zaproponowa\u0107 wycieczk\u0119 troch\u0119 bardziej telewizyjn\u0105. O telewizji mo\u017cna powiedzie\u0107 wiele z\u0142ego, ale odda\u0107 jej trzeba, \u017ce w przesz\u0142o\u015bci \u2013 tej dalszej i bli\u017cszej \u2013 pojawia\u0142y si\u0119 w niej warto\u015bciowe programy, r\u00f3wnie\u017c takie, kt\u00f3re \u015bwietnie nadaj\u0105 si\u0119 do poznania nowego kraju. Dzi\u015b chc\u0119 si\u0119 z Wami podzieli\u0107 z czeskimi filmami\/serialami, kt\u00f3re lubi\u0119, kt\u00f3re mnie oczarowa\u0142y i kt\u00f3re po prostu maj\u0105 w sobie ten ciep\u0142y i przytulny wakacyjny vibe. Tak, ten sam, kt\u00f3ry sprawia, \u017ce do Czech je\u017adzi si\u0119 z u\u015bmiechem na ustach. Chod\u017acie poogl\u0105da\u0107 ze mn\u0105!<\/p>\n\n\n\n<p>Na pocz\u0105tku zaznacz\u0119, \u017ce poni\u017csza lista to nie jest lista najlepszych albo najbardziej klasycznych czeskich film\u00f3w o tematyce mniej lub bardziej wakacyjnej. To lista film\u00f3w wakacyjnych, kt\u00f3re widzia\u0142am i kt\u00f3re w jaki\u015b spos\u00f3b przyku\u0142y moj\u0105 uwag\u0119 \u2013 albo po prostu kt\u00f3re okaza\u0142y si\u0119 mi\u0142\u0105 wakacyjn\u0105 rozrywk\u0105, idealn\u0105 na wieczorne lub weekendowe posiedzenie, kiedy cz\u0142owiek nie jest akurat na urlopie, ale humor ma wakacyjny i chce sobie troch\u0119 powspomina\u0107 przygody w drodze.<\/p>\n\n\n\n<h2 class=\"wp-block-heading\">Wakacyjne przygody<\/h2>\n\n\n\n<p>Pierwszy film to <em>\u0160punti na vod\u011b<\/em>. Prosta i przewidywalna historyjka o trzech parach z dzie\u0107mi, kt\u00f3rych wakacyjne plany niszczy los i scenarzy\u015bci. Ojcowie zostaj\u0105 sami z gromadk\u0105 dzieci, kiedy ich \u017cony, wkurzone niedotrzymywaniem s\u0142owa i k\u0142amstwami swoich ma\u0142\u017conk\u00f3w\/partner\u00f3w, zostawiaj\u0105 ich na pastw\u0119 potomstwa i udaj\u0105 si\u0119 na wycieczk\u0119 rowerow\u0105. Ci nie rezygnuj\u0105 z wcze\u015bniejszych plan\u00f3w i wyruszaj\u0105 na sp\u0142yw rzek\u0105 z dzie\u0107mi. Ten film, podobnie jak jego serialow\u0105 drug\u0105 cz\u0119\u015b\u0107 (kolejne wakacje, kolejne zbiegi okoliczno\u015bci i wyprawa po Czeskiej Republice busikiem), ogl\u0105da si\u0119 dla wakacyjnej atmosfery. Tego zdecydowanie nie brakuje! I tak, postaci s\u0105 przerysowane i stereotypowe, \u017carty mog\u0142yby by\u0107 lepsze, niemniej ja ogl\u0105da\u0142am i tak z u\u015bmiechem \u2013 w\u0142a\u015bnie dlatego, \u017ce taki g\u0142upawy film by\u0142 w stanie o\u017cywi\u0107 we mnie mn\u00f3stwo cudownych wspomnie\u0144 z wakacji i wypraw po Czeskiej Republice. Jedyne niebezpiecze\u0144stwo jest takie, \u017ce po projekcji otworzycie map\u0119 i zaczniecie planowa\u0107 kolejne wakacje!<\/p>\n\n\n\n<h2 class=\"wp-block-heading\">Na chalupu!<\/h2>\n\n\n\n<p>Pozycja numer dwa to popularny w latach 70. i 80. czechos\u0142owacki serial <em>Chalup\u00e1\u0159i<\/em> (w wersji polskiej: \u201ePod jednym dachem\u201d). To jeden z tych kultowych seriali, z kt\u00f3rych cytaty mo\u017cecie us\u0142ysze\u0107 w lecie od lokals\u00f3w popijaj\u0105cych piwo w hospodzie. W dniu premiery (rok 1975) pierwszy odcinek ogl\u0105da\u0142o bowiem a\u017c 93% populacji w wieku 15-70 lat! Zas\u0142ug\u0119 tu zapewne mia\u0142 fakt, \u017ce telewizja pa\u0144stwowa nie mia\u0142a konkurencji, niemniej wynik i tak robi wra\u017cenie, a serial pozostaje znany do dzi\u015b. Tematyka nie jest czysto wakacyjna, pojawia si\u0119 jednak w\u0105tek chalupy, czyli domu na wsi, kt\u00f3ry kupuje jeden z g\u0142\u00f3wnych bohater\u00f3w serialu. Dom ma jedn\u0105 wad\u0119 \u2013 mieszka w nim najemca. To oczywi\u015bcie przyczynek do wielu komediowych sytuacji, jako \u017ce co najmniej jeden z g\u0142\u00f3wnych bohater\u00f3w charakterek ma i\u015bcie wybuchowy. Ja lubi\u0119 ten serial z dw\u00f3ch powod\u00f3w: po pierwsze, w\u0105tek <em>chalupa\u0159en\u00ed<\/em> i \u017cycia na wsi wywo\u0142uje we mnie du\u017co pozytywnych wibracji (i kojarzy mi si\u0119 do\u015b\u0107 wakacyjnie), po drugie, to takie okno na Czechos\u0142owacj\u0119 okresu komunizmu. Ciekawe!<\/p>\n\n\n\n<h2 class=\"wp-block-heading\">M\u00e1 chata, m\u016fj hrad<\/h2>\n\n\n\n<p>Trzeci\u0105 pozycj\u0119 wybra\u0142am z troch\u0119 podobnego powodu \u2013 to <em>Osada<\/em>, serial sprzed kilku lat produkcji \u010cT. Znowu mamy tutaj w\u0105tek je\u017cd\u017cenia na wie\u015b\/na chat\u0119; zwyczaj ten kultywuj\u0105 wszyscy bohaterowie serialu, pochodz\u0105cy ze wszystkich chyba klas spo\u0142ecznych, kt\u00f3rzy znaj\u0105 si\u0119 w\u0142a\u015bnie z tytu\u0142owej Osady. Ka\u017cdy z rzeczonych bohater\u00f3w ma tam swoj\u0105 chatk\u0119, jest te\u017c staw z rybami i mn\u00f3stwo przyg\u00f3d, kt\u00f3re na nich czekaj\u0105. Du\u017co tu komediowych sytuacji, przerysowanych postaci, historyjki troch\u0119 oklepane, ale te\u017c w przyjemnych produkcjach o charakterze wakacyjnym nie szuka si\u0119 chyba jakiej\u015b wi\u0119kszej filozofii, prawda? Liczy si\u0119 atmosfera \u2013 a za t\u0119 serial dostaje ode mnie 10\/10.<\/p>\n\n\n\n<h2 class=\"wp-block-heading\">Dawna Czechos\u0142owacja<\/h2>\n\n\n\n<p>Z serii kultowe czeskie filmy wymieni\u0107 musz\u0119 jeszcze dwa \u2013 chocia\u017c z tych jeden nieszczeg\u00f3lnie z\u0142apa\u0142 mnie za serce \u2013 niemniej zdecydowanie wymienia si\u0119 go w\u015br\u00f3d tych bardziej letnich z czeskiej kinematografii. To <em>Slunce, seno, jahody<\/em> (\u201eS\u0142o\u0144ce, siano, truskawki\u201d) z 1983 roku \u2013 historia m\u0142odego studenta, kt\u00f3ry przyje\u017cd\u017ca na wie\u015b i pr\u00f3buje modernizowa\u0107 hodowl\u0119 kr\u00f3w w celu zwi\u0119kszenia ilo\u015bci dojonego mleka \u2013 w oborze rozwiesza plakaty z krajobrazem i puszcza zwierz\u0119tom muzyk\u0119. Historia o tyle absurdalna, co pokazuj\u0105ca stosunki spo\u0142eczne panuj\u0105ce na wsi, z pewnym \u2013 pewnie elektryzuj\u0105cym w danym czasie \u2013 dodatkiem erotycznym. Film nale\u017cy do klasyki, ale szczerze m\u00f3wi\u0105c \u2013 mnie nie powali\u0142. Jest to zreszt\u0105 cz\u0119\u015b\u0107 pierwsza; Zden\u011bk Tro\u0161ka, re\u017cyser, znany z ekscentrycznej tw\u00f3rczo\u015bci, nakr\u0119ci\u0142 potem cz\u0119\u015b\u0107 drug\u0105 i trzeci\u0105 (p\u00f3ki co si\u0142y na nie nie mia\u0142am).<\/p>\n\n\n\n<p>Drugi ze wspomnianych film\u00f3w to <em>Na samot\u011b u lesa<\/em> (\u201eNa skraju lasu\u201d, 1976) \u2013 letnia opowie\u015b\u0107 o rodzince z Pragi, kt\u00f3ra wynajmuje od pewnego dziadka pok\u00f3j w jego cha\u0142upie na skraju lasu. Gra go Zden\u011bk Sv\u011br\u00e1k, znany czeski aktor i pisarz (zbi\u00f3r jego tw\u00f3rczo\u015bci wyda\u0142o niedawno po polsku wydawnictwo Afera). Ten film, dla mnie, jest taki charakterystycznie czeski \u2013 to znaczy nic konkretnego ani wa\u017cnego si\u0119 w nim nie dzieje. To po prostu zwyk\u0142a historyjka zwyk\u0142ych ludzi; najwa\u017cniejsza jest chyba atmosfera i uchwycenie ducha czasu. To taki obraz pewnej epoki i pewnych ludzi; zderzenie \u015bwiata miasta i wsi, \u015bwiata przysz\u0142o\u015bci i przesz\u0142o\u015bci. Mi\u0142o si\u0119 to ogl\u0105da, szczeg\u00f3lnie w letni wiecz\u00f3r.<\/p>\n\n\n\n<p>To na dzi\u015b tyle ode mnie \u2013 je\u015bli macie jakie\u015b inne fajne, letnie tytu\u0142y filmowe, kt\u00f3re warto obejrze\u0107 latem, dajcie zna\u0107 w komentarzach.<\/p>\n\n\n\n<p>M.<\/p>\n\n\n\n<p>PS Wymienione filmy i seriale mo\u017cna ogl\u0105da\u0107 na iVysilani albo na Netflixie &#8211; oczywi\u015bcie z czeskim IP.<\/p>\n","protected":false},"excerpt":{"rendered":"<p>Przed nami sam \u015brodek wakacji, pomy\u015bla\u0142am wi\u0119c, \u017ce to \u015bwietny moment, aby popodr\u00f3\u017cowa\u0107 wakacyjnie po Czechach. I nie, tym razem nie zabieram Was w konkretny region (chocia\u017c turystyczny wpis o Slovacku ju\u017c mi si\u0119 w g\u0142owie pisze), tym razem chc\u0119 zaproponowa\u0107 wycieczk\u0119 troch\u0119 bardziej telewizyjn\u0105. O telewizji mo\u017cna powiedzie\u0107 wiele z\u0142ego, ale odda\u0107 jej trzeba,&hellip; <a class=\"more-link\" href=\"https:\/\/czerwonawalizka.com\/index.php\/2023\/07\/27\/czeskie-filmy-na-lato\/\">Read More <span class=\"screen-reader-text\">Czeskie filmy na lato<\/span><\/a><\/p>\n","protected":false},"author":1,"featured_media":4459,"comment_status":"open","ping_status":"open","sticky":false,"template":"","format":"standard","meta":{"jetpack_post_was_ever_published":false,"_jetpack_newsletter_access":"","_jetpack_dont_email_post_to_subs":false,"_jetpack_newsletter_tier_id":0,"_jetpack_memberships_contains_paywalled_content":false,"_jetpack_memberships_contains_paid_content":false,"footnotes":"","jetpack_publicize_message":"","jetpack_publicize_feature_enabled":false,"jetpack_social_post_already_shared":false,"jetpack_social_options":{"image_generator_settings":{"template":"highway","default_image_id":0,"font":"","enabled":false},"version":2}},"categories":[716],"tags":[326,575,320],"class_list":["post-4458","post","type-post","status-publish","format-standard","has-post-thumbnail","hentry","category-czeska-kultura","tag-czeska-rzeczywistosc","tag-czeskie-filmy","tag-przewodnik-po-czechach"],"yoast_head":"<!-- This site is optimized with the Yoast SEO plugin v27.0 - https:\/\/yoast.com\/product\/yoast-seo-wordpress\/ -->\n<title>Czeskie filmy na lato - Dziewczyna z czerwon\u0105 walizk\u0105<\/title>\n<meta name=\"description\" content=\"Co czeskiego ogl\u0105da\u0107 latem? Oto subiektywny wyb\u00f3r czeskich film\u00f3w na lato - kilka propozycji serialowych i filmowych.\" \/>\n<meta name=\"robots\" content=\"index, follow, max-snippet:-1, max-image-preview:large, max-video-preview:-1\" \/>\n<link rel=\"canonical\" href=\"https:\/\/czerwonawalizka.com\/index.php\/2023\/07\/27\/czeskie-filmy-na-lato\/\" \/>\n<meta property=\"og:locale\" content=\"pl_PL\" \/>\n<meta property=\"og:type\" content=\"article\" \/>\n<meta property=\"og:title\" content=\"Czeskie filmy na lato - Dziewczyna z czerwon\u0105 walizk\u0105\" \/>\n<meta property=\"og:description\" content=\"Co czeskiego ogl\u0105da\u0107 latem? Oto subiektywny wyb\u00f3r czeskich film\u00f3w na lato - kilka propozycji serialowych i filmowych.\" \/>\n<meta property=\"og:url\" content=\"https:\/\/czerwonawalizka.com\/index.php\/2023\/07\/27\/czeskie-filmy-na-lato\/\" \/>\n<meta property=\"og:site_name\" content=\"Dziewczyna z czerwon\u0105 walizk\u0105\" \/>\n<meta property=\"article:published_time\" content=\"2023-07-27T10:20:28+00:00\" \/>\n<meta property=\"article:modified_time\" content=\"2024-11-15T22:01:13+00:00\" \/>\n<meta property=\"og:image\" content=\"https:\/\/czerwonawalizka.com\/wp-content\/uploads\/2023\/07\/czeskie_filmy.jpg\" \/>\n\t<meta property=\"og:image:width\" content=\"1035\" \/>\n\t<meta property=\"og:image:height\" content=\"579\" \/>\n\t<meta property=\"og:image:type\" content=\"image\/jpeg\" \/>\n<meta name=\"author\" content=\"usrob\" \/>\n<meta name=\"twitter:card\" content=\"summary_large_image\" \/>\n<meta name=\"twitter:label1\" content=\"Napisane przez\" \/>\n\t<meta name=\"twitter:data1\" content=\"usrob\" \/>\n\t<meta name=\"twitter:label2\" content=\"Szacowany czas czytania\" \/>\n\t<meta name=\"twitter:data2\" content=\"6 minut\" \/>\n<script type=\"application\/ld+json\" class=\"yoast-schema-graph\">{\"@context\":\"https:\/\/schema.org\",\"@graph\":[{\"@type\":\"Article\",\"@id\":\"https:\/\/czerwonawalizka.com\/index.php\/2023\/07\/27\/czeskie-filmy-na-lato\/#article\",\"isPartOf\":{\"@id\":\"https:\/\/czerwonawalizka.com\/index.php\/2023\/07\/27\/czeskie-filmy-na-lato\/\"},\"author\":{\"name\":\"usrob\",\"@id\":\"https:\/\/czerwonawalizka.com\/#\/schema\/person\/88e2203c2602630f8d79976e06834b41\"},\"headline\":\"Czeskie filmy na lato\",\"datePublished\":\"2023-07-27T10:20:28+00:00\",\"dateModified\":\"2024-11-15T22:01:13+00:00\",\"mainEntityOfPage\":{\"@id\":\"https:\/\/czerwonawalizka.com\/index.php\/2023\/07\/27\/czeskie-filmy-na-lato\/\"},\"wordCount\":1045,\"commentCount\":4,\"publisher\":{\"@id\":\"https:\/\/czerwonawalizka.com\/#\/schema\/person\/ca9ae0ae7fc0f714249aaa234df8f5cc\"},\"image\":{\"@id\":\"https:\/\/czerwonawalizka.com\/index.php\/2023\/07\/27\/czeskie-filmy-na-lato\/#primaryimage\"},\"thumbnailUrl\":\"https:\/\/czerwonawalizka.com\/wp-content\/uploads\/2023\/07\/czeskie_filmy.jpg\",\"keywords\":[\"czeska rzeczywisto\u015b\u0107\",\"czeskie filmy\",\"przewodnik po Czechach\"],\"articleSection\":[\"Czeska kultura\"],\"inLanguage\":\"pl-PL\",\"potentialAction\":[{\"@type\":\"CommentAction\",\"name\":\"Comment\",\"target\":[\"https:\/\/czerwonawalizka.com\/index.php\/2023\/07\/27\/czeskie-filmy-na-lato\/#respond\"]}]},{\"@type\":\"WebPage\",\"@id\":\"https:\/\/czerwonawalizka.com\/index.php\/2023\/07\/27\/czeskie-filmy-na-lato\/\",\"url\":\"https:\/\/czerwonawalizka.com\/index.php\/2023\/07\/27\/czeskie-filmy-na-lato\/\",\"name\":\"Czeskie filmy na lato - Dziewczyna z czerwon\u0105 walizk\u0105\",\"isPartOf\":{\"@id\":\"https:\/\/czerwonawalizka.com\/#website\"},\"primaryImageOfPage\":{\"@id\":\"https:\/\/czerwonawalizka.com\/index.php\/2023\/07\/27\/czeskie-filmy-na-lato\/#primaryimage\"},\"image\":{\"@id\":\"https:\/\/czerwonawalizka.com\/index.php\/2023\/07\/27\/czeskie-filmy-na-lato\/#primaryimage\"},\"thumbnailUrl\":\"https:\/\/czerwonawalizka.com\/wp-content\/uploads\/2023\/07\/czeskie_filmy.jpg\",\"datePublished\":\"2023-07-27T10:20:28+00:00\",\"dateModified\":\"2024-11-15T22:01:13+00:00\",\"description\":\"Co czeskiego ogl\u0105da\u0107 latem? Oto subiektywny wyb\u00f3r czeskich film\u00f3w na lato - kilka propozycji serialowych i filmowych.\",\"breadcrumb\":{\"@id\":\"https:\/\/czerwonawalizka.com\/index.php\/2023\/07\/27\/czeskie-filmy-na-lato\/#breadcrumb\"},\"inLanguage\":\"pl-PL\",\"potentialAction\":[{\"@type\":\"ReadAction\",\"target\":[\"https:\/\/czerwonawalizka.com\/index.php\/2023\/07\/27\/czeskie-filmy-na-lato\/\"]}]},{\"@type\":\"ImageObject\",\"inLanguage\":\"pl-PL\",\"@id\":\"https:\/\/czerwonawalizka.com\/index.php\/2023\/07\/27\/czeskie-filmy-na-lato\/#primaryimage\",\"url\":\"https:\/\/czerwonawalizka.com\/wp-content\/uploads\/2023\/07\/czeskie_filmy.jpg\",\"contentUrl\":\"https:\/\/czerwonawalizka.com\/wp-content\/uploads\/2023\/07\/czeskie_filmy.jpg\",\"width\":1035,\"height\":579,\"caption\":\"Czeskie filmy\"},{\"@type\":\"BreadcrumbList\",\"@id\":\"https:\/\/czerwonawalizka.com\/index.php\/2023\/07\/27\/czeskie-filmy-na-lato\/#breadcrumb\",\"itemListElement\":[{\"@type\":\"ListItem\",\"position\":1,\"name\":\"Home\",\"item\":\"https:\/\/czerwonawalizka.com\/\"},{\"@type\":\"ListItem\",\"position\":2,\"name\":\"Czeskie filmy na lato\"}]},{\"@type\":\"WebSite\",\"@id\":\"https:\/\/czerwonawalizka.com\/#website\",\"url\":\"https:\/\/czerwonawalizka.com\/\",\"name\":\"Dziewczyna z czerwon\u0105 walizk\u0105\",\"description\":\"Blog patchworkowy\",\"publisher\":{\"@id\":\"https:\/\/czerwonawalizka.com\/#\/schema\/person\/ca9ae0ae7fc0f714249aaa234df8f5cc\"},\"potentialAction\":[{\"@type\":\"SearchAction\",\"target\":{\"@type\":\"EntryPoint\",\"urlTemplate\":\"https:\/\/czerwonawalizka.com\/?s={search_term_string}\"},\"query-input\":{\"@type\":\"PropertyValueSpecification\",\"valueRequired\":true,\"valueName\":\"search_term_string\"}}],\"inLanguage\":\"pl-PL\"},{\"@type\":[\"Person\",\"Organization\"],\"@id\":\"https:\/\/czerwonawalizka.com\/#\/schema\/person\/ca9ae0ae7fc0f714249aaa234df8f5cc\",\"name\":\"Marta\",\"image\":{\"@type\":\"ImageObject\",\"inLanguage\":\"pl-PL\",\"@id\":\"https:\/\/czerwonawalizka.com\/#\/schema\/person\/image\/\",\"url\":\"https:\/\/czerwonawalizka.com\/wp-content\/uploads\/2017\/06\/cropped-logo6-1.png\",\"contentUrl\":\"https:\/\/czerwonawalizka.com\/wp-content\/uploads\/2017\/06\/cropped-logo6-1.png\",\"width\":1108,\"height\":480,\"caption\":\"Marta\"},\"logo\":{\"@id\":\"https:\/\/czerwonawalizka.com\/#\/schema\/person\/image\/\"},\"sameAs\":[\"http:\/\/www.czerwonawalizka.com\"]},{\"@type\":\"Person\",\"@id\":\"https:\/\/czerwonawalizka.com\/#\/schema\/person\/88e2203c2602630f8d79976e06834b41\",\"name\":\"usrob\",\"image\":{\"@type\":\"ImageObject\",\"inLanguage\":\"pl-PL\",\"@id\":\"https:\/\/czerwonawalizka.com\/#\/schema\/person\/image\/\",\"url\":\"https:\/\/secure.gravatar.com\/avatar\/181694b20bb44625a3d898692d4efa04fc9da2d80db042c214af3c5ec9cf1c75?s=96&d=mm&r=g\",\"contentUrl\":\"https:\/\/secure.gravatar.com\/avatar\/181694b20bb44625a3d898692d4efa04fc9da2d80db042c214af3c5ec9cf1c75?s=96&d=mm&r=g\",\"caption\":\"usrob\"},\"url\":\"https:\/\/czerwonawalizka.com\/index.php\/author\/usrob\/\"}]}<\/script>\n<!-- \/ Yoast SEO plugin. -->","yoast_head_json":{"title":"Czeskie filmy na lato - Dziewczyna z czerwon\u0105 walizk\u0105","description":"Co czeskiego ogl\u0105da\u0107 latem? Oto subiektywny wyb\u00f3r czeskich film\u00f3w na lato - kilka propozycji serialowych i filmowych.","robots":{"index":"index","follow":"follow","max-snippet":"max-snippet:-1","max-image-preview":"max-image-preview:large","max-video-preview":"max-video-preview:-1"},"canonical":"https:\/\/czerwonawalizka.com\/index.php\/2023\/07\/27\/czeskie-filmy-na-lato\/","og_locale":"pl_PL","og_type":"article","og_title":"Czeskie filmy na lato - Dziewczyna z czerwon\u0105 walizk\u0105","og_description":"Co czeskiego ogl\u0105da\u0107 latem? Oto subiektywny wyb\u00f3r czeskich film\u00f3w na lato - kilka propozycji serialowych i filmowych.","og_url":"https:\/\/czerwonawalizka.com\/index.php\/2023\/07\/27\/czeskie-filmy-na-lato\/","og_site_name":"Dziewczyna z czerwon\u0105 walizk\u0105","article_published_time":"2023-07-27T10:20:28+00:00","article_modified_time":"2024-11-15T22:01:13+00:00","og_image":[{"width":1035,"height":579,"url":"https:\/\/czerwonawalizka.com\/wp-content\/uploads\/2023\/07\/czeskie_filmy.jpg","type":"image\/jpeg"}],"author":"usrob","twitter_card":"summary_large_image","twitter_misc":{"Napisane przez":"usrob","Szacowany czas czytania":"6 minut"},"schema":{"@context":"https:\/\/schema.org","@graph":[{"@type":"Article","@id":"https:\/\/czerwonawalizka.com\/index.php\/2023\/07\/27\/czeskie-filmy-na-lato\/#article","isPartOf":{"@id":"https:\/\/czerwonawalizka.com\/index.php\/2023\/07\/27\/czeskie-filmy-na-lato\/"},"author":{"name":"usrob","@id":"https:\/\/czerwonawalizka.com\/#\/schema\/person\/88e2203c2602630f8d79976e06834b41"},"headline":"Czeskie filmy na lato","datePublished":"2023-07-27T10:20:28+00:00","dateModified":"2024-11-15T22:01:13+00:00","mainEntityOfPage":{"@id":"https:\/\/czerwonawalizka.com\/index.php\/2023\/07\/27\/czeskie-filmy-na-lato\/"},"wordCount":1045,"commentCount":4,"publisher":{"@id":"https:\/\/czerwonawalizka.com\/#\/schema\/person\/ca9ae0ae7fc0f714249aaa234df8f5cc"},"image":{"@id":"https:\/\/czerwonawalizka.com\/index.php\/2023\/07\/27\/czeskie-filmy-na-lato\/#primaryimage"},"thumbnailUrl":"https:\/\/czerwonawalizka.com\/wp-content\/uploads\/2023\/07\/czeskie_filmy.jpg","keywords":["czeska rzeczywisto\u015b\u0107","czeskie filmy","przewodnik po Czechach"],"articleSection":["Czeska kultura"],"inLanguage":"pl-PL","potentialAction":[{"@type":"CommentAction","name":"Comment","target":["https:\/\/czerwonawalizka.com\/index.php\/2023\/07\/27\/czeskie-filmy-na-lato\/#respond"]}]},{"@type":"WebPage","@id":"https:\/\/czerwonawalizka.com\/index.php\/2023\/07\/27\/czeskie-filmy-na-lato\/","url":"https:\/\/czerwonawalizka.com\/index.php\/2023\/07\/27\/czeskie-filmy-na-lato\/","name":"Czeskie filmy na lato - Dziewczyna z czerwon\u0105 walizk\u0105","isPartOf":{"@id":"https:\/\/czerwonawalizka.com\/#website"},"primaryImageOfPage":{"@id":"https:\/\/czerwonawalizka.com\/index.php\/2023\/07\/27\/czeskie-filmy-na-lato\/#primaryimage"},"image":{"@id":"https:\/\/czerwonawalizka.com\/index.php\/2023\/07\/27\/czeskie-filmy-na-lato\/#primaryimage"},"thumbnailUrl":"https:\/\/czerwonawalizka.com\/wp-content\/uploads\/2023\/07\/czeskie_filmy.jpg","datePublished":"2023-07-27T10:20:28+00:00","dateModified":"2024-11-15T22:01:13+00:00","description":"Co czeskiego ogl\u0105da\u0107 latem? Oto subiektywny wyb\u00f3r czeskich film\u00f3w na lato - kilka propozycji serialowych i filmowych.","breadcrumb":{"@id":"https:\/\/czerwonawalizka.com\/index.php\/2023\/07\/27\/czeskie-filmy-na-lato\/#breadcrumb"},"inLanguage":"pl-PL","potentialAction":[{"@type":"ReadAction","target":["https:\/\/czerwonawalizka.com\/index.php\/2023\/07\/27\/czeskie-filmy-na-lato\/"]}]},{"@type":"ImageObject","inLanguage":"pl-PL","@id":"https:\/\/czerwonawalizka.com\/index.php\/2023\/07\/27\/czeskie-filmy-na-lato\/#primaryimage","url":"https:\/\/czerwonawalizka.com\/wp-content\/uploads\/2023\/07\/czeskie_filmy.jpg","contentUrl":"https:\/\/czerwonawalizka.com\/wp-content\/uploads\/2023\/07\/czeskie_filmy.jpg","width":1035,"height":579,"caption":"Czeskie filmy"},{"@type":"BreadcrumbList","@id":"https:\/\/czerwonawalizka.com\/index.php\/2023\/07\/27\/czeskie-filmy-na-lato\/#breadcrumb","itemListElement":[{"@type":"ListItem","position":1,"name":"Home","item":"https:\/\/czerwonawalizka.com\/"},{"@type":"ListItem","position":2,"name":"Czeskie filmy na lato"}]},{"@type":"WebSite","@id":"https:\/\/czerwonawalizka.com\/#website","url":"https:\/\/czerwonawalizka.com\/","name":"Dziewczyna z czerwon\u0105 walizk\u0105","description":"Blog patchworkowy","publisher":{"@id":"https:\/\/czerwonawalizka.com\/#\/schema\/person\/ca9ae0ae7fc0f714249aaa234df8f5cc"},"potentialAction":[{"@type":"SearchAction","target":{"@type":"EntryPoint","urlTemplate":"https:\/\/czerwonawalizka.com\/?s={search_term_string}"},"query-input":{"@type":"PropertyValueSpecification","valueRequired":true,"valueName":"search_term_string"}}],"inLanguage":"pl-PL"},{"@type":["Person","Organization"],"@id":"https:\/\/czerwonawalizka.com\/#\/schema\/person\/ca9ae0ae7fc0f714249aaa234df8f5cc","name":"Marta","image":{"@type":"ImageObject","inLanguage":"pl-PL","@id":"https:\/\/czerwonawalizka.com\/#\/schema\/person\/image\/","url":"https:\/\/czerwonawalizka.com\/wp-content\/uploads\/2017\/06\/cropped-logo6-1.png","contentUrl":"https:\/\/czerwonawalizka.com\/wp-content\/uploads\/2017\/06\/cropped-logo6-1.png","width":1108,"height":480,"caption":"Marta"},"logo":{"@id":"https:\/\/czerwonawalizka.com\/#\/schema\/person\/image\/"},"sameAs":["http:\/\/www.czerwonawalizka.com"]},{"@type":"Person","@id":"https:\/\/czerwonawalizka.com\/#\/schema\/person\/88e2203c2602630f8d79976e06834b41","name":"usrob","image":{"@type":"ImageObject","inLanguage":"pl-PL","@id":"https:\/\/czerwonawalizka.com\/#\/schema\/person\/image\/","url":"https:\/\/secure.gravatar.com\/avatar\/181694b20bb44625a3d898692d4efa04fc9da2d80db042c214af3c5ec9cf1c75?s=96&d=mm&r=g","contentUrl":"https:\/\/secure.gravatar.com\/avatar\/181694b20bb44625a3d898692d4efa04fc9da2d80db042c214af3c5ec9cf1c75?s=96&d=mm&r=g","caption":"usrob"},"url":"https:\/\/czerwonawalizka.com\/index.php\/author\/usrob\/"}]}},"jetpack_publicize_connections":[],"jetpack_featured_media_url":"https:\/\/czerwonawalizka.com\/wp-content\/uploads\/2023\/07\/czeskie_filmy.jpg","jetpack_sharing_enabled":true,"jetpack_shortlink":"https:\/\/wp.me\/p8RvtB-19U","jetpack_likes_enabled":false,"_links":{"self":[{"href":"https:\/\/czerwonawalizka.com\/index.php\/wp-json\/wp\/v2\/posts\/4458","targetHints":{"allow":["GET"]}}],"collection":[{"href":"https:\/\/czerwonawalizka.com\/index.php\/wp-json\/wp\/v2\/posts"}],"about":[{"href":"https:\/\/czerwonawalizka.com\/index.php\/wp-json\/wp\/v2\/types\/post"}],"author":[{"embeddable":true,"href":"https:\/\/czerwonawalizka.com\/index.php\/wp-json\/wp\/v2\/users\/1"}],"replies":[{"embeddable":true,"href":"https:\/\/czerwonawalizka.com\/index.php\/wp-json\/wp\/v2\/comments?post=4458"}],"version-history":[{"count":2,"href":"https:\/\/czerwonawalizka.com\/index.php\/wp-json\/wp\/v2\/posts\/4458\/revisions"}],"predecessor-version":[{"id":4461,"href":"https:\/\/czerwonawalizka.com\/index.php\/wp-json\/wp\/v2\/posts\/4458\/revisions\/4461"}],"wp:featuredmedia":[{"embeddable":true,"href":"https:\/\/czerwonawalizka.com\/index.php\/wp-json\/wp\/v2\/media\/4459"}],"wp:attachment":[{"href":"https:\/\/czerwonawalizka.com\/index.php\/wp-json\/wp\/v2\/media?parent=4458"}],"wp:term":[{"taxonomy":"category","embeddable":true,"href":"https:\/\/czerwonawalizka.com\/index.php\/wp-json\/wp\/v2\/categories?post=4458"},{"taxonomy":"post_tag","embeddable":true,"href":"https:\/\/czerwonawalizka.com\/index.php\/wp-json\/wp\/v2\/tags?post=4458"}],"curies":[{"name":"wp","href":"https:\/\/api.w.org\/{rel}","templated":true}]}}