{"id":4027,"date":"2022-03-10T23:05:04","date_gmt":"2022-03-10T22:05:04","guid":{"rendered":"https:\/\/czerwonawalizka.com\/?p=4027"},"modified":"2024-11-15T23:05:45","modified_gmt":"2024-11-15T22:05:45","slug":"post-katoliczka-w-czechach","status":"publish","type":"post","link":"https:\/\/czerwonawalizka.com\/index.php\/2022\/03\/10\/post-katoliczka-w-czechach\/","title":{"rendered":"Post-katoliczka w Czechach"},"content":{"rendered":"\n<p class=\"has-drop-cap\">Patrz\u0119 i patrz\u0119 na moj\u0105 list\u0119 temat\u00f3w, zapisan\u0105 kolorowym flamastrem w niebiesko-z\u0142otym notesie. Wiele z nich mnie ci\u0105gnie. Tylko nie dzisiaj. Czuj\u0119 si\u0119 przybita tym wszystkim, co dzieje si\u0119 woko\u0142o. Ale jest te\u017c troch\u0119 inaczej ni\u017c by\u0142o jeszcze dwa tygodnie temu, bo wtedy ten smutek i strach tak mnie przygniata\u0142, \u017ce nie umia\u0142am wykrzesa\u0107 z siebie ani krzty na to, aby cokolwiek napisa\u0107. Teraz jest inaczej \u2013 dzia\u0142am, robi\u0119, pracuj\u0119, udzielam si\u0119, je\u015bli mog\u0119. Wr\u00f3ci\u0142am te\u017c do publikowania. Dzisiaj jednak b\u0119dzie refleksyjnie, je\u015bli pozwolicie. Mo\u017ce troch\u0119 kontrowersyjnie, ale tak naprawd\u0119 nie bardzo.<\/p>\n\n\n\n<h2 class=\"wp-block-heading\">Samotno\u015b\u0107 bog\u00f3w<\/h2>\n\n\n\n<p>Nie mam poj\u0119cia od czego w\u0142a\u015bciwie zacz\u0105\u0107, ale mo\u017ce od tej my\u015bli, kt\u00f3ra dzisiaj przysz\u0142a mi do g\u0142owy, gdy po wieczorze sp\u0119dzonym z kole\u017cank\u0105, wr\u00f3ci\u0142am do domu moich rodzic\u00f3w. Tak, jestem na kilka tygodni w Polsce. Wesz\u0142am, przekr\u0119ci\u0142am klucz, kt\u00f3rym mam od lat nastoletnich, wesz\u0142am po tych samych co zawsze schodach, owia\u0142 mnie ten sam co zawsze zapach. Zapach domu. I niemal tak odruchowo, jak zapach ten wywo\u0142uje we mnie mas\u0119 dobrych wspomnie\u0144, chcia\u0142am zawo\u0142a\u0107 \u201eNiech b\u0119dzie pochwalony!\u201d. Ale tego nie zrobi\u0142am.<\/p>\n\n\n\n<p>Przypomnia\u0142a mi si\u0119 taka ksi\u0105\u017cka, kt\u00f3r\u0105 czyta\u0142am jako nastolatka. Samotno\u015b\u0107 bog\u00f3w, je\u015bli dobrze pami\u0119tam tytu\u0142. To by\u0142a rzecz o tym, jak bezu\u017cyteczni i smutni staj\u0105 si\u0119 bogowie, o kt\u00f3rych wszyscy zapominaj\u0105. Wiecie, ja jestem z tych os\u00f3b, kt\u00f3re lubi\u0105 babra\u0107 si\u0119 w przesz\u0142o\u015bci, kt\u00f3re piel\u0119gnuj\u0105 dawne zwyczaje, bo te sprawiaj\u0105, \u017ce czuj\u0119 z przesz\u0142o\u015bci\u0105 i z osobami, kt\u00f3rych ju\u017c nie ma, pewn\u0105 ni\u0107, jak\u0105\u015b wi\u0119\u017a. Pochodz\u0119 jednocze\u015bnie z rodziny, kt\u00f3ra jest\/by\u0142a bardzo katolicka. I te wszystkie katolickie odruchy, powiedzonka, wezwania Boga mam po prostu we krwi. Tak mnie wychowano, to dla mnie tak naturalne jak samo oddychanie.<\/p>\n\n\n\n<h2 class=\"wp-block-heading\">Dlaczego ju\u017c nie katoliczka<\/h2>\n\n\n\n<p>A dzisiaj sama si\u0119 od tego powstrzyma\u0142am. Z\u0142ama\u0142am t\u0119 wieloletni\u0105 tradycj\u0119. My\u015bl\u0119, \u017ce to bardzo smutne. A jednocze\u015bnie my\u015bl\u0119, \u017ce gdyby utrzymanie tradycji by\u0142oby dla mnie wa\u017cniejsze od ca\u0142ego kontekstu, od tego wszystkiego, co si\u0119 w Polsce i w Ko\u015bciele Katolickim dzieje, by\u0142oby to o wiele smutniejsze. Bo przy tym ca\u0142ym katolickim wychowaniu nauczyli mnie jeszcze jednej rzeczy \u2013 \u017ce liczy si\u0119 przede wszystkim cz\u0142owiek, a nie puste gesty.<\/p>\n\n\n\n<p>Z Ko\u015bcio\u0142a odesz\u0142am kilka lat temu. Jeszcze na studiach. I by\u0142am chyba pierwsza z naszej najbli\u017cszej rodziny (nie, nie ostatnia). Kiedy\u015b chyba ju\u017c o tym pisa\u0142am \u2013 ze wszystkiego najbardziej po prostu nie chcia\u0142am by\u0107 w organizacji, kt\u00f3ra reklamuje si\u0119 jako pe\u0142na mi\u0142o\u015bci, a dzieli i rz\u0105dzi, dyskryminuje, wytyka palcami, krzywdzi, a nade wszystko najbardziej dla niej licz\u0105 si\u0119 pieni\u0105dze. Nie lubi\u0119 tego, \u017ce dyskryminuje si\u0119 kobiety, osoby LGBT+, \u017ce nie mog\u0142abym zosta\u0107 ksi\u0119dzem (o tak, w prawieniu kaza\u0144 by\u0142abym \u015bwietna, jestem o tym przekonana \ud83d\ude09). Nie cierpi\u0119 wywy\u017cszania si\u0119 katolik\u00f3w, kt\u00f3rzy uwa\u017caj\u0105, \u017ce s\u0105 lepsi od innych wyzna\u0144 i \u017ce to im B\u00f3g objawi\u0142 jedn\u0105 i jedyn\u0105 prawd\u0119. Uwa\u017cam, \u017ce pr\u00f3by t\u0142umienia i ubabrania ludzkiej seksualno\u015bci (szczeg\u00f3lnie kobiecej!) w win\u0119 i wstyd za co\u015b skrajnie perfidnego. Ale ju\u017c najbardziej nie dzier\u017c\u0119 tego, \u017ce wa\u017cniejsze jest utrzymanie organizacji zarabiaj\u0105cej pieni\u0105dze ni\u017c ukr\u00f3cenie pedofilii i innych grzech\u00f3w Ko\u015bcio\u0142a. Kiedy mnie pytaj\u0105, dlaczego odesz\u0142am \u2013 bo nadal zdarza mi si\u0119 porusza\u0107 w bardzo katolickich \u015brodowiskach \u2013 lubi\u0119 m\u00f3wi\u0107, \u017ce nie chc\u0119 by\u0107 katoliczk\u0105, bo mam zbyt wysokie standardy moralne. To znaczy, uwa\u017cam, \u017ce ksi\u0119\u017ca-przest\u0119pcy powinni odpowiada\u0107 za swoje czyny, a nie w\u0119drowa\u0107 do innych parafii, jakby si\u0119 nic nie sta\u0142o.<\/p>\n\n\n\n<p>Kim wi\u0119c jestem? Nie wiem. Jaki\u015b czas temu w mojej g\u0142owie wyklu\u0142o si\u0119 poj\u0119cie post-katoliczki. Nie wypr\u0119 si\u0119 przecie\u017c mojego wychowania, wspomnie\u0144, rytua\u0142\u00f3w, ani w jakim\u015b stopniu tak\u017ce \u015bwiatopogl\u0105du. Post-katoliczka nie potrzebuje ko\u015bcio\u0142a katolickiego. Post-katoliczka raczej wystrzega si\u0119 zbytniej religijno\u015bci i z automatu traktuje j\u0105 raczej podejrzliwie.<\/p>\n\n\n\n<h2 class=\"wp-block-heading\">Czesi a religia<\/h2>\n\n\n\n<p>W Czechach z t\u0105 religi\u0105 bywa r\u00f3\u017cnie. To znaczy, dla wi\u0119kszo\u015bci jest to temat chyba do\u015b\u0107 egzotyczny, w rozumieniu takim, \u017ce raczej odleg\u0142y, raczej jest to rzecz przesz\u0142o\u015bci, kt\u00f3ra, owszem, ma jakie\u015b swoje \u015blady w tera\u017aniejszo\u015bci, ale nie na tyle istotne, aby si\u0119 tym zanadto przejmowa\u0107. Nie jest to temat zapalny \u2013 o ile kto\u015b nie jest zajad\u0142ym antykleryka\u0142em (a tacy te\u017c si\u0119 zdarzaj\u0105). Mam czasem wra\u017cenie, \u017ce niekt\u00f3rym brakuje jakiego\u015b poczucia duchowo\u015bci, \u017ce w zwi\u0105zku z tym, \u017ce nie byli wychowani w \u017cadnej wierze, szukaj\u0105 troch\u0119 na o\u015blep, troch\u0119 w dziwnych miejscach \u2013 takich, kt\u00f3rej mnie, post-katoliczce, zapali\u0142yby si\u0119 wszystkie alarmy antysektowe.<\/p>\n\n\n\n<p>Co innego czescy katolicy \u2013 czeski, a mo\u017ce raczej morawski, jak powinnam powiedzie\u0107, ko\u015bci\u00f3\u0142 katolicki, jest tym polskim sprzed 20 czy 30 lat. Ludzie \u017ceni\u0105 si\u0119 i wychodz\u0105 za m\u0105\u017c w wieku 20 lat albo wcze\u015bniej. Maj\u0105 du\u017co dzieci, i to szybko (bo taka przecie\u017c kolej rzeczy, kiedy nie stosuje si\u0119 antykoncepcji, prawda?). Oczywi\u015bcie nie wszyscy, i nie zawsze, ale kiedy zdarza mi si\u0119 zaj\u015b\u0107 do morawskiego ko\u015bcio\u0142a katolickiego i widz\u0119 te wyczerpane twarze kobiet uganiaj\u0105ce si\u0119 za kolejnym bobasem \u2013 mam bardzo du\u017ce reminiscencje z \u017cycia mojej mamy, bab\u0107 i ciotek. I nie zrozumcie mnie \u017ale, ja nie mam nic przeciw du\u017cym rodzinom. Ale du\u017co mam przeciw brakowi mo\u017cliwo\u015bci realizacji dziewczyn, kt\u00f3re maj\u0105 po 18 lat, ledwo zda\u0142y matur\u0119 i ju\u017c oczekuje si\u0119 od nich, \u017ce b\u0119d\u0105 rodzi\u0107 dzieci.<\/p>\n\n\n\n<h2 class=\"wp-block-heading\">A mo\u017ce jednak ko\u015bci\u00f3\u0142 to sklep?<\/h2>\n\n\n\n<p>W\u0142a\u015bciwie nie wiem, co chc\u0119 Wam dzisiaj w tym po\u015bcie przekaza\u0107. Mo\u017ce to, co jaki\u015b czas temu us\u0142ysza\u0142am od Mirian Synger (profil jestem_zydowka na insta \u2013 polecam!) i co bardzo mi si\u0119 spodoba\u0142o, \u017ce ona jest \u017byd\u00f3wk\u0105 dlatego, \u017ce judaizm jej wiele daje. I \u017ce go wybra\u0142a, bo jest dla niej dobry. To zupe\u0142ne przeciwie\u0144stwo tego, co od zawsze s\u0142ysza\u0142am w ko\u015bciele katolickim \u2013 \u017ce religia to nie supermarket i nie nale\u017cy z niej wybiera\u0107 tego, co si\u0119 nam podoba, tylko trzeba przyj\u0105\u0107 wszystko i to dok\u0142adnie tak, jak ci to podaj\u0105.<\/p>\n\n\n\n<p>Ot\u00f3\u017c ja s\u0105dz\u0119, \u017ce to wielka \u015bciema. Tekst, kt\u00f3ry totalnie zwalnia nas z my\u015blenia i stara si\u0119 wyrugowa\u0107 krytyczne podej\u015bcie. \u017baden system religijny nie jest idealny, bo wymy\u015blaj\u0105 go, koniec ko\u0144c\u00f3w, u\u0142omni ludzie. Uwa\u017cam, \u017ce religia, je\u015bli jak\u0105\u015b ju\u017c mamy, powinna nam s\u0142u\u017cy\u0107, to znaczy, nale\u017cy z niej wybiera\u0107 tylko to, co dobre.<\/p>\n\n\n\n<p>A z\u0142e \u2013 wyrugowa\u0107. Niszczy\u0107. Przeprosi\u0107, je\u015bli trzeba. I zapomnie\u0107.<\/p>\n\n\n\n<p>Bo inaczej w tym lesie zapomnianych i samotnych bog\u00f3w nie b\u0119dzie wcale tak samotnie.<\/p>\n","protected":false},"excerpt":{"rendered":"<p>O tym, dlaczego jestem post-katoliczk\u0105 i co to znaczy by\u0107 post-katoliczk\u0105 w Czechach. Troch\u0119 rant, a troch\u0119 gar\u015b\u0107 przemy\u015ble\u0144.&hellip; <a class=\"more-link\" href=\"https:\/\/czerwonawalizka.com\/index.php\/2022\/03\/10\/post-katoliczka-w-czechach\/\">Read More <span class=\"screen-reader-text\">Post-katoliczka w Czechach<\/span><\/a><\/p>\n","protected":false},"author":2,"featured_media":4029,"comment_status":"open","ping_status":"open","sticky":false,"template":"","format":"standard","meta":{"jetpack_post_was_ever_published":false,"_jetpack_newsletter_access":"","_jetpack_dont_email_post_to_subs":false,"_jetpack_newsletter_tier_id":0,"_jetpack_memberships_contains_paywalled_content":false,"_jetpack_memberships_contains_paid_content":false,"footnotes":"","jetpack_publicize_message":"","jetpack_publicize_feature_enabled":false,"jetpack_social_post_already_shared":true,"jetpack_social_options":{"image_generator_settings":{"template":"highway","default_image_id":0,"font":"","enabled":false},"version":2}},"categories":[600],"tags":[644,643,645],"class_list":["post-4027","post","type-post","status-publish","format-standard","has-post-thumbnail","hentry","category-emigracja-w-czechach","tag-kosciol-katlicki","tag-post-katoliczka","tag-religia-w-czechach"],"yoast_head":"<!-- This site is optimized with the Yoast SEO plugin v27.0 - https:\/\/yoast.com\/product\/yoast-seo-wordpress\/ -->\n<title>Post-katoliczka w Czechach - Dziewczyna z czerwon\u0105 walizk\u0105<\/title>\n<meta name=\"description\" content=\"O tym, dlaczego jestem post-katoliczk\u0105 i co to znaczy by\u0107 post-katoliczk\u0105 w Czechach. Troch\u0119 rant, a troch\u0119 gar\u015b\u0107 przemy\u015ble\u0144.\" \/>\n<meta name=\"robots\" content=\"index, follow, max-snippet:-1, max-image-preview:large, max-video-preview:-1\" \/>\n<link rel=\"canonical\" href=\"https:\/\/czerwonawalizka.com\/index.php\/2022\/03\/10\/post-katoliczka-w-czechach\/\" \/>\n<meta property=\"og:locale\" content=\"pl_PL\" \/>\n<meta property=\"og:type\" content=\"article\" \/>\n<meta property=\"og:title\" content=\"Post-katoliczka w Czechach - Dziewczyna z czerwon\u0105 walizk\u0105\" \/>\n<meta property=\"og:description\" content=\"O tym, dlaczego jestem post-katoliczk\u0105 i co to znaczy by\u0107 post-katoliczk\u0105 w Czechach. Troch\u0119 rant, a troch\u0119 gar\u015b\u0107 przemy\u015ble\u0144.\" \/>\n<meta property=\"og:url\" content=\"https:\/\/czerwonawalizka.com\/index.php\/2022\/03\/10\/post-katoliczka-w-czechach\/\" \/>\n<meta property=\"og:site_name\" content=\"Dziewczyna z czerwon\u0105 walizk\u0105\" \/>\n<meta property=\"article:published_time\" content=\"2022-03-10T22:05:04+00:00\" \/>\n<meta property=\"article:modified_time\" content=\"2024-11-15T22:05:45+00:00\" \/>\n<meta property=\"og:image\" content=\"https:\/\/czerwonawalizka.com\/wp-content\/uploads\/2022\/03\/post-katoliczka.png\" \/>\n\t<meta property=\"og:image:width\" content=\"1263\" \/>\n\t<meta property=\"og:image:height\" content=\"709\" \/>\n\t<meta property=\"og:image:type\" content=\"image\/png\" \/>\n<meta name=\"author\" content=\"Marta\" \/>\n<meta name=\"twitter:card\" content=\"summary_large_image\" \/>\n<meta name=\"twitter:label1\" content=\"Napisane przez\" \/>\n\t<meta name=\"twitter:data1\" content=\"Marta\" \/>\n\t<meta name=\"twitter:label2\" content=\"Szacowany czas czytania\" \/>\n\t<meta name=\"twitter:data2\" content=\"6 minut\" \/>\n<script type=\"application\/ld+json\" class=\"yoast-schema-graph\">{\"@context\":\"https:\/\/schema.org\",\"@graph\":[{\"@type\":\"Article\",\"@id\":\"https:\/\/czerwonawalizka.com\/index.php\/2022\/03\/10\/post-katoliczka-w-czechach\/#article\",\"isPartOf\":{\"@id\":\"https:\/\/czerwonawalizka.com\/index.php\/2022\/03\/10\/post-katoliczka-w-czechach\/\"},\"author\":{\"name\":\"Marta\",\"@id\":\"https:\/\/czerwonawalizka.com\/#\/schema\/person\/ca9ae0ae7fc0f714249aaa234df8f5cc\"},\"headline\":\"Post-katoliczka w Czechach\",\"datePublished\":\"2022-03-10T22:05:04+00:00\",\"dateModified\":\"2024-11-15T22:05:45+00:00\",\"mainEntityOfPage\":{\"@id\":\"https:\/\/czerwonawalizka.com\/index.php\/2022\/03\/10\/post-katoliczka-w-czechach\/\"},\"wordCount\":1181,\"commentCount\":1,\"publisher\":{\"@id\":\"https:\/\/czerwonawalizka.com\/#\/schema\/person\/ca9ae0ae7fc0f714249aaa234df8f5cc\"},\"image\":{\"@id\":\"https:\/\/czerwonawalizka.com\/index.php\/2022\/03\/10\/post-katoliczka-w-czechach\/#primaryimage\"},\"thumbnailUrl\":\"https:\/\/czerwonawalizka.com\/wp-content\/uploads\/2022\/03\/post-katoliczka.png\",\"keywords\":[\"ko\u015bci\u00f3\u0142 katlicki\",\"post-katoliczka\",\"religia w Czechach\"],\"articleSection\":[\"Emigracja w Czechach\"],\"inLanguage\":\"pl-PL\",\"potentialAction\":[{\"@type\":\"CommentAction\",\"name\":\"Comment\",\"target\":[\"https:\/\/czerwonawalizka.com\/index.php\/2022\/03\/10\/post-katoliczka-w-czechach\/#respond\"]}]},{\"@type\":\"WebPage\",\"@id\":\"https:\/\/czerwonawalizka.com\/index.php\/2022\/03\/10\/post-katoliczka-w-czechach\/\",\"url\":\"https:\/\/czerwonawalizka.com\/index.php\/2022\/03\/10\/post-katoliczka-w-czechach\/\",\"name\":\"Post-katoliczka w Czechach - Dziewczyna z czerwon\u0105 walizk\u0105\",\"isPartOf\":{\"@id\":\"https:\/\/czerwonawalizka.com\/#website\"},\"primaryImageOfPage\":{\"@id\":\"https:\/\/czerwonawalizka.com\/index.php\/2022\/03\/10\/post-katoliczka-w-czechach\/#primaryimage\"},\"image\":{\"@id\":\"https:\/\/czerwonawalizka.com\/index.php\/2022\/03\/10\/post-katoliczka-w-czechach\/#primaryimage\"},\"thumbnailUrl\":\"https:\/\/czerwonawalizka.com\/wp-content\/uploads\/2022\/03\/post-katoliczka.png\",\"datePublished\":\"2022-03-10T22:05:04+00:00\",\"dateModified\":\"2024-11-15T22:05:45+00:00\",\"description\":\"O tym, dlaczego jestem post-katoliczk\u0105 i co to znaczy by\u0107 post-katoliczk\u0105 w Czechach. Troch\u0119 rant, a troch\u0119 gar\u015b\u0107 przemy\u015ble\u0144.\",\"breadcrumb\":{\"@id\":\"https:\/\/czerwonawalizka.com\/index.php\/2022\/03\/10\/post-katoliczka-w-czechach\/#breadcrumb\"},\"inLanguage\":\"pl-PL\",\"potentialAction\":[{\"@type\":\"ReadAction\",\"target\":[\"https:\/\/czerwonawalizka.com\/index.php\/2022\/03\/10\/post-katoliczka-w-czechach\/\"]}]},{\"@type\":\"ImageObject\",\"inLanguage\":\"pl-PL\",\"@id\":\"https:\/\/czerwonawalizka.com\/index.php\/2022\/03\/10\/post-katoliczka-w-czechach\/#primaryimage\",\"url\":\"https:\/\/czerwonawalizka.com\/wp-content\/uploads\/2022\/03\/post-katoliczka.png\",\"contentUrl\":\"https:\/\/czerwonawalizka.com\/wp-content\/uploads\/2022\/03\/post-katoliczka.png\",\"width\":\"1263\",\"height\":\"709\",\"caption\":\"Post-katoliczka\"},{\"@type\":\"BreadcrumbList\",\"@id\":\"https:\/\/czerwonawalizka.com\/index.php\/2022\/03\/10\/post-katoliczka-w-czechach\/#breadcrumb\",\"itemListElement\":[{\"@type\":\"ListItem\",\"position\":1,\"name\":\"Home\",\"item\":\"https:\/\/czerwonawalizka.com\/\"},{\"@type\":\"ListItem\",\"position\":2,\"name\":\"Post-katoliczka w Czechach\"}]},{\"@type\":\"WebSite\",\"@id\":\"https:\/\/czerwonawalizka.com\/#website\",\"url\":\"https:\/\/czerwonawalizka.com\/\",\"name\":\"Dziewczyna z czerwon\u0105 walizk\u0105\",\"description\":\"Blog patchworkowy\",\"publisher\":{\"@id\":\"https:\/\/czerwonawalizka.com\/#\/schema\/person\/ca9ae0ae7fc0f714249aaa234df8f5cc\"},\"potentialAction\":[{\"@type\":\"SearchAction\",\"target\":{\"@type\":\"EntryPoint\",\"urlTemplate\":\"https:\/\/czerwonawalizka.com\/?s={search_term_string}\"},\"query-input\":{\"@type\":\"PropertyValueSpecification\",\"valueRequired\":true,\"valueName\":\"search_term_string\"}}],\"inLanguage\":\"pl-PL\"},{\"@type\":[\"Person\",\"Organization\"],\"@id\":\"https:\/\/czerwonawalizka.com\/#\/schema\/person\/ca9ae0ae7fc0f714249aaa234df8f5cc\",\"name\":\"Marta\",\"image\":{\"@type\":\"ImageObject\",\"inLanguage\":\"pl-PL\",\"@id\":\"https:\/\/czerwonawalizka.com\/#\/schema\/person\/image\/\",\"url\":\"https:\/\/czerwonawalizka.com\/wp-content\/uploads\/2017\/06\/cropped-logo6-1.png\",\"contentUrl\":\"https:\/\/czerwonawalizka.com\/wp-content\/uploads\/2017\/06\/cropped-logo6-1.png\",\"width\":1108,\"height\":480,\"caption\":\"Marta\"},\"logo\":{\"@id\":\"https:\/\/czerwonawalizka.com\/#\/schema\/person\/image\/\"},\"sameAs\":[\"http:\/\/www.czerwonawalizka.com\"],\"url\":\"https:\/\/czerwonawalizka.com\/index.php\/author\/dziewczyna-z-czerwona-walizka\/\"}]}<\/script>\n<!-- \/ Yoast SEO plugin. -->","yoast_head_json":{"title":"Post-katoliczka w Czechach - Dziewczyna z czerwon\u0105 walizk\u0105","description":"O tym, dlaczego jestem post-katoliczk\u0105 i co to znaczy by\u0107 post-katoliczk\u0105 w Czechach. Troch\u0119 rant, a troch\u0119 gar\u015b\u0107 przemy\u015ble\u0144.","robots":{"index":"index","follow":"follow","max-snippet":"max-snippet:-1","max-image-preview":"max-image-preview:large","max-video-preview":"max-video-preview:-1"},"canonical":"https:\/\/czerwonawalizka.com\/index.php\/2022\/03\/10\/post-katoliczka-w-czechach\/","og_locale":"pl_PL","og_type":"article","og_title":"Post-katoliczka w Czechach - Dziewczyna z czerwon\u0105 walizk\u0105","og_description":"O tym, dlaczego jestem post-katoliczk\u0105 i co to znaczy by\u0107 post-katoliczk\u0105 w Czechach. Troch\u0119 rant, a troch\u0119 gar\u015b\u0107 przemy\u015ble\u0144.","og_url":"https:\/\/czerwonawalizka.com\/index.php\/2022\/03\/10\/post-katoliczka-w-czechach\/","og_site_name":"Dziewczyna z czerwon\u0105 walizk\u0105","article_published_time":"2022-03-10T22:05:04+00:00","article_modified_time":"2024-11-15T22:05:45+00:00","og_image":[{"width":1263,"height":709,"url":"https:\/\/czerwonawalizka.com\/wp-content\/uploads\/2022\/03\/post-katoliczka.png","type":"image\/png"}],"author":"Marta","twitter_card":"summary_large_image","twitter_misc":{"Napisane przez":"Marta","Szacowany czas czytania":"6 minut"},"schema":{"@context":"https:\/\/schema.org","@graph":[{"@type":"Article","@id":"https:\/\/czerwonawalizka.com\/index.php\/2022\/03\/10\/post-katoliczka-w-czechach\/#article","isPartOf":{"@id":"https:\/\/czerwonawalizka.com\/index.php\/2022\/03\/10\/post-katoliczka-w-czechach\/"},"author":{"name":"Marta","@id":"https:\/\/czerwonawalizka.com\/#\/schema\/person\/ca9ae0ae7fc0f714249aaa234df8f5cc"},"headline":"Post-katoliczka w Czechach","datePublished":"2022-03-10T22:05:04+00:00","dateModified":"2024-11-15T22:05:45+00:00","mainEntityOfPage":{"@id":"https:\/\/czerwonawalizka.com\/index.php\/2022\/03\/10\/post-katoliczka-w-czechach\/"},"wordCount":1181,"commentCount":1,"publisher":{"@id":"https:\/\/czerwonawalizka.com\/#\/schema\/person\/ca9ae0ae7fc0f714249aaa234df8f5cc"},"image":{"@id":"https:\/\/czerwonawalizka.com\/index.php\/2022\/03\/10\/post-katoliczka-w-czechach\/#primaryimage"},"thumbnailUrl":"https:\/\/czerwonawalizka.com\/wp-content\/uploads\/2022\/03\/post-katoliczka.png","keywords":["ko\u015bci\u00f3\u0142 katlicki","post-katoliczka","religia w Czechach"],"articleSection":["Emigracja w Czechach"],"inLanguage":"pl-PL","potentialAction":[{"@type":"CommentAction","name":"Comment","target":["https:\/\/czerwonawalizka.com\/index.php\/2022\/03\/10\/post-katoliczka-w-czechach\/#respond"]}]},{"@type":"WebPage","@id":"https:\/\/czerwonawalizka.com\/index.php\/2022\/03\/10\/post-katoliczka-w-czechach\/","url":"https:\/\/czerwonawalizka.com\/index.php\/2022\/03\/10\/post-katoliczka-w-czechach\/","name":"Post-katoliczka w Czechach - Dziewczyna z czerwon\u0105 walizk\u0105","isPartOf":{"@id":"https:\/\/czerwonawalizka.com\/#website"},"primaryImageOfPage":{"@id":"https:\/\/czerwonawalizka.com\/index.php\/2022\/03\/10\/post-katoliczka-w-czechach\/#primaryimage"},"image":{"@id":"https:\/\/czerwonawalizka.com\/index.php\/2022\/03\/10\/post-katoliczka-w-czechach\/#primaryimage"},"thumbnailUrl":"https:\/\/czerwonawalizka.com\/wp-content\/uploads\/2022\/03\/post-katoliczka.png","datePublished":"2022-03-10T22:05:04+00:00","dateModified":"2024-11-15T22:05:45+00:00","description":"O tym, dlaczego jestem post-katoliczk\u0105 i co to znaczy by\u0107 post-katoliczk\u0105 w Czechach. Troch\u0119 rant, a troch\u0119 gar\u015b\u0107 przemy\u015ble\u0144.","breadcrumb":{"@id":"https:\/\/czerwonawalizka.com\/index.php\/2022\/03\/10\/post-katoliczka-w-czechach\/#breadcrumb"},"inLanguage":"pl-PL","potentialAction":[{"@type":"ReadAction","target":["https:\/\/czerwonawalizka.com\/index.php\/2022\/03\/10\/post-katoliczka-w-czechach\/"]}]},{"@type":"ImageObject","inLanguage":"pl-PL","@id":"https:\/\/czerwonawalizka.com\/index.php\/2022\/03\/10\/post-katoliczka-w-czechach\/#primaryimage","url":"https:\/\/czerwonawalizka.com\/wp-content\/uploads\/2022\/03\/post-katoliczka.png","contentUrl":"https:\/\/czerwonawalizka.com\/wp-content\/uploads\/2022\/03\/post-katoliczka.png","width":"1263","height":"709","caption":"Post-katoliczka"},{"@type":"BreadcrumbList","@id":"https:\/\/czerwonawalizka.com\/index.php\/2022\/03\/10\/post-katoliczka-w-czechach\/#breadcrumb","itemListElement":[{"@type":"ListItem","position":1,"name":"Home","item":"https:\/\/czerwonawalizka.com\/"},{"@type":"ListItem","position":2,"name":"Post-katoliczka w Czechach"}]},{"@type":"WebSite","@id":"https:\/\/czerwonawalizka.com\/#website","url":"https:\/\/czerwonawalizka.com\/","name":"Dziewczyna z czerwon\u0105 walizk\u0105","description":"Blog patchworkowy","publisher":{"@id":"https:\/\/czerwonawalizka.com\/#\/schema\/person\/ca9ae0ae7fc0f714249aaa234df8f5cc"},"potentialAction":[{"@type":"SearchAction","target":{"@type":"EntryPoint","urlTemplate":"https:\/\/czerwonawalizka.com\/?s={search_term_string}"},"query-input":{"@type":"PropertyValueSpecification","valueRequired":true,"valueName":"search_term_string"}}],"inLanguage":"pl-PL"},{"@type":["Person","Organization"],"@id":"https:\/\/czerwonawalizka.com\/#\/schema\/person\/ca9ae0ae7fc0f714249aaa234df8f5cc","name":"Marta","image":{"@type":"ImageObject","inLanguage":"pl-PL","@id":"https:\/\/czerwonawalizka.com\/#\/schema\/person\/image\/","url":"https:\/\/czerwonawalizka.com\/wp-content\/uploads\/2017\/06\/cropped-logo6-1.png","contentUrl":"https:\/\/czerwonawalizka.com\/wp-content\/uploads\/2017\/06\/cropped-logo6-1.png","width":1108,"height":480,"caption":"Marta"},"logo":{"@id":"https:\/\/czerwonawalizka.com\/#\/schema\/person\/image\/"},"sameAs":["http:\/\/www.czerwonawalizka.com"],"url":"https:\/\/czerwonawalizka.com\/index.php\/author\/dziewczyna-z-czerwona-walizka\/"}]}},"jetpack_publicize_connections":[],"jetpack_featured_media_url":"https:\/\/czerwonawalizka.com\/wp-content\/uploads\/2022\/03\/post-katoliczka.png","jetpack_sharing_enabled":true,"jetpack_shortlink":"https:\/\/wp.me\/p8RvtB-12X","jetpack_likes_enabled":false,"_links":{"self":[{"href":"https:\/\/czerwonawalizka.com\/index.php\/wp-json\/wp\/v2\/posts\/4027","targetHints":{"allow":["GET"]}}],"collection":[{"href":"https:\/\/czerwonawalizka.com\/index.php\/wp-json\/wp\/v2\/posts"}],"about":[{"href":"https:\/\/czerwonawalizka.com\/index.php\/wp-json\/wp\/v2\/types\/post"}],"author":[{"embeddable":true,"href":"https:\/\/czerwonawalizka.com\/index.php\/wp-json\/wp\/v2\/users\/2"}],"replies":[{"embeddable":true,"href":"https:\/\/czerwonawalizka.com\/index.php\/wp-json\/wp\/v2\/comments?post=4027"}],"version-history":[{"count":2,"href":"https:\/\/czerwonawalizka.com\/index.php\/wp-json\/wp\/v2\/posts\/4027\/revisions"}],"predecessor-version":[{"id":4030,"href":"https:\/\/czerwonawalizka.com\/index.php\/wp-json\/wp\/v2\/posts\/4027\/revisions\/4030"}],"wp:featuredmedia":[{"embeddable":true,"href":"https:\/\/czerwonawalizka.com\/index.php\/wp-json\/wp\/v2\/media\/4029"}],"wp:attachment":[{"href":"https:\/\/czerwonawalizka.com\/index.php\/wp-json\/wp\/v2\/media?parent=4027"}],"wp:term":[{"taxonomy":"category","embeddable":true,"href":"https:\/\/czerwonawalizka.com\/index.php\/wp-json\/wp\/v2\/categories?post=4027"},{"taxonomy":"post_tag","embeddable":true,"href":"https:\/\/czerwonawalizka.com\/index.php\/wp-json\/wp\/v2\/tags?post=4027"}],"curies":[{"name":"wp","href":"https:\/\/api.w.org\/{rel}","templated":true}]}}