{"id":3748,"date":"2021-08-20T22:45:44","date_gmt":"2021-08-20T20:45:44","guid":{"rendered":"https:\/\/czerwonawalizka.com\/?p=3748"},"modified":"2024-11-15T23:07:19","modified_gmt":"2024-11-15T22:07:19","slug":"historia-konfliktu-o-zaolzie","status":"publish","type":"post","link":"https:\/\/czerwonawalizka.com\/index.php\/2021\/08\/20\/historia-konfliktu-o-zaolzie\/","title":{"rendered":"Historia konfliktu o Zaolzie"},"content":{"rendered":"\n<p class=\"has-drop-cap\">Zaolzie to tereny dawnego Ksi\u0119stwa Cieszy\u0144skiego, czyli T\u011b\u0161\u00ednska. Nazwa powsta\u0142a w latach 20. XX wieku, gdy mieszkaj\u0105cy tam Polacy okre\u015blali tereny zaj\u0119te przez Czechos\u0142owacj\u0119 \u2013 te \u201eza rzek\u0105\u201d (Olsz\u0105), czyli czeskie. Termin ten jest polonocentryczny, tzn. okre\u015bla tereny te z polskiego punktu widzenia i nie jest te\u017c do ko\u0144ca dok\u0142adny, bo jego cz\u0119\u015b\u0107 znajduje si\u0119 te\u017c na drugim brzegu rzeki.<\/p>\n\n\n\n<h2 class=\"wp-block-heading\">T\u0142o historyczne<\/h2>\n\n\n\n<p>Tereny te do roku 1918 by\u0142y cz\u0119\u015bci\u0105 Austro-W\u0119gier. Po zako\u0144czeniu I wojny \u015bwiatowej pretensje do tych teren\u00f3w zg\u0142osi\u0142y dwa nowopowsta\u0142e kraje: Polska i Czechos\u0142owacja. Polacy na zasadzie etniczno\u015bci (tzn. \u017ce wi\u0119kszo\u015b\u0107 ludno\u015bci by\u0142a polska), \u00a0Czechos\u0142owacy \u2013 na zasadzie historyczno\u015bci (tereny te by\u0142y pod panowaniem korony czeskiej nieprzerwanie ju\u017c od roku 1292); dla Czechos\u0142owacji bardzo wa\u017cna by\u0142a przebiegaj\u0105ca przez Cieszyn linia kolejowa, jako jedyna \u0142\u0105cz\u0105ca Czechy ze S\u0142owacj\u0105. Wyznaczono wi\u0119c lini\u0119 demarkacyjn\u0105, oczekuj\u0105c ustale\u0144 Ententy.<\/p>\n\n\n\n<figure class=\"wp-block-image size-large\"><img loading=\"lazy\" decoding=\"async\" width=\"1024\" height=\"614\" src=\"https:\/\/czerwonawalizka.com\/wp-content\/uploads\/2017\/07\/20150923_180724-1024x614.jpg\" alt=\"\" class=\"wp-image-1752\" srcset=\"https:\/\/czerwonawalizka.com\/wp-content\/uploads\/2017\/07\/20150923_180724-1024x614.jpg 1024w, https:\/\/czerwonawalizka.com\/wp-content\/uploads\/2017\/07\/20150923_180724-600x360.jpg 600w, https:\/\/czerwonawalizka.com\/wp-content\/uploads\/2017\/07\/20150923_180724-300x180.jpg 300w, https:\/\/czerwonawalizka.com\/wp-content\/uploads\/2017\/07\/20150923_180724-768x461.jpg 768w, https:\/\/czerwonawalizka.com\/wp-content\/uploads\/2017\/07\/20150923_180724-500x300.jpg 500w, https:\/\/czerwonawalizka.com\/wp-content\/uploads\/2017\/07\/20150923_180724.jpg 2048w\" sizes=\"auto, (max-width: 1024px) 100vw, 1024px\" \/><\/figure>\n\n\n\n<h2 class=\"wp-block-heading\">Zarzewie konfliktu<\/h2>\n\n\n\n<p>Zwykli ludzie w regionie do tej pory raczej nie szczeg\u00f3lnie pa\u0142ali mi\u0142o\u015bci\u0105 do jednego lub drugiego kraju; wszyscy byli po prostu \u201eswoi\u201d, jedni rozumieli drugich. Ostre spory zacz\u0119\u0142y si\u0119 pojawia\u0107, gdy dosz\u0142o do zaostrzenia konfliktu \u2013 28 listopada 1918 r. polska strona rozpisa\u0142a wybory do Sejmu \u2013 r\u00f3wnie\u017c na terenach, kt\u00f3re oficjalnie jej jeszcze nie by\u0142y. Praga uzna\u0142a to za polityk\u0119 fakt\u00f3w dokonanych i wys\u0142a\u0142a do walki wojsko, kt\u00f3re zepchn\u0119\u0142o polskie si\u0142y a\u017c do Skoczowa.<\/p>\n\n\n\n<h2 class=\"wp-block-heading\">Nowa rzeczywisto\u015b\u0107 czeska<\/h2>\n\n\n\n<p>Obie strony swoje pretensje wysuwa\u0142y na podstawie uznawanych przes\u0142anek, kt\u00f3rych jednak same nie szanowa\u0142y w odniesieniu do innych kraj\u00f3w (np. Czesi u\u017cywali argumentu historycznego, kt\u00f3rego nie przyjmowali od W\u0119gr\u00f3w si\u0142\u0105 do\u0142\u0105czonych do po\u0142udniowej S\u0142owacji; Polacy natomiast g\u0142osili podstaw\u0119 etniczn\u0105, a sami do\u0142\u0105czali do siebie tereny etnicznie ukrai\u0144skie i bia\u0142oruskie, nie respektuj\u0105c praw tych narod\u00f3w do samostanowienia). By\u0142o to wi\u0119c zderzenie dw\u00f3ch narodowych egoizm\u00f3w.<\/p>\n\n\n\n<figure class=\"wp-block-image size-large\"><img loading=\"lazy\" decoding=\"async\" width=\"1024\" height=\"614\" src=\"https:\/\/czerwonawalizka.com\/wp-content\/uploads\/2015\/10\/20150816_151917-1024x614.jpg\" alt=\"Cieszyn\" class=\"wp-image-213\" srcset=\"https:\/\/czerwonawalizka.com\/wp-content\/uploads\/2015\/10\/20150816_151917-1024x614.jpg 1024w, https:\/\/czerwonawalizka.com\/wp-content\/uploads\/2015\/10\/20150816_151917-600x360.jpg 600w, https:\/\/czerwonawalizka.com\/wp-content\/uploads\/2015\/10\/20150816_151917-300x180.jpg 300w, https:\/\/czerwonawalizka.com\/wp-content\/uploads\/2015\/10\/20150816_151917-768x461.jpg 768w, https:\/\/czerwonawalizka.com\/wp-content\/uploads\/2015\/10\/20150816_151917-2000x1200.jpg 2000w, https:\/\/czerwonawalizka.com\/wp-content\/uploads\/2015\/10\/20150816_151917.jpg 2048w\" sizes=\"auto, (max-width: 1024px) 100vw, 1024px\" \/><\/figure>\n\n\n\n<h2 class=\"wp-block-heading\">Ustalenia mi\u0119dzynarodowe a rzeczywisto\u015b\u0107<\/h2>\n\n\n\n<p>Dodatkowy smaczek sprawie nadaje fakt, \u017ce Polska Zaolzie mia\u0142a dosta\u0107 niejako \u201ew nagrod\u0119\u201d za obron\u0119 Europy przed szar\u017cuj\u0105cymi ze wschodu bolszewikami; potem si\u0119 jednak okaza\u0142o, \u017ce ten fakt zawa\u017cy\u0142 na przegranej z Czechos\u0142owakami, bo polskie wojsko nie by\u0142o ju\u017c w stanie broni\u0107 granicy, b\u0119d\u0105c uwi\u0105zanym na wschodzie. Czechos\u0142owacy Zaolzie zdobyli, przyczyniaj\u0105c si\u0119 do zrodzenia nienawi\u015bci do ich kraju w\u015br\u00f3d ludno\u015bci polskiej. Praga zreszt\u0105 Polak\u00f3w dyskryminowa\u0142a \u2013 np. zmuszaj\u0105c ich do posy\u0142ania dzieci do szk\u00f3\u0142 czeskich (za odmow\u0119 gro\u017c\u0105c cho\u0107by wyrzuceniem z pracy).<\/p>\n\n\n\n<p>Sytuacja odwr\u00f3ci\u0142a si\u0119 jednak w 1938 r., gdy przypi\u0119ta do muru przez Hitlera Czechos\u0142owacja przyjmowa\u0142a jego ultimatum o oddaniu cz\u0119\u015bci swoich teren\u00f3w \u2013 Polska skorzysta\u0142a z pomocy niemieckiego dyktatora i zaj\u0119\u0142a Zaolzie si\u0142\u0105. To jednak w Polsce na d\u0142ugo nie zosta\u0142o\u2026<\/p>\n\n\n\n<h2 class=\"wp-block-heading\">Dzisiejszy Cieszyn<\/h2>\n\n\n\n<p>Po II wojnie \u015bwiatowej nastroje by\u0142y nadal bojowe, jednak towarzysz Stalin zabroni\u0142 braterskim narodom walki. Wr\u00f3ci\u0142y ustalenia sprzed monachijskich ustale\u0144; w 1958 r. Polska ostatecznie zrezygnowa\u0142a z walki o Zaolzie. Do dzi\u015b na tych terenach \u017cyje polska mniejszo\u015b\u0107; w 2011 r. by\u0142o to ok. 30 tys. ludzi.<\/p>\n\n\n\n<p>Dzi\u015b Cieszyn i Czeski Cieszyn to dwa organizmy tego samego miasta \u2013 kt\u00f3re uk\u0142ad z Schengen po\u0142\u0105czy\u0142 na nowo. Ludzie mog\u0105 zapomnie\u0107 o dawnych krzywdach i znowu cieszy\u0107 si\u0119 po prostu wsp\u00f3lnym \u017cyciem. A kto w Cieszynie by\u0142, ten wie, \u017ce tam cieszy\u0107 si\u0119 jest czym, bo okolica przepi\u0119kna, miasto wspania\u0142e, a i czeskiego piwa nie brakuje. <a href=\"https:\/\/czerwonawalizka.com\/index.php\/2015\/10\/19\/magiczne-miasto\/\" target=\"_blank\" rel=\"noreferrer noopener\">Tutaj poczytacie wi\u0119cej o mojej wizycie w tym pi\u0119knym mie\u015bcie<\/a>.<\/p>\n\n\n\n<p>PS Przy tworzeniu wpisu korzysta\u0142am z ksi\u0105\u017cki <em>Czesi. Przewodnik po historii narodu i pa\u0144stwa<\/em> Petra Joke\u0161a.<\/p>\n\n\n\n<p>PS A gdyby\u015bcie chcieli pozna\u0107 troch\u0119 bli\u017cej codzienne losy mieszka\u0144c\u00f3w Zaolzia z pocz\u0105tku konfliktu, serdecznie polecam Wam ksi\u0105\u017ck\u0119 <em>\u0160ikm\u00fd kostel: Rom\u00e1nov\u00e1 kronika ztracen\u00e9ho m\u011bsta, l\u00e9ta 1894-1921<\/em> autorstwa Karin Lednickiej.<\/p>\n","protected":false},"excerpt":{"rendered":"<p>Zaolzie to tereny dawnego Ksi\u0119stwa Cieszy\u0144skiego, czyli T\u011b\u0161\u00ednska. Nazwa powsta\u0142a w latach 20. XX wieku, gdy mieszkaj\u0105cy tam Polacy okre\u015blali tereny zaj\u0119te przez Czechos\u0142owacj\u0119 \u2013 te \u201eza rzek\u0105\u201d (Olsz\u0105), czyli czeskie. Termin ten jest polonocentryczny, tzn. okre\u015bla tereny te z polskiego punktu widzenia i nie jest te\u017c do ko\u0144ca dok\u0142adny, bo jego cz\u0119\u015b\u0107 znajduje si\u0119&hellip; <a class=\"more-link\" href=\"https:\/\/czerwonawalizka.com\/index.php\/2021\/08\/20\/historia-konfliktu-o-zaolzie\/\">Read More <span class=\"screen-reader-text\">Historia konfliktu o Zaolzie<\/span><\/a><\/p>\n","protected":false},"author":2,"featured_media":3749,"comment_status":"open","ping_status":"open","sticky":false,"template":"","format":"standard","meta":{"jetpack_post_was_ever_published":false,"_jetpack_newsletter_access":"","_jetpack_dont_email_post_to_subs":false,"_jetpack_newsletter_tier_id":0,"_jetpack_memberships_contains_paywalled_content":false,"_jetpack_memberships_contains_paid_content":false,"footnotes":"","jetpack_publicize_message":"","jetpack_publicize_feature_enabled":true,"jetpack_social_post_already_shared":true,"jetpack_social_options":{"image_generator_settings":{"template":"highway","default_image_id":0,"font":"","enabled":false},"version":2}},"categories":[718],"tags":[49,616],"class_list":["post-3748","post","type-post","status-publish","format-standard","has-post-thumbnail","hentry","category-gospodarka-i-polityka","tag-czechy","tag-czeski-cieszyn"],"yoast_head":"<!-- This site is optimized with the Yoast SEO plugin v27.0 - https:\/\/yoast.com\/product\/yoast-seo-wordpress\/ -->\n<title>Historia konfliktu o Zaolzie - Dziewczyna z czerwon\u0105 walizk\u0105<\/title>\n<meta name=\"description\" content=\"Historia konfliktu o Zaolzie, czyli jak zderza\u0142y si\u0119 dwa nacjonalizmy: polski i czeski. Kto wygra\u0142 i dlaczego?\" \/>\n<meta name=\"robots\" content=\"index, follow, max-snippet:-1, max-image-preview:large, max-video-preview:-1\" \/>\n<link rel=\"canonical\" href=\"https:\/\/czerwonawalizka.com\/index.php\/2021\/08\/20\/historia-konfliktu-o-zaolzie\/\" \/>\n<meta property=\"og:locale\" content=\"pl_PL\" \/>\n<meta property=\"og:type\" content=\"article\" \/>\n<meta property=\"og:title\" content=\"Historia konfliktu o Zaolzie - Dziewczyna z czerwon\u0105 walizk\u0105\" \/>\n<meta property=\"og:description\" content=\"Historia konfliktu o Zaolzie, czyli jak zderza\u0142y si\u0119 dwa nacjonalizmy: polski i czeski. Kto wygra\u0142 i dlaczego?\" \/>\n<meta property=\"og:url\" content=\"https:\/\/czerwonawalizka.com\/index.php\/2021\/08\/20\/historia-konfliktu-o-zaolzie\/\" \/>\n<meta property=\"og:site_name\" content=\"Dziewczyna z czerwon\u0105 walizk\u0105\" \/>\n<meta property=\"article:published_time\" content=\"2021-08-20T20:45:44+00:00\" \/>\n<meta property=\"article:modified_time\" content=\"2024-11-15T22:07:19+00:00\" \/>\n<meta property=\"og:image\" content=\"https:\/\/czerwonawalizka.com\/wp-content\/uploads\/2021\/08\/zaolzie.png\" \/>\n\t<meta property=\"og:image:width\" content=\"944\" \/>\n\t<meta property=\"og:image:height\" content=\"526\" \/>\n\t<meta property=\"og:image:type\" content=\"image\/png\" \/>\n<meta name=\"author\" content=\"Marta\" \/>\n<meta name=\"twitter:card\" content=\"summary_large_image\" \/>\n<meta name=\"twitter:label1\" content=\"Napisane przez\" \/>\n\t<meta name=\"twitter:data1\" content=\"Marta\" \/>\n\t<meta name=\"twitter:label2\" content=\"Szacowany czas czytania\" \/>\n\t<meta name=\"twitter:data2\" content=\"3 minuty\" \/>\n<script type=\"application\/ld+json\" class=\"yoast-schema-graph\">{\"@context\":\"https:\/\/schema.org\",\"@graph\":[{\"@type\":\"Article\",\"@id\":\"https:\/\/czerwonawalizka.com\/index.php\/2021\/08\/20\/historia-konfliktu-o-zaolzie\/#article\",\"isPartOf\":{\"@id\":\"https:\/\/czerwonawalizka.com\/index.php\/2021\/08\/20\/historia-konfliktu-o-zaolzie\/\"},\"author\":{\"name\":\"Marta\",\"@id\":\"https:\/\/czerwonawalizka.com\/#\/schema\/person\/ca9ae0ae7fc0f714249aaa234df8f5cc\"},\"headline\":\"Historia konfliktu o Zaolzie\",\"datePublished\":\"2021-08-20T20:45:44+00:00\",\"dateModified\":\"2024-11-15T22:07:19+00:00\",\"mainEntityOfPage\":{\"@id\":\"https:\/\/czerwonawalizka.com\/index.php\/2021\/08\/20\/historia-konfliktu-o-zaolzie\/\"},\"wordCount\":692,\"commentCount\":2,\"publisher\":{\"@id\":\"https:\/\/czerwonawalizka.com\/#\/schema\/person\/ca9ae0ae7fc0f714249aaa234df8f5cc\"},\"image\":{\"@id\":\"https:\/\/czerwonawalizka.com\/index.php\/2021\/08\/20\/historia-konfliktu-o-zaolzie\/#primaryimage\"},\"thumbnailUrl\":\"https:\/\/czerwonawalizka.com\/wp-content\/uploads\/2021\/08\/zaolzie.png\",\"keywords\":[\"Czechy\",\"czeski cieszyn\"],\"articleSection\":[\"Gospodarka i polityka\"],\"inLanguage\":\"pl-PL\",\"potentialAction\":[{\"@type\":\"CommentAction\",\"name\":\"Comment\",\"target\":[\"https:\/\/czerwonawalizka.com\/index.php\/2021\/08\/20\/historia-konfliktu-o-zaolzie\/#respond\"]}]},{\"@type\":\"WebPage\",\"@id\":\"https:\/\/czerwonawalizka.com\/index.php\/2021\/08\/20\/historia-konfliktu-o-zaolzie\/\",\"url\":\"https:\/\/czerwonawalizka.com\/index.php\/2021\/08\/20\/historia-konfliktu-o-zaolzie\/\",\"name\":\"Historia konfliktu o Zaolzie - Dziewczyna z czerwon\u0105 walizk\u0105\",\"isPartOf\":{\"@id\":\"https:\/\/czerwonawalizka.com\/#website\"},\"primaryImageOfPage\":{\"@id\":\"https:\/\/czerwonawalizka.com\/index.php\/2021\/08\/20\/historia-konfliktu-o-zaolzie\/#primaryimage\"},\"image\":{\"@id\":\"https:\/\/czerwonawalizka.com\/index.php\/2021\/08\/20\/historia-konfliktu-o-zaolzie\/#primaryimage\"},\"thumbnailUrl\":\"https:\/\/czerwonawalizka.com\/wp-content\/uploads\/2021\/08\/zaolzie.png\",\"datePublished\":\"2021-08-20T20:45:44+00:00\",\"dateModified\":\"2024-11-15T22:07:19+00:00\",\"description\":\"Historia konfliktu o Zaolzie, czyli jak zderza\u0142y si\u0119 dwa nacjonalizmy: polski i czeski. Kto wygra\u0142 i dlaczego?\",\"breadcrumb\":{\"@id\":\"https:\/\/czerwonawalizka.com\/index.php\/2021\/08\/20\/historia-konfliktu-o-zaolzie\/#breadcrumb\"},\"inLanguage\":\"pl-PL\",\"potentialAction\":[{\"@type\":\"ReadAction\",\"target\":[\"https:\/\/czerwonawalizka.com\/index.php\/2021\/08\/20\/historia-konfliktu-o-zaolzie\/\"]}]},{\"@type\":\"ImageObject\",\"inLanguage\":\"pl-PL\",\"@id\":\"https:\/\/czerwonawalizka.com\/index.php\/2021\/08\/20\/historia-konfliktu-o-zaolzie\/#primaryimage\",\"url\":\"https:\/\/czerwonawalizka.com\/wp-content\/uploads\/2021\/08\/zaolzie.png\",\"contentUrl\":\"https:\/\/czerwonawalizka.com\/wp-content\/uploads\/2021\/08\/zaolzie.png\",\"width\":944,\"height\":526,\"caption\":\"Konflikt o Zaolzie\"},{\"@type\":\"BreadcrumbList\",\"@id\":\"https:\/\/czerwonawalizka.com\/index.php\/2021\/08\/20\/historia-konfliktu-o-zaolzie\/#breadcrumb\",\"itemListElement\":[{\"@type\":\"ListItem\",\"position\":1,\"name\":\"Home\",\"item\":\"https:\/\/czerwonawalizka.com\/\"},{\"@type\":\"ListItem\",\"position\":2,\"name\":\"Historia konfliktu o Zaolzie\"}]},{\"@type\":\"WebSite\",\"@id\":\"https:\/\/czerwonawalizka.com\/#website\",\"url\":\"https:\/\/czerwonawalizka.com\/\",\"name\":\"Dziewczyna z czerwon\u0105 walizk\u0105\",\"description\":\"Blog patchworkowy\",\"publisher\":{\"@id\":\"https:\/\/czerwonawalizka.com\/#\/schema\/person\/ca9ae0ae7fc0f714249aaa234df8f5cc\"},\"potentialAction\":[{\"@type\":\"SearchAction\",\"target\":{\"@type\":\"EntryPoint\",\"urlTemplate\":\"https:\/\/czerwonawalizka.com\/?s={search_term_string}\"},\"query-input\":{\"@type\":\"PropertyValueSpecification\",\"valueRequired\":true,\"valueName\":\"search_term_string\"}}],\"inLanguage\":\"pl-PL\"},{\"@type\":[\"Person\",\"Organization\"],\"@id\":\"https:\/\/czerwonawalizka.com\/#\/schema\/person\/ca9ae0ae7fc0f714249aaa234df8f5cc\",\"name\":\"Marta\",\"image\":{\"@type\":\"ImageObject\",\"inLanguage\":\"pl-PL\",\"@id\":\"https:\/\/czerwonawalizka.com\/#\/schema\/person\/image\/\",\"url\":\"https:\/\/czerwonawalizka.com\/wp-content\/uploads\/2017\/06\/cropped-logo6-1.png\",\"contentUrl\":\"https:\/\/czerwonawalizka.com\/wp-content\/uploads\/2017\/06\/cropped-logo6-1.png\",\"width\":1108,\"height\":480,\"caption\":\"Marta\"},\"logo\":{\"@id\":\"https:\/\/czerwonawalizka.com\/#\/schema\/person\/image\/\"},\"sameAs\":[\"http:\/\/www.czerwonawalizka.com\"],\"url\":\"https:\/\/czerwonawalizka.com\/index.php\/author\/dziewczyna-z-czerwona-walizka\/\"}]}<\/script>\n<!-- \/ Yoast SEO plugin. -->","yoast_head_json":{"title":"Historia konfliktu o Zaolzie - Dziewczyna z czerwon\u0105 walizk\u0105","description":"Historia konfliktu o Zaolzie, czyli jak zderza\u0142y si\u0119 dwa nacjonalizmy: polski i czeski. Kto wygra\u0142 i dlaczego?","robots":{"index":"index","follow":"follow","max-snippet":"max-snippet:-1","max-image-preview":"max-image-preview:large","max-video-preview":"max-video-preview:-1"},"canonical":"https:\/\/czerwonawalizka.com\/index.php\/2021\/08\/20\/historia-konfliktu-o-zaolzie\/","og_locale":"pl_PL","og_type":"article","og_title":"Historia konfliktu o Zaolzie - Dziewczyna z czerwon\u0105 walizk\u0105","og_description":"Historia konfliktu o Zaolzie, czyli jak zderza\u0142y si\u0119 dwa nacjonalizmy: polski i czeski. Kto wygra\u0142 i dlaczego?","og_url":"https:\/\/czerwonawalizka.com\/index.php\/2021\/08\/20\/historia-konfliktu-o-zaolzie\/","og_site_name":"Dziewczyna z czerwon\u0105 walizk\u0105","article_published_time":"2021-08-20T20:45:44+00:00","article_modified_time":"2024-11-15T22:07:19+00:00","og_image":[{"width":944,"height":526,"url":"https:\/\/czerwonawalizka.com\/wp-content\/uploads\/2021\/08\/zaolzie.png","type":"image\/png"}],"author":"Marta","twitter_card":"summary_large_image","twitter_misc":{"Napisane przez":"Marta","Szacowany czas czytania":"3 minuty"},"schema":{"@context":"https:\/\/schema.org","@graph":[{"@type":"Article","@id":"https:\/\/czerwonawalizka.com\/index.php\/2021\/08\/20\/historia-konfliktu-o-zaolzie\/#article","isPartOf":{"@id":"https:\/\/czerwonawalizka.com\/index.php\/2021\/08\/20\/historia-konfliktu-o-zaolzie\/"},"author":{"name":"Marta","@id":"https:\/\/czerwonawalizka.com\/#\/schema\/person\/ca9ae0ae7fc0f714249aaa234df8f5cc"},"headline":"Historia konfliktu o Zaolzie","datePublished":"2021-08-20T20:45:44+00:00","dateModified":"2024-11-15T22:07:19+00:00","mainEntityOfPage":{"@id":"https:\/\/czerwonawalizka.com\/index.php\/2021\/08\/20\/historia-konfliktu-o-zaolzie\/"},"wordCount":692,"commentCount":2,"publisher":{"@id":"https:\/\/czerwonawalizka.com\/#\/schema\/person\/ca9ae0ae7fc0f714249aaa234df8f5cc"},"image":{"@id":"https:\/\/czerwonawalizka.com\/index.php\/2021\/08\/20\/historia-konfliktu-o-zaolzie\/#primaryimage"},"thumbnailUrl":"https:\/\/czerwonawalizka.com\/wp-content\/uploads\/2021\/08\/zaolzie.png","keywords":["Czechy","czeski cieszyn"],"articleSection":["Gospodarka i polityka"],"inLanguage":"pl-PL","potentialAction":[{"@type":"CommentAction","name":"Comment","target":["https:\/\/czerwonawalizka.com\/index.php\/2021\/08\/20\/historia-konfliktu-o-zaolzie\/#respond"]}]},{"@type":"WebPage","@id":"https:\/\/czerwonawalizka.com\/index.php\/2021\/08\/20\/historia-konfliktu-o-zaolzie\/","url":"https:\/\/czerwonawalizka.com\/index.php\/2021\/08\/20\/historia-konfliktu-o-zaolzie\/","name":"Historia konfliktu o Zaolzie - Dziewczyna z czerwon\u0105 walizk\u0105","isPartOf":{"@id":"https:\/\/czerwonawalizka.com\/#website"},"primaryImageOfPage":{"@id":"https:\/\/czerwonawalizka.com\/index.php\/2021\/08\/20\/historia-konfliktu-o-zaolzie\/#primaryimage"},"image":{"@id":"https:\/\/czerwonawalizka.com\/index.php\/2021\/08\/20\/historia-konfliktu-o-zaolzie\/#primaryimage"},"thumbnailUrl":"https:\/\/czerwonawalizka.com\/wp-content\/uploads\/2021\/08\/zaolzie.png","datePublished":"2021-08-20T20:45:44+00:00","dateModified":"2024-11-15T22:07:19+00:00","description":"Historia konfliktu o Zaolzie, czyli jak zderza\u0142y si\u0119 dwa nacjonalizmy: polski i czeski. Kto wygra\u0142 i dlaczego?","breadcrumb":{"@id":"https:\/\/czerwonawalizka.com\/index.php\/2021\/08\/20\/historia-konfliktu-o-zaolzie\/#breadcrumb"},"inLanguage":"pl-PL","potentialAction":[{"@type":"ReadAction","target":["https:\/\/czerwonawalizka.com\/index.php\/2021\/08\/20\/historia-konfliktu-o-zaolzie\/"]}]},{"@type":"ImageObject","inLanguage":"pl-PL","@id":"https:\/\/czerwonawalizka.com\/index.php\/2021\/08\/20\/historia-konfliktu-o-zaolzie\/#primaryimage","url":"https:\/\/czerwonawalizka.com\/wp-content\/uploads\/2021\/08\/zaolzie.png","contentUrl":"https:\/\/czerwonawalizka.com\/wp-content\/uploads\/2021\/08\/zaolzie.png","width":944,"height":526,"caption":"Konflikt o Zaolzie"},{"@type":"BreadcrumbList","@id":"https:\/\/czerwonawalizka.com\/index.php\/2021\/08\/20\/historia-konfliktu-o-zaolzie\/#breadcrumb","itemListElement":[{"@type":"ListItem","position":1,"name":"Home","item":"https:\/\/czerwonawalizka.com\/"},{"@type":"ListItem","position":2,"name":"Historia konfliktu o Zaolzie"}]},{"@type":"WebSite","@id":"https:\/\/czerwonawalizka.com\/#website","url":"https:\/\/czerwonawalizka.com\/","name":"Dziewczyna z czerwon\u0105 walizk\u0105","description":"Blog patchworkowy","publisher":{"@id":"https:\/\/czerwonawalizka.com\/#\/schema\/person\/ca9ae0ae7fc0f714249aaa234df8f5cc"},"potentialAction":[{"@type":"SearchAction","target":{"@type":"EntryPoint","urlTemplate":"https:\/\/czerwonawalizka.com\/?s={search_term_string}"},"query-input":{"@type":"PropertyValueSpecification","valueRequired":true,"valueName":"search_term_string"}}],"inLanguage":"pl-PL"},{"@type":["Person","Organization"],"@id":"https:\/\/czerwonawalizka.com\/#\/schema\/person\/ca9ae0ae7fc0f714249aaa234df8f5cc","name":"Marta","image":{"@type":"ImageObject","inLanguage":"pl-PL","@id":"https:\/\/czerwonawalizka.com\/#\/schema\/person\/image\/","url":"https:\/\/czerwonawalizka.com\/wp-content\/uploads\/2017\/06\/cropped-logo6-1.png","contentUrl":"https:\/\/czerwonawalizka.com\/wp-content\/uploads\/2017\/06\/cropped-logo6-1.png","width":1108,"height":480,"caption":"Marta"},"logo":{"@id":"https:\/\/czerwonawalizka.com\/#\/schema\/person\/image\/"},"sameAs":["http:\/\/www.czerwonawalizka.com"],"url":"https:\/\/czerwonawalizka.com\/index.php\/author\/dziewczyna-z-czerwona-walizka\/"}]}},"jetpack_publicize_connections":[],"jetpack_featured_media_url":"https:\/\/czerwonawalizka.com\/wp-content\/uploads\/2021\/08\/zaolzie.png","jetpack_sharing_enabled":true,"jetpack_shortlink":"https:\/\/wp.me\/p8RvtB-Ys","jetpack_likes_enabled":false,"_links":{"self":[{"href":"https:\/\/czerwonawalizka.com\/index.php\/wp-json\/wp\/v2\/posts\/3748","targetHints":{"allow":["GET"]}}],"collection":[{"href":"https:\/\/czerwonawalizka.com\/index.php\/wp-json\/wp\/v2\/posts"}],"about":[{"href":"https:\/\/czerwonawalizka.com\/index.php\/wp-json\/wp\/v2\/types\/post"}],"author":[{"embeddable":true,"href":"https:\/\/czerwonawalizka.com\/index.php\/wp-json\/wp\/v2\/users\/2"}],"replies":[{"embeddable":true,"href":"https:\/\/czerwonawalizka.com\/index.php\/wp-json\/wp\/v2\/comments?post=3748"}],"version-history":[{"count":3,"href":"https:\/\/czerwonawalizka.com\/index.php\/wp-json\/wp\/v2\/posts\/3748\/revisions"}],"predecessor-version":[{"id":3753,"href":"https:\/\/czerwonawalizka.com\/index.php\/wp-json\/wp\/v2\/posts\/3748\/revisions\/3753"}],"wp:featuredmedia":[{"embeddable":true,"href":"https:\/\/czerwonawalizka.com\/index.php\/wp-json\/wp\/v2\/media\/3749"}],"wp:attachment":[{"href":"https:\/\/czerwonawalizka.com\/index.php\/wp-json\/wp\/v2\/media?parent=3748"}],"wp:term":[{"taxonomy":"category","embeddable":true,"href":"https:\/\/czerwonawalizka.com\/index.php\/wp-json\/wp\/v2\/categories?post=3748"},{"taxonomy":"post_tag","embeddable":true,"href":"https:\/\/czerwonawalizka.com\/index.php\/wp-json\/wp\/v2\/tags?post=3748"}],"curies":[{"name":"wp","href":"https:\/\/api.w.org\/{rel}","templated":true}]}}