{"id":3664,"date":"2021-07-02T21:10:39","date_gmt":"2021-07-02T19:10:39","guid":{"rendered":"https:\/\/czerwonawalizka.com\/?p=3664"},"modified":"2024-11-15T23:20:39","modified_gmt":"2024-11-15T22:20:39","slug":"dokad-na-urlop-w-czechach","status":"publish","type":"post","link":"https:\/\/czerwonawalizka.com\/index.php\/2021\/07\/02\/dokad-na-urlop-w-czechach\/","title":{"rendered":"Dok\u0105d na urlop w Czechach"},"content":{"rendered":"\n<p class=\"has-drop-cap\">Wieki chyba min\u0119\u0142y! Wieki odk\u0105d ostatnim razem postanowi\u0142am si\u0105\u015b\u0107 i co\u015b dla Was napisa\u0107 \u2013 co\u015b, co nie by\u0142o szortem literackim na Insta albo innym postem na media spo\u0142eczno\u015bciowe. Straszne po\u017ceracze czasu. Nie ma jednak przebacz, dzi\u015b jest ten dzie\u0144 \u2013 dzie\u0144, kiedy porozmawiamy sobie znowu troch\u0119 o Czechach, tym razem pod k\u0105tem turystycznym. Post\u00f3w turystycznych na blogu by\u0142o ju\u017c troch\u0119 i w\u0142a\u015bciwie mog\u0119 je podzieli\u0107 na dwa rodzaje: 1. <a href=\"https:\/\/czerwonawalizka.com\/index.php\/category\/urlop\/czechy-weekendowo\/\" target=\"_blank\" rel=\"noreferrer noopener\">posty wycieczkowe z propozycj\u0105 turystyczn\u0105 konkretnego regionu<\/a>, 2. <a href=\"https:\/\/czerwonawalizka.com\/index.php\/category\/urlop\/jak-zwiedzac-czechy\/\" target=\"_blank\" rel=\"noreferrer noopener\">posty o og\u00f3lnej tematyce turystycznej<\/a>, czyli np. jak zwiedza\u0107 Czechy aktywnie (rowery, kajaki, bieg\u00f3wki\u2026) albo na co si\u0119 nie da\u0107 z\u0142apa\u0107 jako turysta. By\u0142o te\u017c jedno podsumowanie kilku najpopularniejszych w\u015br\u00f3d turyst\u00f3w miejsc w Czechach (<a href=\"https:\/\/czerwonawalizka.com\/index.php\/2019\/05\/01\/czeskie-top-na-urlop\/\" target=\"_blank\" rel=\"noreferrer noopener\">czeskie TOP<\/a>) oraz kompletne, cho\u0107 skr\u00f3towe, <a href=\"https:\/\/czerwonawalizka.com\/?s=g%C3%B3ry\" target=\"_blank\" rel=\"noreferrer noopener\">kompendium na temat czeskich g\u00f3r<\/a>. A dzi\u015b b\u0119dzie z troch\u0119 innej perspektywy \u2013 chc\u0119 Wam poleci\u0107, <strong>dok\u0105d na urlop w Czechach si\u0119 uda\u0107, je\u015bli nie do Pragi<\/strong>, a wi\u0119c miejsca, kt\u00f3re nie s\u0105 a\u017c tak popularne (przynajmniej nie w\u015br\u00f3d rodak\u00f3w), troch\u0119 inne, za to czeskie i ciekawe. To co? Zaczynamy!<\/p>\n\n\n\n<h2 class=\"wp-block-heading\">Bia\u0142e Karpaty<\/h2>\n\n\n\n<p><strong>Pasmo g\u00f3rskie rozci\u0105gaj\u0105ce si\u0119 blisko granicy ze S\u0142owacj\u0105<\/strong>. Niewysokie, niepozorne, niezbyt popularne \u2013 a to w\u0142a\u015bnie tutaj, blisko Hrozenkova, we wsi \u017bitkowa, \u017cy\u0142 r\u00f3d czarownic, szeptuch, bogi\u0144, kt\u00f3re swoimi czarami potrafi\u0142y uzdrawia\u0107, leczy\u0107 na duszy i odgania\u0107 burze. Ten region to te\u017c nieko\u0144cz\u0105ce si\u0119 \u0142\u0105ki i pastwiska, a mi\u0119dzy nimi g\u0142\u0119bokie lasy. Niedaleko Luha\u010dovice, niewielkie uzdrowisko, w kt\u00f3rym napijecie si\u0119 bogatej w sk\u0142adniki mineralne wody lub\u2026 czekolady. Opr\u00f3cz tego warto zawita\u0107 do wioski szklarzy \u2013 Sidonie, a tak\u017ce wdrapa\u0107 si\u0119 na szczyt Javorn\u00edk, aby popodziwia\u0107 pi\u0119kn\u0105 krain\u0119 czesk\u0105 i s\u0142owack\u0105. Dla amator\u00f3w wina \u2013 winna \u015bcie\u017cka rowerowa (nie pytajcie mnie, jak kto\u015b wpad\u0142 na takie po\u0142\u0105czenie \u2013 ale to naprawd\u0119 istnieje; pami\u0119tajcie, \u017ce kosztowa\u0107 wina nale\u017cy na koniec wycieczki! \ud83d\ude0a) w okolicy wsi Blatnice. <strong>Region dla wszystkich tych, kt\u00f3rzy chc\u0105 po prostu odpocz\u0105\u0107 po\u015br\u00f3d natury <\/strong>i nie spotka\u0107 po\u0142owy kraju na szlaku. Przy okazji mo\u017cna te\u017c wyskoczy\u0107 za granic\u0119 i u S\u0142owak\u00f3w nakupi\u0107 dobrych g\u00f3rskich ser\u00f3w.<\/p>\n\n\n\n<figure class=\"wp-block-image size-large\"><img loading=\"lazy\" decoding=\"async\" width=\"810\" height=\"450\" src=\"https:\/\/czerwonawalizka.com\/wp-content\/uploads\/2021\/07\/4.png\" alt=\"\" class=\"wp-image-3669\" srcset=\"https:\/\/czerwonawalizka.com\/wp-content\/uploads\/2021\/07\/4.png 810w, https:\/\/czerwonawalizka.com\/wp-content\/uploads\/2021\/07\/4-300x167.png 300w, https:\/\/czerwonawalizka.com\/wp-content\/uploads\/2021\/07\/4-768x427.png 768w, https:\/\/czerwonawalizka.com\/wp-content\/uploads\/2021\/07\/4-540x300.png 540w, https:\/\/czerwonawalizka.com\/wp-content\/uploads\/2021\/07\/4-600x333.png 600w, https:\/\/czerwonawalizka.com\/wp-content\/uploads\/2021\/07\/4-400x222.png 400w\" sizes=\"auto, (max-width: 810px) 100vw, 810px\" \/><\/figure>\n\n\n\n<figure class=\"wp-block-image size-large\"><img loading=\"lazy\" decoding=\"async\" width=\"810\" height=\"450\" src=\"https:\/\/czerwonawalizka.com\/wp-content\/uploads\/2021\/07\/5.png\" alt=\"Bia\u0142e Karpaty\" class=\"wp-image-3670\" srcset=\"https:\/\/czerwonawalizka.com\/wp-content\/uploads\/2021\/07\/5.png 810w, https:\/\/czerwonawalizka.com\/wp-content\/uploads\/2021\/07\/5-300x167.png 300w, https:\/\/czerwonawalizka.com\/wp-content\/uploads\/2021\/07\/5-768x427.png 768w, https:\/\/czerwonawalizka.com\/wp-content\/uploads\/2021\/07\/5-540x300.png 540w, https:\/\/czerwonawalizka.com\/wp-content\/uploads\/2021\/07\/5-600x333.png 600w, https:\/\/czerwonawalizka.com\/wp-content\/uploads\/2021\/07\/5-400x222.png 400w\" sizes=\"auto, (max-width: 810px) 100vw, 810px\" \/><\/figure>\n\n\n\n<figure class=\"wp-block-image size-large\"><img loading=\"lazy\" decoding=\"async\" width=\"810\" height=\"450\" src=\"https:\/\/czerwonawalizka.com\/wp-content\/uploads\/2021\/07\/3.png\" alt=\"Bia\u0142e Karpaty\" class=\"wp-image-3668\" srcset=\"https:\/\/czerwonawalizka.com\/wp-content\/uploads\/2021\/07\/3.png 810w, https:\/\/czerwonawalizka.com\/wp-content\/uploads\/2021\/07\/3-300x167.png 300w, https:\/\/czerwonawalizka.com\/wp-content\/uploads\/2021\/07\/3-768x427.png 768w, https:\/\/czerwonawalizka.com\/wp-content\/uploads\/2021\/07\/3-540x300.png 540w, https:\/\/czerwonawalizka.com\/wp-content\/uploads\/2021\/07\/3-600x333.png 600w, https:\/\/czerwonawalizka.com\/wp-content\/uploads\/2021\/07\/3-400x222.png 400w\" sizes=\"auto, (max-width: 810px) 100vw, 810px\" \/><\/figure>\n\n\n\n<h2 class=\"wp-block-heading\">Szumawa<\/h2>\n\n\n\n<p>Ile\u017c ja si\u0119 ju\u017c o Szumawie napisa\u0142am! (klikajcie po osobny <a href=\"https:\/\/czerwonawalizka.com\/index.php\/2019\/10\/09\/szumawa\/\" target=\"_blank\" rel=\"noreferrer noopener\">artyku\u0142 o wycieczce na Szumaw\u0119<\/a>). Nie szkodzi to jednak \u2013 <strong>Szumawa zdecydowanie zas\u0142uguje na wszelkie aplauzy<\/strong>. To region po\u0142o\u017cony w po\u0142udniowo-zachodnim kra\u0144cu Republiki, tu\u017c przy granicy z Niemcami. Aby prze\u0142o\u017cy\u0107 Wam to na polski kod kulturowy \u2013 <strong>Szumawa jest pod pewnym wzgl\u0119dami podobna do naszych Bieszczad <\/strong>\u2013 to graniczne pasmo g\u00f3rskie, z kt\u00f3rego wyp\u0119dzono mieszka\u0144c\u00f3w. A\u017c trzy razy! Pierwotni osadnicy m\u00f3wili po niemiecku, mo\u017cecie wi\u0119c sobie wyobrazi\u0107, jaki spotka\u0142 ich los (Bardzo polecam g\u0142o\u015bny film z ostatniego roku <em><a href=\"https:\/\/www.filmweb.pl\/film\/Kraina+cienia-2020-860352\" target=\"_blank\" rel=\"noreferrer noopener\">Kraina cienia <\/a><\/em>o podobnej tematyce). Po ko\u0144cu II wojny <strong>to w\u0142a\u015bnie tutaj opad\u0142a metaforyczna \u017belazna Kurtyna, a szumawskie lasy sta\u0142y si\u0119 \u015bwiadkami wielu desperackich ucieczek <\/strong>ze wschodniego bloku. Dzi\u015b to miejsce jest na powr\u00f3t zasiedlone (cho\u0107 nie tak licznie jak kiedy\u015b), a my mo\u017cemy spacerowa\u0107 lub je\u017adzi\u0107, cho\u0107by na rowerze, po wspania\u0142ych zielonych szlakach i szuka\u0107 miejsc po dawnych ludzkich osadach. <strong>Bardzo polecam wszystkim, kt\u00f3rzy lubi\u0105 przy okazji wakacji lizn\u0105\u0107 troch\u0119 ciekawej historii, a do tego popodziwia\u0107 przyrod\u0119.<\/strong> Co zwiedzi\u0107? Na pewno warto zajrze\u0107 do wilczego wybiegu, pospacerowa\u0107 Puszcz\u0105 Boub\u00ednsk\u0105, a tak\u017ce przej\u015b\u0107 si\u0119 do nielicznych w Czechach jezior polodowcowych: Czarne, Czarcie i Laka. No i warto wspomnie\u0107 o robi\u0105cych wra\u017cenie ruinach zamku Rabi.<\/p>\n\n\n\n<figure class=\"wp-block-image size-large\"><img loading=\"lazy\" decoding=\"async\" width=\"810\" height=\"450\" src=\"https:\/\/czerwonawalizka.com\/wp-content\/uploads\/2019\/10\/16.png\" alt=\"Szumawskie lasy\" class=\"wp-image-2848\" srcset=\"https:\/\/czerwonawalizka.com\/wp-content\/uploads\/2019\/10\/16.png 810w, https:\/\/czerwonawalizka.com\/wp-content\/uploads\/2019\/10\/16-600x333.png 600w, https:\/\/czerwonawalizka.com\/wp-content\/uploads\/2019\/10\/16-300x167.png 300w, https:\/\/czerwonawalizka.com\/wp-content\/uploads\/2019\/10\/16-768x427.png 768w, https:\/\/czerwonawalizka.com\/wp-content\/uploads\/2019\/10\/16-540x300.png 540w, https:\/\/czerwonawalizka.com\/wp-content\/uploads\/2019\/10\/16-400x222.png 400w\" sizes=\"auto, (max-width: 810px) 100vw, 810px\" \/><\/figure>\n\n\n\n<figure class=\"wp-block-image size-large\"><img loading=\"lazy\" decoding=\"async\" width=\"810\" height=\"450\" src=\"https:\/\/czerwonawalizka.com\/wp-content\/uploads\/2020\/03\/8.png\" alt=\"Szumawa\" class=\"wp-image-2967\" srcset=\"https:\/\/czerwonawalizka.com\/wp-content\/uploads\/2020\/03\/8.png 810w, https:\/\/czerwonawalizka.com\/wp-content\/uploads\/2020\/03\/8-600x333.png 600w, https:\/\/czerwonawalizka.com\/wp-content\/uploads\/2020\/03\/8-300x167.png 300w, https:\/\/czerwonawalizka.com\/wp-content\/uploads\/2020\/03\/8-768x427.png 768w, https:\/\/czerwonawalizka.com\/wp-content\/uploads\/2020\/03\/8-540x300.png 540w, https:\/\/czerwonawalizka.com\/wp-content\/uploads\/2020\/03\/8-400x222.png 400w\" sizes=\"auto, (max-width: 810px) 100vw, 810px\" \/><\/figure>\n\n\n\n<figure class=\"wp-block-image size-large\"><img loading=\"lazy\" decoding=\"async\" width=\"810\" height=\"450\" src=\"https:\/\/czerwonawalizka.com\/wp-content\/uploads\/2019\/10\/5.png\" alt=\"Szumawa\" class=\"wp-image-2837\" srcset=\"https:\/\/czerwonawalizka.com\/wp-content\/uploads\/2019\/10\/5.png 810w, https:\/\/czerwonawalizka.com\/wp-content\/uploads\/2019\/10\/5-600x333.png 600w, https:\/\/czerwonawalizka.com\/wp-content\/uploads\/2019\/10\/5-300x167.png 300w, https:\/\/czerwonawalizka.com\/wp-content\/uploads\/2019\/10\/5-768x427.png 768w, https:\/\/czerwonawalizka.com\/wp-content\/uploads\/2019\/10\/5-540x300.png 540w, https:\/\/czerwonawalizka.com\/wp-content\/uploads\/2019\/10\/5-400x222.png 400w\" sizes=\"auto, (max-width: 810px) 100vw, 810px\" \/><\/figure>\n\n\n\n<h2 class=\"wp-block-heading\">S\u0142awkowski las i Karlovarsko<\/h2>\n\n\n\n<p>Nazwa regionu S\u0142awkowski las mo\u017ce okaza\u0107 si\u0119 myl\u0105ca \u2013 chyba ma\u0142o kto na pierwszy rzut oka wie, gdzie to jest. Ale spiesz\u0119 Was uspokoi\u0107, bo <strong>na pewno znacie per\u0142\u0119 w pobli\u017cu tego regionu, czyli Karlowe Wary<\/strong>. To miasteczko, kt\u00f3re a\u017c ocieka pieni\u0119dzmi\u2026 zarobionymi na wodzie. Dobra rada: nocleg warto wynaj\u0105\u0107 w kt\u00f3rym\u015b z okolicznych miast, nie w samych Warach, ewentualnie na jego obrze\u017cach, bo w przeciwnym wypadku mo\u017cna ju\u017c teraz szuka\u0107 kupca na nerk\u0119. Karlowe Wary wspania\u0142e s\u0105 do spokojnego spacerowania i popijania zdrowotnej wody. To jedna z pere\u0142 czeskiej turystyki, niesamowicie popularna w\u015br\u00f3d zagranicznych turyst\u00f3w, szczeg\u00f3lnie z Rosji (po wi\u0119cej odsy\u0142am do <a href=\"https:\/\/czerwonawalizka.com\/index.php\/2019\/09\/19\/weekend-w-karlowych-warach\/\" target=\"_blank\" rel=\"noreferrer noopener\">artyku\u0142u wycieczkowego z Karlowych War\u00f3w<\/a>), ale mimo to nie g\u0142\u00f3wny punkt mojej polecajki. Wspominam o tym regionie, poniewa\u017c opr\u00f3cz tej karlowarskiej gwiazdy znajduje si\u0119 <strong>tutaj jeszcze kilka innych miejsc wartych odwiedzenia, kt\u00f3re jednak tak popularne nie s\u0105<\/strong>. I nie m\u00f3wi\u0119 tylko o Maria\u0144skich i Franciszkowych \u0141a\u017aniach \u2013 dw\u00f3ch innych miejscowo\u015bciach sanatoryjnych w pobli\u017cu. Chodzi przede wszystkim o <strong>urokliwy Loket, czyli miasteczko po\u0142o\u017cone nad rzek\u0105 Ochrz\u0105, z przeuroczym zamkiem na p\u00f3\u0142wyspie oraz o przygraniczny Cheb<\/strong>. Obydwa miejsca mo\u017cna zwiedzi\u0107 cho\u0107by na rowerze, bo prowadzi mi\u0119dzy nimi \u015bliczna \u015bcie\u017cka rowerowa. Mo\u017cna tak\u017ce po Ochrzy sp\u0142yn\u0105\u0107, np. z Loketu do Karlowych. W S\u0142awkowskim lesie mo\u017cna tak\u017ce poje\u017adzi\u0107 na rowerze. <strong>To \u015bwietna opcja do aktywnego odpoczynku<\/strong>. Po drodze mo\u017cecie zrobi\u0107 przystanek przy jednej z restauracji po\u0142o\u017conych przy brzegu rzeki. W samym S\u0142awkowskim lesie mo\u017cna tak\u017ce poje\u017adzi\u0107 na rowerze, np. przez Kladsk\u0105, park Boheminium (park miniatur), rezerwat Smar\u010foch.<\/p>\n\n\n\n<figure class=\"wp-block-image size-large\"><img loading=\"lazy\" decoding=\"async\" width=\"810\" height=\"450\" src=\"https:\/\/czerwonawalizka.com\/wp-content\/uploads\/2021\/07\/11.png\" alt=\"Loket\" class=\"wp-image-3676\" srcset=\"https:\/\/czerwonawalizka.com\/wp-content\/uploads\/2021\/07\/11.png 810w, https:\/\/czerwonawalizka.com\/wp-content\/uploads\/2021\/07\/11-300x167.png 300w, https:\/\/czerwonawalizka.com\/wp-content\/uploads\/2021\/07\/11-768x427.png 768w, https:\/\/czerwonawalizka.com\/wp-content\/uploads\/2021\/07\/11-540x300.png 540w, https:\/\/czerwonawalizka.com\/wp-content\/uploads\/2021\/07\/11-600x333.png 600w, https:\/\/czerwonawalizka.com\/wp-content\/uploads\/2021\/07\/11-400x222.png 400w\" sizes=\"auto, (max-width: 810px) 100vw, 810px\" \/><\/figure>\n\n\n\n<h2 class=\"wp-block-heading\">Czeski Raj<\/h2>\n\n\n\n<p><strong>Czeski Raj to region rozci\u0105gaj\u0105cy si\u0119 gdzie\u015b w po\u0142owie drogi pomi\u0119dzy Prag\u0105 a Jeleni\u0105 G\u00f3r<\/strong>\u0105. Za bram\u0119 do niego mo\u017cna uzna\u0107 Turnov, niewielkie miasteczko znajduj\u0105ce si\u0119 tu\u017c przy Obszarze chronionego krajobrazu. Dawno temu szumia\u0142o tutaj tzw. Morze Czeskie, a kraina porozrywana by\u0142a wulkanami. Je\u015bli uda Wam si\u0119 wspi\u0105\u0107 (albo wjecha\u0107 wyci\u0105giem) na najwy\u017cszy w okolicy szczyt, Jeszczed, g\u00f3ruj\u0105cy nad Libercem, by\u0107 mo\u017ce dostrze\u017cecie jeszcze charakterystyczne kszta\u0142ty wulkanicznych grzbiet\u00f3w. <strong>W Czeskim Raju ogl\u0105da si\u0119 jednak przede wszystkim skalne miasta \u2013 to tutaj znajdziecie Hruboskalsko, Prachovsk\u00e9 Sk\u00e1ly, P\u0159ichrazsk\u00e9 Sk\u00e1ly <\/strong><a href=\"https:\/\/czerwonawalizka.com\/index.php\/2018\/11\/02\/czeski-raj-na-weekend\/\" target=\"_blank\" rel=\"noreferrer noopener\">(klikajcie tutaj po artyku\u0142 z propozycj\u0105 wycieczki)<\/a>. Te pierwsze s\u0105 bardziej popularne i p\u0142atne, te ostatnie to zdecydowanie mniej znane ska\u0142y, w kt\u00f3rych schronienia kiedy\u015b szukali ludzie sprzeciwiaj\u0105cy si\u0119 w\u0142adzy (do dzi\u015b mo\u017cna w nich znale\u017a\u0107 stare napisy ludzi, o kt\u00f3rych \u015bwiat ju\u017c dawno nie pami\u0119ta\u2026). W regionie warto te\u017c zajrze\u0107 do Liberca i Mladej Boles\u0142avi, w kt\u00f3rej kr\u00f3luje Skoda (fabryk\u0119 mo\u017cna zwiedzi\u0107).<\/p>\n\n\n\n<figure class=\"wp-block-image size-large\"><img loading=\"lazy\" decoding=\"async\" width=\"810\" height=\"450\" src=\"https:\/\/czerwonawalizka.com\/wp-content\/uploads\/2018\/11\/11.png\" alt=\"Czeski Raj\" class=\"wp-image-2581\" srcset=\"https:\/\/czerwonawalizka.com\/wp-content\/uploads\/2018\/11\/11.png 810w, https:\/\/czerwonawalizka.com\/wp-content\/uploads\/2018\/11\/11-600x333.png 600w, https:\/\/czerwonawalizka.com\/wp-content\/uploads\/2018\/11\/11-300x167.png 300w, https:\/\/czerwonawalizka.com\/wp-content\/uploads\/2018\/11\/11-768x427.png 768w, https:\/\/czerwonawalizka.com\/wp-content\/uploads\/2018\/11\/11-540x300.png 540w, https:\/\/czerwonawalizka.com\/wp-content\/uploads\/2018\/11\/11-400x222.png 400w\" sizes=\"auto, (max-width: 810px) 100vw, 810px\" \/><\/figure>\n\n\n\n<figure class=\"wp-block-image size-large\"><img loading=\"lazy\" decoding=\"async\" width=\"810\" height=\"450\" src=\"https:\/\/czerwonawalizka.com\/wp-content\/uploads\/2018\/11\/7.png\" alt=\"Czeski Raj\" class=\"wp-image-2577\" srcset=\"https:\/\/czerwonawalizka.com\/wp-content\/uploads\/2018\/11\/7.png 810w, https:\/\/czerwonawalizka.com\/wp-content\/uploads\/2018\/11\/7-600x333.png 600w, https:\/\/czerwonawalizka.com\/wp-content\/uploads\/2018\/11\/7-300x167.png 300w, https:\/\/czerwonawalizka.com\/wp-content\/uploads\/2018\/11\/7-768x427.png 768w, https:\/\/czerwonawalizka.com\/wp-content\/uploads\/2018\/11\/7-540x300.png 540w, https:\/\/czerwonawalizka.com\/wp-content\/uploads\/2018\/11\/7-400x222.png 400w\" sizes=\"auto, (max-width: 810px) 100vw, 810px\" \/><\/figure>\n\n\n\n<figure class=\"wp-block-image size-large\"><img loading=\"lazy\" decoding=\"async\" width=\"810\" height=\"450\" src=\"https:\/\/czerwonawalizka.com\/wp-content\/uploads\/2018\/11\/9.png\" alt=\"Czeski Raj\" class=\"wp-image-2579\" srcset=\"https:\/\/czerwonawalizka.com\/wp-content\/uploads\/2018\/11\/9.png 810w, https:\/\/czerwonawalizka.com\/wp-content\/uploads\/2018\/11\/9-600x333.png 600w, https:\/\/czerwonawalizka.com\/wp-content\/uploads\/2018\/11\/9-300x167.png 300w, https:\/\/czerwonawalizka.com\/wp-content\/uploads\/2018\/11\/9-768x427.png 768w, https:\/\/czerwonawalizka.com\/wp-content\/uploads\/2018\/11\/9-540x300.png 540w, https:\/\/czerwonawalizka.com\/wp-content\/uploads\/2018\/11\/9-400x222.png 400w\" sizes=\"auto, (max-width: 810px) 100vw, 810px\" \/><\/figure>\n\n\n\n<h2 class=\"wp-block-heading\">Wysoczyna<\/h2>\n\n\n\n<p><strong>Wysoczyna to taki region, o kt\u00f3rym chyba niewielu nie-Czech\u00f3w s\u0142ysza\u0142o<\/strong>. Tymczasem mam wra\u017cenie, \u017ce w Czechach, je\u015bli kto\u015b ma ochot\u0119 na weekend sp\u0119dzony na \u0142onie natury, jedzie w\u0142a\u015bnie na Wysoczyn\u0119. By\u0107 mo\u017ce jest to zwi\u0105zane z faktem, \u017ce jest tam <strong>stosunkowo niedaleko zar\u00f3wno z Brna, jak i z Pragi<\/strong>, a wi\u0119c z dw\u00f3ch najwi\u0119kszych czeskich miast, a w zwi\u0105zku z tym s\u0142ysz\u0119 o tym zar\u00f3wno od znajomych, jak i w czeskich serialach. W ka\u017cdym razie \u2013 <strong>Wysoczyna, jak nazwa sama wskazuje, jest cz\u0119\u015bci\u0105 Masywu Czesko-Morawskiego<\/strong>, niema\u0142o tam g\u00f3rek i pag\u00f3rk\u00f3w, a do tego g\u0119stych las\u00f3w, i <strong>\u015bwietnie nadaje si\u0119 na r\u00f3\u017cnego rodzaju aktywno\u015b\u0107 fizyczn\u0105 na \u0142onie natury<\/strong>. I\u015bcie sielska kraina, w kt\u00f3rej, co wi\u0119cej, znajdziecie te\u017c sporo idyllicznie wygl\u0105daj\u0105cych miasteczek: np. Telcz, Zdziar nad Sazaw\u0105, czy sama Ig\u0142awa, stolica wojew\u00f3dztwa o prawie tej samej nazwie (Kraj Wysoczyna). Z ciekawostek \u2013 <strong>to w\u0142a\u015bnie na Wysoczynie znajduje si\u0119 browar Dale\u0161ice, znany z filmu <a href=\"https:\/\/www.filmweb.pl\/film\/Postrzy%C5%BCyny-1980-89450\/descs\" target=\"_blank\" rel=\"noreferrer noopener\">Post\u0159i\u017einy<\/a>, kt\u00f3ry powsta\u0142 na podstawie ksi\u0105\u017cki Hrabala<\/strong>. Do dzi\u015b piwo tam robi\u0105 i to naprawd\u0119 dobre \u2013 serdecznie polecam uda\u0107 si\u0119 na jedno lub dwa. Przy okazji mo\u017cna poogl\u0105da\u0107 jeszcze kilka tam, np. t\u0119 na rzece Ig\u0142awie \u2013 Dale\u0161ice lub na rzece Svratce \u2013 V\u00edr (to mi\u0119dzy innymi st\u0105d woda rurami p\u0142ynie\u2026 a\u017c do Brna!). <strong>Je\u015bli w rejonie Brna lub okolic zab\u0142\u0105dzicie zim\u0105 i nie bardzo b\u0119dzie chcia\u0142o si\u0119 Wam tu\u0142a\u0107 kolejny dzie\u0144 po mie\u015bcie, warto uda\u0107 si\u0119 w\u0142a\u015bnie w okolice Viru<\/strong>. Zima zazwyczaj trzyma tam o wiele d\u0142u\u017cej i o wiele mocniej ni\u017c na Po\u0142udniowych Morawach i s\u0105 spore szanse na \u015bnieg. Popatrzcie sami!<\/p>\n\n\n\n<figure class=\"wp-block-image size-large\"><img loading=\"lazy\" decoding=\"async\" width=\"810\" height=\"450\" src=\"https:\/\/czerwonawalizka.com\/wp-content\/uploads\/2021\/07\/8.png\" alt=\"Wysoczyna\" class=\"wp-image-3673\" srcset=\"https:\/\/czerwonawalizka.com\/wp-content\/uploads\/2021\/07\/8.png 810w, https:\/\/czerwonawalizka.com\/wp-content\/uploads\/2021\/07\/8-300x167.png 300w, https:\/\/czerwonawalizka.com\/wp-content\/uploads\/2021\/07\/8-768x427.png 768w, https:\/\/czerwonawalizka.com\/wp-content\/uploads\/2021\/07\/8-540x300.png 540w, https:\/\/czerwonawalizka.com\/wp-content\/uploads\/2021\/07\/8-600x333.png 600w, https:\/\/czerwonawalizka.com\/wp-content\/uploads\/2021\/07\/8-400x222.png 400w\" sizes=\"auto, (max-width: 810px) 100vw, 810px\" \/><\/figure>\n\n\n\n<figure class=\"wp-block-image size-large\"><img loading=\"lazy\" decoding=\"async\" width=\"810\" height=\"450\" src=\"https:\/\/czerwonawalizka.com\/wp-content\/uploads\/2021\/07\/9.png\" alt=\"Wysoczyna\" class=\"wp-image-3674\" srcset=\"https:\/\/czerwonawalizka.com\/wp-content\/uploads\/2021\/07\/9.png 810w, https:\/\/czerwonawalizka.com\/wp-content\/uploads\/2021\/07\/9-300x167.png 300w, https:\/\/czerwonawalizka.com\/wp-content\/uploads\/2021\/07\/9-768x427.png 768w, https:\/\/czerwonawalizka.com\/wp-content\/uploads\/2021\/07\/9-540x300.png 540w, https:\/\/czerwonawalizka.com\/wp-content\/uploads\/2021\/07\/9-600x333.png 600w, https:\/\/czerwonawalizka.com\/wp-content\/uploads\/2021\/07\/9-400x222.png 400w\" sizes=\"auto, (max-width: 810px) 100vw, 810px\" \/><\/figure>\n\n\n\n<figure class=\"wp-block-image size-large\"><img loading=\"lazy\" decoding=\"async\" width=\"810\" height=\"450\" src=\"https:\/\/czerwonawalizka.com\/wp-content\/uploads\/2021\/07\/10.png\" alt=\"Wysoczyna\" class=\"wp-image-3675\" srcset=\"https:\/\/czerwonawalizka.com\/wp-content\/uploads\/2021\/07\/10.png 810w, https:\/\/czerwonawalizka.com\/wp-content\/uploads\/2021\/07\/10-300x167.png 300w, https:\/\/czerwonawalizka.com\/wp-content\/uploads\/2021\/07\/10-768x427.png 768w, https:\/\/czerwonawalizka.com\/wp-content\/uploads\/2021\/07\/10-540x300.png 540w, https:\/\/czerwonawalizka.com\/wp-content\/uploads\/2021\/07\/10-600x333.png 600w, https:\/\/czerwonawalizka.com\/wp-content\/uploads\/2021\/07\/10-400x222.png 400w\" sizes=\"auto, (max-width: 810px) 100vw, 810px\" \/><\/figure>\n\n\n\n<h2 class=\"wp-block-heading\">Dok\u0105d na urlop w Czechach<\/h2>\n\n\n\n<p>Na ten moment wystarczy \u2013 zosta\u0142o jeszcze kilka region\u00f3w, dok\u0105d na urlop w Czechach warto si\u0119 uda\u0107. Te jednak zachowuj\u0119 na osobny artyku\u0142, bo co za du\u017co to nie zdrowo! Dajcie zna\u0107, czy Wy te\u017c znacie jakie\u015b pi\u0119kne czeskie regiony, kt\u00f3re nie s\u0105 Prag\u0105 albo czy byli\u015bcie w kt\u00f3rym\u015b z polecanych przeze mnie miejsc. Nie wahajcie si\u0119 poleca\u0107 innych wspania\u0142ych miejsc\u00f3wek w komentarzach!<\/p>\n\n\n\n<p>M.<\/p>\n\n\n\n<figure class=\"wp-block-image size-large\"><img loading=\"lazy\" decoding=\"async\" width=\"810\" height=\"450\" src=\"https:\/\/czerwonawalizka.com\/wp-content\/uploads\/2020\/09\/15-1.png\" alt=\"Czeska Szwajcaria\" class=\"wp-image-3102\" srcset=\"https:\/\/czerwonawalizka.com\/wp-content\/uploads\/2020\/09\/15-1.png 810w, https:\/\/czerwonawalizka.com\/wp-content\/uploads\/2020\/09\/15-1-600x333.png 600w, https:\/\/czerwonawalizka.com\/wp-content\/uploads\/2020\/09\/15-1-300x167.png 300w, https:\/\/czerwonawalizka.com\/wp-content\/uploads\/2020\/09\/15-1-768x427.png 768w, https:\/\/czerwonawalizka.com\/wp-content\/uploads\/2020\/09\/15-1-540x300.png 540w, https:\/\/czerwonawalizka.com\/wp-content\/uploads\/2020\/09\/15-1-400x222.png 400w\" sizes=\"auto, (max-width: 810px) 100vw, 810px\" \/><\/figure>\n","protected":false},"excerpt":{"rendered":"<p>Chcesz pozna\u0107 Czechy inaczej ni\u017c 8 milion\u00f3w turyst\u00f3w, kt\u00f3re rocznie odwiedza Prag\u0119? Czechy alternatywnie? To tutaj!&hellip; <a class=\"more-link\" href=\"https:\/\/czerwonawalizka.com\/index.php\/2021\/07\/02\/dokad-na-urlop-w-czechach\/\">Read More <span class=\"screen-reader-text\">Dok\u0105d na urlop w Czechach<\/span><\/a><\/p>\n","protected":false},"author":2,"featured_media":3678,"comment_status":"open","ping_status":"open","sticky":false,"template":"","format":"standard","meta":{"jetpack_post_was_ever_published":false,"_jetpack_newsletter_access":"","_jetpack_dont_email_post_to_subs":false,"_jetpack_newsletter_tier_id":0,"_jetpack_memberships_contains_paywalled_content":false,"_jetpack_memberships_contains_paid_content":false,"footnotes":"","jetpack_publicize_message":"","jetpack_publicize_feature_enabled":true,"jetpack_social_post_already_shared":true,"jetpack_social_options":{"image_generator_settings":{"template":"highway","default_image_id":0,"font":"","enabled":false},"version":2}},"categories":[721],"tags":[610,609,348],"class_list":["post-3664","post","type-post","status-publish","format-standard","has-post-thumbnail","hentry","category-czeskie-inspiracje","tag-alternatywne-czechy","tag-nie-praga","tag-urlop-w-czechach"],"yoast_head":"<!-- This site is optimized with the Yoast SEO plugin v27.0 - https:\/\/yoast.com\/product\/yoast-seo-wordpress\/ -->\n<title>Dok\u0105d na urlop w Czechach - Dziewczyna z czerwon\u0105 walizk\u0105<\/title>\n<meta name=\"description\" content=\"Chcesz pozna\u0107 Czechy inaczej ni\u017c 8 milion\u00f3w turyst\u00f3w, kt\u00f3re rocznie odwiedza Prag\u0119 o dowiedzie\u0107 si\u0119, dok\u0105d na urlop w Czechach?\" \/>\n<meta name=\"robots\" content=\"index, follow, max-snippet:-1, max-image-preview:large, max-video-preview:-1\" \/>\n<link rel=\"canonical\" href=\"https:\/\/czerwonawalizka.com\/index.php\/2021\/07\/02\/dokad-na-urlop-w-czechach\/\" \/>\n<meta property=\"og:locale\" content=\"pl_PL\" \/>\n<meta property=\"og:type\" content=\"article\" \/>\n<meta property=\"og:title\" content=\"Dok\u0105d na urlop w Czechach - Dziewczyna z czerwon\u0105 walizk\u0105\" \/>\n<meta property=\"og:description\" content=\"Chcesz pozna\u0107 Czechy inaczej ni\u017c 8 milion\u00f3w turyst\u00f3w, kt\u00f3re rocznie odwiedza Prag\u0119 o dowiedzie\u0107 si\u0119, dok\u0105d na urlop w Czechach?\" \/>\n<meta property=\"og:url\" content=\"https:\/\/czerwonawalizka.com\/index.php\/2021\/07\/02\/dokad-na-urlop-w-czechach\/\" \/>\n<meta property=\"og:site_name\" content=\"Dziewczyna z czerwon\u0105 walizk\u0105\" \/>\n<meta property=\"article:published_time\" content=\"2021-07-02T19:10:39+00:00\" \/>\n<meta property=\"article:modified_time\" content=\"2024-11-15T22:20:39+00:00\" \/>\n<meta property=\"og:image\" content=\"https:\/\/czerwonawalizka.com\/wp-content\/uploads\/2021\/07\/miejscowki.png\" \/>\n\t<meta property=\"og:image:width\" content=\"1175\" \/>\n\t<meta property=\"og:image:height\" content=\"664\" \/>\n\t<meta property=\"og:image:type\" content=\"image\/png\" \/>\n<meta name=\"author\" content=\"Marta\" \/>\n<meta name=\"twitter:card\" content=\"summary_large_image\" \/>\n<meta name=\"twitter:label1\" content=\"Napisane przez\" \/>\n\t<meta name=\"twitter:data1\" content=\"Marta\" \/>\n\t<meta name=\"twitter:label2\" content=\"Szacowany czas czytania\" \/>\n\t<meta name=\"twitter:data2\" content=\"9 minut\" \/>\n<script type=\"application\/ld+json\" class=\"yoast-schema-graph\">{\"@context\":\"https:\/\/schema.org\",\"@graph\":[{\"@type\":\"Article\",\"@id\":\"https:\/\/czerwonawalizka.com\/index.php\/2021\/07\/02\/dokad-na-urlop-w-czechach\/#article\",\"isPartOf\":{\"@id\":\"https:\/\/czerwonawalizka.com\/index.php\/2021\/07\/02\/dokad-na-urlop-w-czechach\/\"},\"author\":{\"name\":\"Marta\",\"@id\":\"https:\/\/czerwonawalizka.com\/#\/schema\/person\/ca9ae0ae7fc0f714249aaa234df8f5cc\"},\"headline\":\"Dok\u0105d na urlop w Czechach\",\"datePublished\":\"2021-07-02T19:10:39+00:00\",\"dateModified\":\"2024-11-15T22:20:39+00:00\",\"mainEntityOfPage\":{\"@id\":\"https:\/\/czerwonawalizka.com\/index.php\/2021\/07\/02\/dokad-na-urlop-w-czechach\/\"},\"wordCount\":1496,\"commentCount\":4,\"publisher\":{\"@id\":\"https:\/\/czerwonawalizka.com\/#\/schema\/person\/ca9ae0ae7fc0f714249aaa234df8f5cc\"},\"image\":{\"@id\":\"https:\/\/czerwonawalizka.com\/index.php\/2021\/07\/02\/dokad-na-urlop-w-czechach\/#primaryimage\"},\"thumbnailUrl\":\"https:\/\/czerwonawalizka.com\/wp-content\/uploads\/2021\/07\/miejscowki.png\",\"keywords\":[\"alternatywne czechy\",\"nie-praga\",\"urlop w Czechach\"],\"articleSection\":[\"Czeskie inspiracje\"],\"inLanguage\":\"pl-PL\",\"potentialAction\":[{\"@type\":\"CommentAction\",\"name\":\"Comment\",\"target\":[\"https:\/\/czerwonawalizka.com\/index.php\/2021\/07\/02\/dokad-na-urlop-w-czechach\/#respond\"]}]},{\"@type\":\"WebPage\",\"@id\":\"https:\/\/czerwonawalizka.com\/index.php\/2021\/07\/02\/dokad-na-urlop-w-czechach\/\",\"url\":\"https:\/\/czerwonawalizka.com\/index.php\/2021\/07\/02\/dokad-na-urlop-w-czechach\/\",\"name\":\"Dok\u0105d na urlop w Czechach - Dziewczyna z czerwon\u0105 walizk\u0105\",\"isPartOf\":{\"@id\":\"https:\/\/czerwonawalizka.com\/#website\"},\"primaryImageOfPage\":{\"@id\":\"https:\/\/czerwonawalizka.com\/index.php\/2021\/07\/02\/dokad-na-urlop-w-czechach\/#primaryimage\"},\"image\":{\"@id\":\"https:\/\/czerwonawalizka.com\/index.php\/2021\/07\/02\/dokad-na-urlop-w-czechach\/#primaryimage\"},\"thumbnailUrl\":\"https:\/\/czerwonawalizka.com\/wp-content\/uploads\/2021\/07\/miejscowki.png\",\"datePublished\":\"2021-07-02T19:10:39+00:00\",\"dateModified\":\"2024-11-15T22:20:39+00:00\",\"description\":\"Chcesz pozna\u0107 Czechy inaczej ni\u017c 8 milion\u00f3w turyst\u00f3w, kt\u00f3re rocznie odwiedza Prag\u0119 o dowiedzie\u0107 si\u0119, dok\u0105d na urlop w Czechach?\",\"breadcrumb\":{\"@id\":\"https:\/\/czerwonawalizka.com\/index.php\/2021\/07\/02\/dokad-na-urlop-w-czechach\/#breadcrumb\"},\"inLanguage\":\"pl-PL\",\"potentialAction\":[{\"@type\":\"ReadAction\",\"target\":[\"https:\/\/czerwonawalizka.com\/index.php\/2021\/07\/02\/dokad-na-urlop-w-czechach\/\"]}]},{\"@type\":\"ImageObject\",\"inLanguage\":\"pl-PL\",\"@id\":\"https:\/\/czerwonawalizka.com\/index.php\/2021\/07\/02\/dokad-na-urlop-w-czechach\/#primaryimage\",\"url\":\"https:\/\/czerwonawalizka.com\/wp-content\/uploads\/2021\/07\/miejscowki.png\",\"contentUrl\":\"https:\/\/czerwonawalizka.com\/wp-content\/uploads\/2021\/07\/miejscowki.png\",\"width\":1175,\"height\":664,\"caption\":\"urlop w Czechach\"},{\"@type\":\"BreadcrumbList\",\"@id\":\"https:\/\/czerwonawalizka.com\/index.php\/2021\/07\/02\/dokad-na-urlop-w-czechach\/#breadcrumb\",\"itemListElement\":[{\"@type\":\"ListItem\",\"position\":1,\"name\":\"Home\",\"item\":\"https:\/\/czerwonawalizka.com\/\"},{\"@type\":\"ListItem\",\"position\":2,\"name\":\"Dok\u0105d na urlop w Czechach\"}]},{\"@type\":\"WebSite\",\"@id\":\"https:\/\/czerwonawalizka.com\/#website\",\"url\":\"https:\/\/czerwonawalizka.com\/\",\"name\":\"Dziewczyna z czerwon\u0105 walizk\u0105\",\"description\":\"Blog patchworkowy\",\"publisher\":{\"@id\":\"https:\/\/czerwonawalizka.com\/#\/schema\/person\/ca9ae0ae7fc0f714249aaa234df8f5cc\"},\"potentialAction\":[{\"@type\":\"SearchAction\",\"target\":{\"@type\":\"EntryPoint\",\"urlTemplate\":\"https:\/\/czerwonawalizka.com\/?s={search_term_string}\"},\"query-input\":{\"@type\":\"PropertyValueSpecification\",\"valueRequired\":true,\"valueName\":\"search_term_string\"}}],\"inLanguage\":\"pl-PL\"},{\"@type\":[\"Person\",\"Organization\"],\"@id\":\"https:\/\/czerwonawalizka.com\/#\/schema\/person\/ca9ae0ae7fc0f714249aaa234df8f5cc\",\"name\":\"Marta\",\"image\":{\"@type\":\"ImageObject\",\"inLanguage\":\"pl-PL\",\"@id\":\"https:\/\/czerwonawalizka.com\/#\/schema\/person\/image\/\",\"url\":\"https:\/\/czerwonawalizka.com\/wp-content\/uploads\/2017\/06\/cropped-logo6-1.png\",\"contentUrl\":\"https:\/\/czerwonawalizka.com\/wp-content\/uploads\/2017\/06\/cropped-logo6-1.png\",\"width\":1108,\"height\":480,\"caption\":\"Marta\"},\"logo\":{\"@id\":\"https:\/\/czerwonawalizka.com\/#\/schema\/person\/image\/\"},\"sameAs\":[\"http:\/\/www.czerwonawalizka.com\"],\"url\":\"https:\/\/czerwonawalizka.com\/index.php\/author\/dziewczyna-z-czerwona-walizka\/\"}]}<\/script>\n<!-- \/ Yoast SEO plugin. -->","yoast_head_json":{"title":"Dok\u0105d na urlop w Czechach - Dziewczyna z czerwon\u0105 walizk\u0105","description":"Chcesz pozna\u0107 Czechy inaczej ni\u017c 8 milion\u00f3w turyst\u00f3w, kt\u00f3re rocznie odwiedza Prag\u0119 o dowiedzie\u0107 si\u0119, dok\u0105d na urlop w Czechach?","robots":{"index":"index","follow":"follow","max-snippet":"max-snippet:-1","max-image-preview":"max-image-preview:large","max-video-preview":"max-video-preview:-1"},"canonical":"https:\/\/czerwonawalizka.com\/index.php\/2021\/07\/02\/dokad-na-urlop-w-czechach\/","og_locale":"pl_PL","og_type":"article","og_title":"Dok\u0105d na urlop w Czechach - Dziewczyna z czerwon\u0105 walizk\u0105","og_description":"Chcesz pozna\u0107 Czechy inaczej ni\u017c 8 milion\u00f3w turyst\u00f3w, kt\u00f3re rocznie odwiedza Prag\u0119 o dowiedzie\u0107 si\u0119, dok\u0105d na urlop w Czechach?","og_url":"https:\/\/czerwonawalizka.com\/index.php\/2021\/07\/02\/dokad-na-urlop-w-czechach\/","og_site_name":"Dziewczyna z czerwon\u0105 walizk\u0105","article_published_time":"2021-07-02T19:10:39+00:00","article_modified_time":"2024-11-15T22:20:39+00:00","og_image":[{"width":1175,"height":664,"url":"https:\/\/czerwonawalizka.com\/wp-content\/uploads\/2021\/07\/miejscowki.png","type":"image\/png"}],"author":"Marta","twitter_card":"summary_large_image","twitter_misc":{"Napisane przez":"Marta","Szacowany czas czytania":"9 minut"},"schema":{"@context":"https:\/\/schema.org","@graph":[{"@type":"Article","@id":"https:\/\/czerwonawalizka.com\/index.php\/2021\/07\/02\/dokad-na-urlop-w-czechach\/#article","isPartOf":{"@id":"https:\/\/czerwonawalizka.com\/index.php\/2021\/07\/02\/dokad-na-urlop-w-czechach\/"},"author":{"name":"Marta","@id":"https:\/\/czerwonawalizka.com\/#\/schema\/person\/ca9ae0ae7fc0f714249aaa234df8f5cc"},"headline":"Dok\u0105d na urlop w Czechach","datePublished":"2021-07-02T19:10:39+00:00","dateModified":"2024-11-15T22:20:39+00:00","mainEntityOfPage":{"@id":"https:\/\/czerwonawalizka.com\/index.php\/2021\/07\/02\/dokad-na-urlop-w-czechach\/"},"wordCount":1496,"commentCount":4,"publisher":{"@id":"https:\/\/czerwonawalizka.com\/#\/schema\/person\/ca9ae0ae7fc0f714249aaa234df8f5cc"},"image":{"@id":"https:\/\/czerwonawalizka.com\/index.php\/2021\/07\/02\/dokad-na-urlop-w-czechach\/#primaryimage"},"thumbnailUrl":"https:\/\/czerwonawalizka.com\/wp-content\/uploads\/2021\/07\/miejscowki.png","keywords":["alternatywne czechy","nie-praga","urlop w Czechach"],"articleSection":["Czeskie inspiracje"],"inLanguage":"pl-PL","potentialAction":[{"@type":"CommentAction","name":"Comment","target":["https:\/\/czerwonawalizka.com\/index.php\/2021\/07\/02\/dokad-na-urlop-w-czechach\/#respond"]}]},{"@type":"WebPage","@id":"https:\/\/czerwonawalizka.com\/index.php\/2021\/07\/02\/dokad-na-urlop-w-czechach\/","url":"https:\/\/czerwonawalizka.com\/index.php\/2021\/07\/02\/dokad-na-urlop-w-czechach\/","name":"Dok\u0105d na urlop w Czechach - Dziewczyna z czerwon\u0105 walizk\u0105","isPartOf":{"@id":"https:\/\/czerwonawalizka.com\/#website"},"primaryImageOfPage":{"@id":"https:\/\/czerwonawalizka.com\/index.php\/2021\/07\/02\/dokad-na-urlop-w-czechach\/#primaryimage"},"image":{"@id":"https:\/\/czerwonawalizka.com\/index.php\/2021\/07\/02\/dokad-na-urlop-w-czechach\/#primaryimage"},"thumbnailUrl":"https:\/\/czerwonawalizka.com\/wp-content\/uploads\/2021\/07\/miejscowki.png","datePublished":"2021-07-02T19:10:39+00:00","dateModified":"2024-11-15T22:20:39+00:00","description":"Chcesz pozna\u0107 Czechy inaczej ni\u017c 8 milion\u00f3w turyst\u00f3w, kt\u00f3re rocznie odwiedza Prag\u0119 o dowiedzie\u0107 si\u0119, dok\u0105d na urlop w Czechach?","breadcrumb":{"@id":"https:\/\/czerwonawalizka.com\/index.php\/2021\/07\/02\/dokad-na-urlop-w-czechach\/#breadcrumb"},"inLanguage":"pl-PL","potentialAction":[{"@type":"ReadAction","target":["https:\/\/czerwonawalizka.com\/index.php\/2021\/07\/02\/dokad-na-urlop-w-czechach\/"]}]},{"@type":"ImageObject","inLanguage":"pl-PL","@id":"https:\/\/czerwonawalizka.com\/index.php\/2021\/07\/02\/dokad-na-urlop-w-czechach\/#primaryimage","url":"https:\/\/czerwonawalizka.com\/wp-content\/uploads\/2021\/07\/miejscowki.png","contentUrl":"https:\/\/czerwonawalizka.com\/wp-content\/uploads\/2021\/07\/miejscowki.png","width":1175,"height":664,"caption":"urlop w Czechach"},{"@type":"BreadcrumbList","@id":"https:\/\/czerwonawalizka.com\/index.php\/2021\/07\/02\/dokad-na-urlop-w-czechach\/#breadcrumb","itemListElement":[{"@type":"ListItem","position":1,"name":"Home","item":"https:\/\/czerwonawalizka.com\/"},{"@type":"ListItem","position":2,"name":"Dok\u0105d na urlop w Czechach"}]},{"@type":"WebSite","@id":"https:\/\/czerwonawalizka.com\/#website","url":"https:\/\/czerwonawalizka.com\/","name":"Dziewczyna z czerwon\u0105 walizk\u0105","description":"Blog patchworkowy","publisher":{"@id":"https:\/\/czerwonawalizka.com\/#\/schema\/person\/ca9ae0ae7fc0f714249aaa234df8f5cc"},"potentialAction":[{"@type":"SearchAction","target":{"@type":"EntryPoint","urlTemplate":"https:\/\/czerwonawalizka.com\/?s={search_term_string}"},"query-input":{"@type":"PropertyValueSpecification","valueRequired":true,"valueName":"search_term_string"}}],"inLanguage":"pl-PL"},{"@type":["Person","Organization"],"@id":"https:\/\/czerwonawalizka.com\/#\/schema\/person\/ca9ae0ae7fc0f714249aaa234df8f5cc","name":"Marta","image":{"@type":"ImageObject","inLanguage":"pl-PL","@id":"https:\/\/czerwonawalizka.com\/#\/schema\/person\/image\/","url":"https:\/\/czerwonawalizka.com\/wp-content\/uploads\/2017\/06\/cropped-logo6-1.png","contentUrl":"https:\/\/czerwonawalizka.com\/wp-content\/uploads\/2017\/06\/cropped-logo6-1.png","width":1108,"height":480,"caption":"Marta"},"logo":{"@id":"https:\/\/czerwonawalizka.com\/#\/schema\/person\/image\/"},"sameAs":["http:\/\/www.czerwonawalizka.com"],"url":"https:\/\/czerwonawalizka.com\/index.php\/author\/dziewczyna-z-czerwona-walizka\/"}]}},"jetpack_publicize_connections":[],"jetpack_featured_media_url":"https:\/\/czerwonawalizka.com\/wp-content\/uploads\/2021\/07\/miejscowki.png","jetpack_sharing_enabled":true,"jetpack_shortlink":"https:\/\/wp.me\/p8RvtB-X6","jetpack_likes_enabled":false,"_links":{"self":[{"href":"https:\/\/czerwonawalizka.com\/index.php\/wp-json\/wp\/v2\/posts\/3664","targetHints":{"allow":["GET"]}}],"collection":[{"href":"https:\/\/czerwonawalizka.com\/index.php\/wp-json\/wp\/v2\/posts"}],"about":[{"href":"https:\/\/czerwonawalizka.com\/index.php\/wp-json\/wp\/v2\/types\/post"}],"author":[{"embeddable":true,"href":"https:\/\/czerwonawalizka.com\/index.php\/wp-json\/wp\/v2\/users\/2"}],"replies":[{"embeddable":true,"href":"https:\/\/czerwonawalizka.com\/index.php\/wp-json\/wp\/v2\/comments?post=3664"}],"version-history":[{"count":11,"href":"https:\/\/czerwonawalizka.com\/index.php\/wp-json\/wp\/v2\/posts\/3664\/revisions"}],"predecessor-version":[{"id":3691,"href":"https:\/\/czerwonawalizka.com\/index.php\/wp-json\/wp\/v2\/posts\/3664\/revisions\/3691"}],"wp:featuredmedia":[{"embeddable":true,"href":"https:\/\/czerwonawalizka.com\/index.php\/wp-json\/wp\/v2\/media\/3678"}],"wp:attachment":[{"href":"https:\/\/czerwonawalizka.com\/index.php\/wp-json\/wp\/v2\/media?parent=3664"}],"wp:term":[{"taxonomy":"category","embeddable":true,"href":"https:\/\/czerwonawalizka.com\/index.php\/wp-json\/wp\/v2\/categories?post=3664"},{"taxonomy":"post_tag","embeddable":true,"href":"https:\/\/czerwonawalizka.com\/index.php\/wp-json\/wp\/v2\/tags?post=3664"}],"curies":[{"name":"wp","href":"https:\/\/api.w.org\/{rel}","templated":true}]}}