{"id":348,"date":"2015-12-16T23:07:20","date_gmt":"2015-12-16T22:07:20","guid":{"rendered":"https:\/\/walizkaczerwona.wordpress.com\/?p=348"},"modified":"2018-09-25T16:05:39","modified_gmt":"2018-09-25T14:05:39","slug":"rytualnie","status":"publish","type":"post","link":"https:\/\/czerwonawalizka.com\/index.php\/2015\/12\/16\/rytualnie\/","title":{"rendered":"Rytualnie"},"content":{"rendered":"<p style=\"text-align:justify;\">Dzi\u015b tematem odbiegn\u0119 nieco od bo\u017conarodzeniowych przygotowa\u0144, chocia\u017c Czesi w dalszym ci\u0105gu zaskakuj\u0105 mnie na ka\u017cdym kroku &#8211; czy to zwyczajem rozdawania wsz\u0119dzie naoko\u0142o bo\u017conarodzeniowych drobiazg\u00f3w, czy grudniowym maratonem <em>v\u00e1no\u010dn\u00edch vecirk\u016f.<\/em> Dzi\u015b jednak s\u0142owo o zwyczajach, \u015bwi\u0119tach i rytua\u0142ach. Tak w\u0142a\u015bnie &#8211; o rytua\u0142ach. Zapraszam poni\u017cej.<\/p>\n<p style=\"text-align:justify;\">Dawniej \u015bwiat by\u0142 nie tylko prostszy w obs\u0142udze i zrozumieniu, ale tak\u017ce du\u017co bardziej pouk\u0142adany. I chocia\u017c powy\u017csze zdanie by\u0107 mo\u017ce oburzy spor\u0105 cz\u0119\u015b\u0107 ludzi, kt\u00f3rzy obdarzaj\u0105 nowoczesno\u015b\u0107 i jej wygody pewnym sentymentem (nie b\u0119d\u0119 ukrywa\u0107, \u017ce do nich nale\u017c\u0119), to nale\u017cy przyzna\u0107, \u017ce dawniejsze czasy charakteryzowa\u0142y si\u0119 okre\u015blonym i sta\u0142ym porz\u0105dkiem.<\/p>\n<p style=\"text-align:justify;\">Porz\u0105dek ten mia\u0142 pewne bardzo wyra\u017anie i \u0142atwe do zidentyfikowania ramy &#8211; kalendarz ko\u015bcielny \u015bci\u015ble okre\u015bla\u0142, kiedy czas pracy, a kiedy &#8211; \u015bwi\u0119towania i celebracji. Dzi\u0119ki temu \u017cycie cz\u0142owieka dzieli\u0142o si\u0119 na czas zwyk\u0142y, przygotowania i \u015bwi\u0119ta. Z czasem, wraz z zanikiem wp\u0142ywu Ko\u015bcio\u0142a Katolickiego na \u017cycie ludzi (przynajmniej w naszej cz\u0119\u015bci Europy), \u015bwi\u0119ta jakim\u015b zbiegiem okoliczno\u015bci zacz\u0119\u0142y znika\u0107. Re\u017cim ideologiczny si\u0119 rozlu\u017ani\u0142, ludzie zacz\u0119li zadawa\u0107 pytania. \u015awi\u0119ta, kt\u00f3re ze \u015bwi\u0119tych rytua\u0142\u00f3w, wcze\u015bniej oczywistych i zrozumia\u0142ych, zmieni\u0142y si\u0119 w uci\u0105\u017cliw\u0105 i bezsensown\u0105 rutyn\u0119, znika\u0142y (i znikaj\u0105!) z naszego \u017cycia. Tym samym \u017cycie, niczym wskaz\u00f3wki zegara, kr\u0119ci si\u0119 coraz szybciej, bez przerw na dawne, zapomniane uroczysto\u015bci. Koniec ko\u0144c\u00f3w wszystko kr\u0119ci si\u0119 wok\u00f3\u0142 pracy i zakup\u00f3w, zakup\u00f3w i pracy. Nie ma miejsca na \u015bwi\u0119to\u015b\u0107, nie ma miejsca na sacrum.<\/p>\n<p style=\"text-align:justify;\">Ta kr\u00f3tka analiza to tylko fragment tego, co us\u0142ysza\u0142am i czego si\u0119 dowiedzia\u0142am na zesz\u0142otygodniowym warsztacie w uroczym podbrne\u0144skim Blansku. Nie chc\u0119 Wam jednak zdawa\u0107 relacji (chocia\u017c sam\u00a0 trening by\u0142 naprawd\u0119 interesuj\u0105cy), chcia\u0142am Wam pokaza\u0107 na przyk\u0142adach z Czech oraz w\u0142asnego podw\u00f3rka, jak bardzo sami, nie my\u015bl\u0105c, doprowadzamy si\u0119 do wyniszczaj\u0105cego biegu, kt\u00f3rego cel i sens ma\u0142o kto dostrzega.<\/p>\n<p style=\"text-align:justify;\"><img loading=\"lazy\" decoding=\"async\" class=\"size-medium wp-image-357 alignright\" src=\"https:\/\/walizkaczerwona.files.wordpress.com\/2015\/12\/dsc_0060.jpg?w=300\" alt=\"DSC_0060\" width=\"300\" height=\"225\" \/><\/p>\n<p style=\"text-align:justify;\">\u015awi\u0119ta potrzebne s\u0105 ka\u017cdemu cz\u0142owiekowi. Wszyscy potrzebujemy odpoczynku, chwili zapomnienia i wy\u0142\u0105czenia si\u0119 z codzienno\u015bci, moment\u00f3w celebracji samego faktu \u017cycia. Kiedy\u015b czczono s\u0142o\u0144ce, wiosn\u0119, przesilenia, \u017cniwa i zbiory, ogie\u0144. Z czasem \u015bwi\u0119ta zmian p\u00f3r roku zast\u0105pi\u0142o Bo\u017ce Narodzenia, Wielkanoc, Bo\u017ce Cia\u0142o, Wszystkich \u015awi\u0119tych. Ka\u017cde z nich mia\u0142o wcze\u015bniej sw\u00f3j odpowiednik w kalendarzu poga\u0144skim; Ko\u015bci\u00f3\u0142 nie by\u0142 w stanie \u015bwi\u0105t wypleni\u0107, dlatego je po prostu zamieni\u0142, cz\u0119sto adaptuj\u0105c te same tradycje i zwyczaje do w\u0142asnej wizji \u015bwiata.<\/p>\n<p style=\"text-align:justify;\">Potem nasta\u0142a wojna, a po wojnie &#8211; partia komunistyczna. Partia by\u0142a na tyle m\u0105dra, \u017ce wiedzia\u0142a, \u017ce ludzie potrzebuj\u0105 celebry, wi\u0119c do wi\u0119kszo\u015bci \u015bwi\u0105t katolickich doda\u0142a swoje.<\/p>\n<p style=\"text-align:justify;\"><img loading=\"lazy\" decoding=\"async\" class=\"alignleft size-medium wp-image-372\" src=\"https:\/\/walizkaczerwona.files.wordpress.com\/2015\/12\/20150709_143948.jpg?w=300\" alt=\"20150709_143948\" width=\"300\" height=\"180\" \/><\/p>\n<p style=\"text-align:justify;\">W Czechach zamiast chrztu pojawi\u0142o si\u0119 &#8222;przywitanie nowego obywatela&#8221; w ratuszu. \u015alub przeniesiono z ko\u015bcio\u0142a do ratusza. Pogrzeb sta\u0142 si\u0119 spraw\u0105 prywatn\u0105, \u015bmier\u0107 bowiem nagle sta\u0142a si\u0119 tabu &#8211; partia nie mia\u0142a odpowiedzi na pytania zwi\u0105zane z kwestiami ostatecznymi. Wiosenno-letnie pochody na 1 maja r\u00f3wnie\u017c spaja\u0142y pokolenia.<\/p>\n<p style=\"text-align:justify;\">Jakie ciekawe \u015bwi\u0119ta oferuje Republika Czeska swym obywatelom (i nie tylko) dzisiaj?<\/p>\n<p style=\"text-align:justify;\">Jest wi\u0119c oczywi\u015bcie Nowy Rok, kt\u00f3ry obchodzimy &#8211; a jak\u017ceby inaczej &#8211; 1 stycznia. Nast\u0119pnie, tak jak i my, \u015bwi\u0119tuje si\u0119 8 maja &#8211; Dzie\u0144 Zwyci\u0119stwa (wcze\u015bniej 9 maja jako dzie\u0144 zwyci\u0119stwa nad faszyzmem). Nast\u0119pnie mamy 5 lipca &#8211; przyj\u015bcie \u015bw. Cyryla i Metodego, kt\u00f3rzy przynie\u015bli do \u015bwiata s\u0142owia\u0144skiego chrze\u015bcija\u0144stwo oraz stworzyli pierwszy s\u0142owia\u0144ski alfabet, jeszcze zanim nam si\u0119 w og\u00f3le \u015bni\u0142o o przyjmowaniu chrze\u015bcija\u0144stwa z &#8222;zachodniego&#8221; \u015bwiata. Tak si\u0119 sk\u0142ada, \u017ce Polska chrze\u015bcija\u0144stwo przyj\u0119\u0142a w\u0142a\u015bnie z Czech, kt\u00f3re jednak wraz z \u0142aci\u0144skim alfabetem przyj\u0119\u0142o je z Niemiec, ju\u017c po upadku Pa\u0144stwa Wielkomorawskiego. Wszelkie zwi\u0105zki i spadki po Cyrylu i Metodym &#8211; a wi\u0119c struktury i alfabet Wielkich Moraw &#8211; by\u0142y niszczone. O samej historii Cyryla i Metodego kiedy indziej &#8211; ale polecam poczyta\u0107, jest naprawd\u0119 ciekawa!<\/p>\n<p style=\"text-align:justify;\"><img loading=\"lazy\" decoding=\"async\" class=\"size-medium wp-image-387 alignright\" src=\"https:\/\/walizkaczerwona.files.wordpress.com\/2015\/12\/20150711_134618.jpg?w=300\" alt=\"20150711_134618\" width=\"300\" height=\"180\" \/><\/p>\n<p style=\"text-align:justify;\">Kolejnym interesuj\u0105cym \u015bwi\u0119tem w maju jest <em>Prvn\u00ed M\u00e1j<\/em>, czyli \u015bwi\u0119to mi\u0142o\u015bci. Zamiast celebrowa\u0107 \u015bwiec\u0105ce brokatem Walentynki, Czesi mi\u0142o\u015b\u0107 \u015bwi\u0119tuj\u0105 w\u0142a\u015bnie na samym pocz\u0105tku maja. \u015awi\u0119to nawi\u0105zuje do dawniejszych obchod\u00f3w celtyckich lub germa\u0144skich; noc t\u0119 uwa\u017ca si\u0119 za noc p\u0142odno\u015bci. Dawniej zaleca\u0142o si\u0119 co najmniej poca\u0142unek pod rozkwit\u0142\u0105 czere\u015bni\u0105; w nocy natomiast wykorzystanie \u0142\u0105ki pod go\u0142ym niebem jako sypialni. \u0141\u0105czy si\u0119 to tak\u017ce ze zwyczajem (do dzi\u015b praktykowanym, nie tylko na pierwszego maja!) stawiania tzw. <a href=\"https:\/\/cs.wikipedia.org\/wiki\/M%C3%A1je\" target=\"_blank\">majki<\/a>, czyli choinki na wysokim s\u0142upie, ustawianym m.in. przed domem wybranej panny.<\/p>\n<p style=\"text-align:justify;\">Czesi \u015bwi\u0119tuj\u0105 r\u00f3wnie\u017c rocznic\u0119 spalenia Jana Husa 6 lipca, 28 wrze\u015bnia \u015bwi\u0119to pa\u0144stwowe na pami\u0105tk\u0119 morderstwa ksi\u0119cia Wac\u0142awa, 28 pa\u017adziernika rocznic\u0119 powstania Czechos\u0142owacji, a 17 listopada &#8211; dzie\u0144 boju za wolno\u015b\u0107 i demokracj\u0119.<\/p>\n<p style=\"text-align:justify;\">A Wy? Co tak naprawd\u0119 celebrujecie? Codzienny popo\u0142udniowy spacer? Ksi\u0105\u017ck\u0119 na dobranoc? Pieczenie piernik\u00f3w?<\/p>\n<p style=\"text-align:justify;\">Czasem warto si\u0119 zatrzyma\u0107, zapomnie\u0107 o pracy i pokontemplowa\u0107 &#8211; o tym, co w\u0142a\u015bciwie i dlaczego chcemy \u015bwi\u0119towa\u0107.<\/p>\n<p style=\"text-align:justify;\">alfa<\/p>\n<p style=\"text-align:justify;\">\n","protected":false},"excerpt":{"rendered":"<p>Dzi\u015b tematem odbiegn\u0119 nieco od bo\u017conarodzeniowych przygotowa\u0144, chocia\u017c Czesi w dalszym ci\u0105gu zaskakuj\u0105 mnie na ka\u017cdym kroku &#8211; czy to zwyczajem rozdawania wsz\u0119dzie naoko\u0142o bo\u017conarodzeniowych drobiazg\u00f3w, czy grudniowym maratonem v\u00e1no\u010dn\u00edch vecirk\u016f. Dzi\u015b jednak s\u0142owo o zwyczajach, \u015bwi\u0119tach i rytua\u0142ach. Tak w\u0142a\u015bnie &#8211; o rytua\u0142ach. Zapraszam poni\u017cej. Dawniej \u015bwiat by\u0142 nie tylko prostszy w obs\u0142udze i&hellip; <a class=\"more-link\" href=\"https:\/\/czerwonawalizka.com\/index.php\/2015\/12\/16\/rytualnie\/\">Read More <span class=\"screen-reader-text\">Rytualnie<\/span><\/a><\/p>\n","protected":false},"author":1,"featured_media":388,"comment_status":"open","ping_status":"open","sticky":false,"template":"","format":"standard","meta":{"jetpack_post_was_ever_published":false,"_jetpack_newsletter_access":"","_jetpack_dont_email_post_to_subs":false,"_jetpack_newsletter_tier_id":0,"_jetpack_memberships_contains_paywalled_content":false,"_jetpack_memberships_contains_paid_content":false,"footnotes":"","jetpack_publicize_message":"","jetpack_publicize_feature_enabled":true,"jetpack_social_post_already_shared":false,"jetpack_social_options":{"image_generator_settings":{"template":"highway","default_image_id":0,"font":"","enabled":false},"version":2}},"categories":[1],"tags":[],"class_list":["post-348","post","type-post","status-publish","format-standard","has-post-thumbnail","hentry","category-bez-kategorii"],"yoast_head":"<!-- This site is optimized with the Yoast SEO plugin v27.0 - https:\/\/yoast.com\/product\/yoast-seo-wordpress\/ -->\n<title>Rytualnie - Dziewczyna z czerwon\u0105 walizk\u0105<\/title>\n<meta name=\"robots\" content=\"index, follow, max-snippet:-1, max-image-preview:large, max-video-preview:-1\" \/>\n<link rel=\"canonical\" href=\"https:\/\/czerwonawalizka.com\/index.php\/2015\/12\/16\/rytualnie\/\" \/>\n<meta property=\"og:locale\" content=\"pl_PL\" \/>\n<meta property=\"og:type\" content=\"article\" \/>\n<meta property=\"og:title\" content=\"Rytualnie - Dziewczyna z czerwon\u0105 walizk\u0105\" \/>\n<meta property=\"og:description\" content=\"Dzi\u015b tematem odbiegn\u0119 nieco od bo\u017conarodzeniowych przygotowa\u0144, chocia\u017c Czesi w dalszym ci\u0105gu zaskakuj\u0105 mnie na ka\u017cdym kroku &#8211; czy to zwyczajem rozdawania wsz\u0119dzie naoko\u0142o bo\u017conarodzeniowych drobiazg\u00f3w, czy grudniowym maratonem v\u00e1no\u010dn\u00edch vecirk\u016f. Dzi\u015b jednak s\u0142owo o zwyczajach, \u015bwi\u0119tach i rytua\u0142ach. Tak w\u0142a\u015bnie &#8211; o rytua\u0142ach. Zapraszam poni\u017cej. Dawniej \u015bwiat by\u0142 nie tylko prostszy w obs\u0142udze i&hellip; Read More Rytualnie\" \/>\n<meta property=\"og:url\" content=\"https:\/\/czerwonawalizka.com\/index.php\/2015\/12\/16\/rytualnie\/\" \/>\n<meta property=\"og:site_name\" content=\"Dziewczyna z czerwon\u0105 walizk\u0105\" \/>\n<meta property=\"article:published_time\" content=\"2015-12-16T22:07:20+00:00\" \/>\n<meta property=\"article:modified_time\" content=\"2018-09-25T14:05:39+00:00\" \/>\n<meta name=\"author\" content=\"usrob\" \/>\n<meta name=\"twitter:card\" content=\"summary_large_image\" \/>\n<meta name=\"twitter:label1\" content=\"Napisane przez\" \/>\n\t<meta name=\"twitter:data1\" content=\"usrob\" \/>\n\t<meta name=\"twitter:label2\" content=\"Szacowany czas czytania\" \/>\n\t<meta name=\"twitter:data2\" content=\"5 minut\" \/>\n<script type=\"application\/ld+json\" class=\"yoast-schema-graph\">{\"@context\":\"https:\/\/schema.org\",\"@graph\":[{\"@type\":\"Article\",\"@id\":\"https:\/\/czerwonawalizka.com\/index.php\/2015\/12\/16\/rytualnie\/#article\",\"isPartOf\":{\"@id\":\"https:\/\/czerwonawalizka.com\/index.php\/2015\/12\/16\/rytualnie\/\"},\"author\":{\"name\":\"usrob\",\"@id\":\"https:\/\/czerwonawalizka.com\/#\/schema\/person\/88e2203c2602630f8d79976e06834b41\"},\"headline\":\"Rytualnie\",\"datePublished\":\"2015-12-16T22:07:20+00:00\",\"dateModified\":\"2018-09-25T14:05:39+00:00\",\"mainEntityOfPage\":{\"@id\":\"https:\/\/czerwonawalizka.com\/index.php\/2015\/12\/16\/rytualnie\/\"},\"wordCount\":924,\"commentCount\":0,\"publisher\":{\"@id\":\"https:\/\/czerwonawalizka.com\/#\/schema\/person\/ca9ae0ae7fc0f714249aaa234df8f5cc\"},\"image\":{\"@id\":\"https:\/\/czerwonawalizka.com\/index.php\/2015\/12\/16\/rytualnie\/#primaryimage\"},\"thumbnailUrl\":\"\",\"inLanguage\":\"pl-PL\",\"potentialAction\":[{\"@type\":\"CommentAction\",\"name\":\"Comment\",\"target\":[\"https:\/\/czerwonawalizka.com\/index.php\/2015\/12\/16\/rytualnie\/#respond\"]}]},{\"@type\":\"WebPage\",\"@id\":\"https:\/\/czerwonawalizka.com\/index.php\/2015\/12\/16\/rytualnie\/\",\"url\":\"https:\/\/czerwonawalizka.com\/index.php\/2015\/12\/16\/rytualnie\/\",\"name\":\"Rytualnie - Dziewczyna z czerwon\u0105 walizk\u0105\",\"isPartOf\":{\"@id\":\"https:\/\/czerwonawalizka.com\/#website\"},\"primaryImageOfPage\":{\"@id\":\"https:\/\/czerwonawalizka.com\/index.php\/2015\/12\/16\/rytualnie\/#primaryimage\"},\"image\":{\"@id\":\"https:\/\/czerwonawalizka.com\/index.php\/2015\/12\/16\/rytualnie\/#primaryimage\"},\"thumbnailUrl\":\"\",\"datePublished\":\"2015-12-16T22:07:20+00:00\",\"dateModified\":\"2018-09-25T14:05:39+00:00\",\"breadcrumb\":{\"@id\":\"https:\/\/czerwonawalizka.com\/index.php\/2015\/12\/16\/rytualnie\/#breadcrumb\"},\"inLanguage\":\"pl-PL\",\"potentialAction\":[{\"@type\":\"ReadAction\",\"target\":[\"https:\/\/czerwonawalizka.com\/index.php\/2015\/12\/16\/rytualnie\/\"]}]},{\"@type\":\"ImageObject\",\"inLanguage\":\"pl-PL\",\"@id\":\"https:\/\/czerwonawalizka.com\/index.php\/2015\/12\/16\/rytualnie\/#primaryimage\",\"url\":\"\",\"contentUrl\":\"\"},{\"@type\":\"BreadcrumbList\",\"@id\":\"https:\/\/czerwonawalizka.com\/index.php\/2015\/12\/16\/rytualnie\/#breadcrumb\",\"itemListElement\":[{\"@type\":\"ListItem\",\"position\":1,\"name\":\"Home\",\"item\":\"https:\/\/czerwonawalizka.com\/\"},{\"@type\":\"ListItem\",\"position\":2,\"name\":\"Rytualnie\"}]},{\"@type\":\"WebSite\",\"@id\":\"https:\/\/czerwonawalizka.com\/#website\",\"url\":\"https:\/\/czerwonawalizka.com\/\",\"name\":\"Dziewczyna z czerwon\u0105 walizk\u0105\",\"description\":\"Blog patchworkowy\",\"publisher\":{\"@id\":\"https:\/\/czerwonawalizka.com\/#\/schema\/person\/ca9ae0ae7fc0f714249aaa234df8f5cc\"},\"potentialAction\":[{\"@type\":\"SearchAction\",\"target\":{\"@type\":\"EntryPoint\",\"urlTemplate\":\"https:\/\/czerwonawalizka.com\/?s={search_term_string}\"},\"query-input\":{\"@type\":\"PropertyValueSpecification\",\"valueRequired\":true,\"valueName\":\"search_term_string\"}}],\"inLanguage\":\"pl-PL\"},{\"@type\":[\"Person\",\"Organization\"],\"@id\":\"https:\/\/czerwonawalizka.com\/#\/schema\/person\/ca9ae0ae7fc0f714249aaa234df8f5cc\",\"name\":\"Marta\",\"image\":{\"@type\":\"ImageObject\",\"inLanguage\":\"pl-PL\",\"@id\":\"https:\/\/czerwonawalizka.com\/#\/schema\/person\/image\/\",\"url\":\"https:\/\/czerwonawalizka.com\/wp-content\/uploads\/2017\/06\/cropped-logo6-1.png\",\"contentUrl\":\"https:\/\/czerwonawalizka.com\/wp-content\/uploads\/2017\/06\/cropped-logo6-1.png\",\"width\":1108,\"height\":480,\"caption\":\"Marta\"},\"logo\":{\"@id\":\"https:\/\/czerwonawalizka.com\/#\/schema\/person\/image\/\"},\"sameAs\":[\"http:\/\/www.czerwonawalizka.com\"]},{\"@type\":\"Person\",\"@id\":\"https:\/\/czerwonawalizka.com\/#\/schema\/person\/88e2203c2602630f8d79976e06834b41\",\"name\":\"usrob\",\"image\":{\"@type\":\"ImageObject\",\"inLanguage\":\"pl-PL\",\"@id\":\"https:\/\/czerwonawalizka.com\/#\/schema\/person\/image\/\",\"url\":\"https:\/\/secure.gravatar.com\/avatar\/181694b20bb44625a3d898692d4efa04fc9da2d80db042c214af3c5ec9cf1c75?s=96&d=mm&r=g\",\"contentUrl\":\"https:\/\/secure.gravatar.com\/avatar\/181694b20bb44625a3d898692d4efa04fc9da2d80db042c214af3c5ec9cf1c75?s=96&d=mm&r=g\",\"caption\":\"usrob\"},\"url\":\"https:\/\/czerwonawalizka.com\/index.php\/author\/usrob\/\"}]}<\/script>\n<!-- \/ Yoast SEO plugin. -->","yoast_head_json":{"title":"Rytualnie - Dziewczyna z czerwon\u0105 walizk\u0105","robots":{"index":"index","follow":"follow","max-snippet":"max-snippet:-1","max-image-preview":"max-image-preview:large","max-video-preview":"max-video-preview:-1"},"canonical":"https:\/\/czerwonawalizka.com\/index.php\/2015\/12\/16\/rytualnie\/","og_locale":"pl_PL","og_type":"article","og_title":"Rytualnie - Dziewczyna z czerwon\u0105 walizk\u0105","og_description":"Dzi\u015b tematem odbiegn\u0119 nieco od bo\u017conarodzeniowych przygotowa\u0144, chocia\u017c Czesi w dalszym ci\u0105gu zaskakuj\u0105 mnie na ka\u017cdym kroku &#8211; czy to zwyczajem rozdawania wsz\u0119dzie naoko\u0142o bo\u017conarodzeniowych drobiazg\u00f3w, czy grudniowym maratonem v\u00e1no\u010dn\u00edch vecirk\u016f. Dzi\u015b jednak s\u0142owo o zwyczajach, \u015bwi\u0119tach i rytua\u0142ach. Tak w\u0142a\u015bnie &#8211; o rytua\u0142ach. Zapraszam poni\u017cej. Dawniej \u015bwiat by\u0142 nie tylko prostszy w obs\u0142udze i&hellip; Read More Rytualnie","og_url":"https:\/\/czerwonawalizka.com\/index.php\/2015\/12\/16\/rytualnie\/","og_site_name":"Dziewczyna z czerwon\u0105 walizk\u0105","article_published_time":"2015-12-16T22:07:20+00:00","article_modified_time":"2018-09-25T14:05:39+00:00","author":"usrob","twitter_card":"summary_large_image","twitter_misc":{"Napisane przez":"usrob","Szacowany czas czytania":"5 minut"},"schema":{"@context":"https:\/\/schema.org","@graph":[{"@type":"Article","@id":"https:\/\/czerwonawalizka.com\/index.php\/2015\/12\/16\/rytualnie\/#article","isPartOf":{"@id":"https:\/\/czerwonawalizka.com\/index.php\/2015\/12\/16\/rytualnie\/"},"author":{"name":"usrob","@id":"https:\/\/czerwonawalizka.com\/#\/schema\/person\/88e2203c2602630f8d79976e06834b41"},"headline":"Rytualnie","datePublished":"2015-12-16T22:07:20+00:00","dateModified":"2018-09-25T14:05:39+00:00","mainEntityOfPage":{"@id":"https:\/\/czerwonawalizka.com\/index.php\/2015\/12\/16\/rytualnie\/"},"wordCount":924,"commentCount":0,"publisher":{"@id":"https:\/\/czerwonawalizka.com\/#\/schema\/person\/ca9ae0ae7fc0f714249aaa234df8f5cc"},"image":{"@id":"https:\/\/czerwonawalizka.com\/index.php\/2015\/12\/16\/rytualnie\/#primaryimage"},"thumbnailUrl":"","inLanguage":"pl-PL","potentialAction":[{"@type":"CommentAction","name":"Comment","target":["https:\/\/czerwonawalizka.com\/index.php\/2015\/12\/16\/rytualnie\/#respond"]}]},{"@type":"WebPage","@id":"https:\/\/czerwonawalizka.com\/index.php\/2015\/12\/16\/rytualnie\/","url":"https:\/\/czerwonawalizka.com\/index.php\/2015\/12\/16\/rytualnie\/","name":"Rytualnie - Dziewczyna z czerwon\u0105 walizk\u0105","isPartOf":{"@id":"https:\/\/czerwonawalizka.com\/#website"},"primaryImageOfPage":{"@id":"https:\/\/czerwonawalizka.com\/index.php\/2015\/12\/16\/rytualnie\/#primaryimage"},"image":{"@id":"https:\/\/czerwonawalizka.com\/index.php\/2015\/12\/16\/rytualnie\/#primaryimage"},"thumbnailUrl":"","datePublished":"2015-12-16T22:07:20+00:00","dateModified":"2018-09-25T14:05:39+00:00","breadcrumb":{"@id":"https:\/\/czerwonawalizka.com\/index.php\/2015\/12\/16\/rytualnie\/#breadcrumb"},"inLanguage":"pl-PL","potentialAction":[{"@type":"ReadAction","target":["https:\/\/czerwonawalizka.com\/index.php\/2015\/12\/16\/rytualnie\/"]}]},{"@type":"ImageObject","inLanguage":"pl-PL","@id":"https:\/\/czerwonawalizka.com\/index.php\/2015\/12\/16\/rytualnie\/#primaryimage","url":"","contentUrl":""},{"@type":"BreadcrumbList","@id":"https:\/\/czerwonawalizka.com\/index.php\/2015\/12\/16\/rytualnie\/#breadcrumb","itemListElement":[{"@type":"ListItem","position":1,"name":"Home","item":"https:\/\/czerwonawalizka.com\/"},{"@type":"ListItem","position":2,"name":"Rytualnie"}]},{"@type":"WebSite","@id":"https:\/\/czerwonawalizka.com\/#website","url":"https:\/\/czerwonawalizka.com\/","name":"Dziewczyna z czerwon\u0105 walizk\u0105","description":"Blog patchworkowy","publisher":{"@id":"https:\/\/czerwonawalizka.com\/#\/schema\/person\/ca9ae0ae7fc0f714249aaa234df8f5cc"},"potentialAction":[{"@type":"SearchAction","target":{"@type":"EntryPoint","urlTemplate":"https:\/\/czerwonawalizka.com\/?s={search_term_string}"},"query-input":{"@type":"PropertyValueSpecification","valueRequired":true,"valueName":"search_term_string"}}],"inLanguage":"pl-PL"},{"@type":["Person","Organization"],"@id":"https:\/\/czerwonawalizka.com\/#\/schema\/person\/ca9ae0ae7fc0f714249aaa234df8f5cc","name":"Marta","image":{"@type":"ImageObject","inLanguage":"pl-PL","@id":"https:\/\/czerwonawalizka.com\/#\/schema\/person\/image\/","url":"https:\/\/czerwonawalizka.com\/wp-content\/uploads\/2017\/06\/cropped-logo6-1.png","contentUrl":"https:\/\/czerwonawalizka.com\/wp-content\/uploads\/2017\/06\/cropped-logo6-1.png","width":1108,"height":480,"caption":"Marta"},"logo":{"@id":"https:\/\/czerwonawalizka.com\/#\/schema\/person\/image\/"},"sameAs":["http:\/\/www.czerwonawalizka.com"]},{"@type":"Person","@id":"https:\/\/czerwonawalizka.com\/#\/schema\/person\/88e2203c2602630f8d79976e06834b41","name":"usrob","image":{"@type":"ImageObject","inLanguage":"pl-PL","@id":"https:\/\/czerwonawalizka.com\/#\/schema\/person\/image\/","url":"https:\/\/secure.gravatar.com\/avatar\/181694b20bb44625a3d898692d4efa04fc9da2d80db042c214af3c5ec9cf1c75?s=96&d=mm&r=g","contentUrl":"https:\/\/secure.gravatar.com\/avatar\/181694b20bb44625a3d898692d4efa04fc9da2d80db042c214af3c5ec9cf1c75?s=96&d=mm&r=g","caption":"usrob"},"url":"https:\/\/czerwonawalizka.com\/index.php\/author\/usrob\/"}]}},"jetpack_publicize_connections":[],"jetpack_featured_media_url":"","jetpack_sharing_enabled":true,"jetpack_shortlink":"https:\/\/wp.me\/p8RvtB-5C","jetpack_likes_enabled":false,"_links":{"self":[{"href":"https:\/\/czerwonawalizka.com\/index.php\/wp-json\/wp\/v2\/posts\/348","targetHints":{"allow":["GET"]}}],"collection":[{"href":"https:\/\/czerwonawalizka.com\/index.php\/wp-json\/wp\/v2\/posts"}],"about":[{"href":"https:\/\/czerwonawalizka.com\/index.php\/wp-json\/wp\/v2\/types\/post"}],"author":[{"embeddable":true,"href":"https:\/\/czerwonawalizka.com\/index.php\/wp-json\/wp\/v2\/users\/1"}],"replies":[{"embeddable":true,"href":"https:\/\/czerwonawalizka.com\/index.php\/wp-json\/wp\/v2\/comments?post=348"}],"version-history":[{"count":1,"href":"https:\/\/czerwonawalizka.com\/index.php\/wp-json\/wp\/v2\/posts\/348\/revisions"}],"predecessor-version":[{"id":2518,"href":"https:\/\/czerwonawalizka.com\/index.php\/wp-json\/wp\/v2\/posts\/348\/revisions\/2518"}],"wp:featuredmedia":[{"embeddable":true,"href":"https:\/\/czerwonawalizka.com\/index.php\/wp-json\/"}],"wp:attachment":[{"href":"https:\/\/czerwonawalizka.com\/index.php\/wp-json\/wp\/v2\/media?parent=348"}],"wp:term":[{"taxonomy":"category","embeddable":true,"href":"https:\/\/czerwonawalizka.com\/index.php\/wp-json\/wp\/v2\/categories?post=348"},{"taxonomy":"post_tag","embeddable":true,"href":"https:\/\/czerwonawalizka.com\/index.php\/wp-json\/wp\/v2\/tags?post=348"}],"curies":[{"name":"wp","href":"https:\/\/api.w.org\/{rel}","templated":true}]}}