{"id":3427,"date":"2021-01-01T23:37:55","date_gmt":"2021-01-01T22:37:55","guid":{"rendered":"https:\/\/czerwonawalizka.com\/?p=3427"},"modified":"2021-01-01T23:41:11","modified_gmt":"2021-01-01T22:41:11","slug":"plany-i-marzenia","status":"publish","type":"post","link":"https:\/\/czerwonawalizka.com\/index.php\/2021\/01\/01\/plany-i-marzenia\/","title":{"rendered":"Marzenia i plany"},"content":{"rendered":"\n<p class=\"has-drop-cap\">Za oknem dziwno-zima, albo raczej \u2013 zima brne\u0144ska, tymczasem w domu izolacja\u2026 tak, dopad\u0142o w ko\u0144cu i nas, Luby w tym tygodniu przetestowa\u0142 si\u0119 pozytywnie. Popijamy wi\u0119c ciep\u0142\u0105 herbat\u0119 i pozostajemy dobrej my\u015bli, tymczasem niepostrze\u017cenie nadszed\u0142 nowy rok. Rok 2020 zapisa\u0142 si\u0119 jako czas zdecydowanie wyj\u0105tkowy, momentami straszny \u2013 wiadomo, pandemia \u2013 ale tak\u017ce obfituj\u0105cy w wydarzenia blogowe. I o tym, a tak\u017ce o marzeniach i planach na przysz\u0142o\u015b\u0107, dzi\u015b chcia\u0142abym Wam opowiedzie\u0107.<\/p>\n\n\n\n<h2 class=\"wp-block-heading\">Istniej\u0119!<\/h2>\n\n\n\n<p>Blog <em>Dziewczyna z czerwon\u0105 walizk\u0105<\/em> nie jest blogiem du\u017cym \u2013 to na pewno wiecie. Ale nie jest ju\u017c blogiem nieistniej\u0105cym. To znaczy, \u017ce na skali blog\u00f3w, gdzie z jednej strony s\u0105 giganty, jak np. Pani Swojego Czasu albo inni Gonciarze, to na drugiej, zaraz za blogami ma\u0142ymi, blogami mikrusowymi i blogami szukaj-z-lup\u0105-bo-inaczej-google-nie-znajdzie, pojawi\u0142 si\u0119 DCW. Dzi\u015b, czyli na pocz\u0105tek roku 2021, bloga odwiedzacie do 3,1 tys. razy miesi\u0119cznie. Niech znakiem tego sukcesu b\u0119dzie fakt, \u017ce otrzyma\u0142am ju\u017c (po ponad 3 latach istnienia) pierwsz\u0105 propozycj\u0119 p\u0142atnej wsp\u00f3\u0142pracy. Mia\u0142am reklamowa\u0107\u2026 kasyna internetowe. Tak, to faktycznie co\u015b, co jest w pe\u0142ni zgodne z profilem mojej dzia\u0142alno\u015bci internetowej, bo kiedy jedn\u0105 r\u0119k\u0105 pisz\u0119 dla Was posty, to drug\u0105 ostro gram w gry na kas\u0119 \ud83d\ude09 Nie przyj\u0119\u0142am tej propozycji, ale to by\u0142 dla mnie znak \u2013 OK, Pasi\u0144ska, to chyba znaczy, \u017ce kto\u015b ci\u0119 gdzie\u015b znalaz\u0142. Czyli chyba istniejesz! \ud83d\ude0a<\/p>\n\n\n\n<h2 class=\"wp-block-heading\">Co ch\u0119tnie czytali\u015bcie<\/h2>\n\n\n\n<p>W 2020 roku post\u00f3w na blogu by\u0142o troch\u0119 mniej ni\u017c zazwyczaj (18 artyku\u0142\u00f3w w por\u00f3wnaniu z 24 w 2019 r. i 27 w 2018 r.), a to z powodu ogromnej ilo\u015bci czasu, jaki po\u015bwi\u0119ci\u0142am na stworzenie e-booka. Moimi dwoma ulubionymi postami to zdecydowania <em><a href=\"https:\/\/czerwonawalizka.com\/index.php\/2020\/11\/09\/silna-kobieta\/\" target=\"_blank\" rel=\"noreferrer noopener\">Silna kobieta<\/a><\/em> i post opowiadaj\u0105cy w\u0142a\u015bnie <a href=\"https:\/\/czerwonawalizka.com\/index.php\/2020\/11\/27\/przewodnik-po-czechach-2\/\" target=\"_blank\" rel=\"noreferrer noopener\">histori\u0119 powstania<em> Przewodnika po Czechach<\/em><\/a>. Niezmienn\u0105 popularno\u015bci\u0105 ciesz\u0105 si\u0119 jednak w\u015br\u00f3d Was tematy emigracyjne. To nie przypadek, \u017ce temat mojego e-booka <a href=\"https:\/\/czerwonawalizka.com\/index.php\/produkt\/przewodnik-po-czechach-emigracja\/\" target=\"_blank\" rel=\"noreferrer noopener\">Przewodnik po Czechach. Emigracja!<\/a> dotyczy w\u0142a\u015bnie tematu przeprowadzki i \u017cycia w Czechach. Artyku\u0142y o tym, <a href=\"https:\/\/czerwonawalizka.com\/index.php\/2019\/01\/11\/jak-szukac-pracy-w-czechach\/\" target=\"_blank\" rel=\"noreferrer noopener\">jak znale\u017a\u0107 w Czechach prac\u0119<\/a>, albo <a href=\"https:\/\/czerwonawalizka.com\/index.php\/2019\/01\/03\/jak-wynajac-mieszkanie-w-czechach\/\" target=\"_blank\" rel=\"noreferrer noopener\">jak szuka\u0107 mieszkania<\/a> tak, aby nie p\u00f3j\u015b\u0107 z torbami, czy cho\u0107by <a href=\"https:\/\/czerwonawalizka.com\/index.php\/2019\/01\/16\/ile-kosztuje-zycie-w-czechach\/\" target=\"_blank\" rel=\"noreferrer noopener\">o kosztach \u017cycia w Czechach<\/a>, <a href=\"https:\/\/czerwonawalizka.com\/index.php\/2019\/04\/14\/formalnosci-po-przeprowadzce-do-czech\/\" target=\"_blank\" rel=\"noreferrer noopener\">formalno\u015bciach po przyje\u017adzie<\/a> i og\u00f3lnie, <a href=\"https:\/\/czerwonawalizka.com\/index.php\/2020\/02\/21\/emigracja-do-czech\/\">o emigracji<\/a> \u2013 nadal ciesz\u0105 si\u0119 w\u015br\u00f3d Was najwi\u0119kszym powodzeniem. Ze s\u0142odko-gorzk\u0105 satysfakcj\u0105 musz\u0119 stwierdzi\u0107, \u017ce tworzenie tre\u015bci dla przysz\u0142ych emigrant\u00f3w do Czech w dobie rz\u0105d\u00f3w PIS-u to dobry pomys\u0142. To w\u0142a\u015bnie te tematy generuj\u0105 na blogu najwi\u0119kszy ruch. A wszystkich nimi zainteresowanych odsy\u0142am do zak\u0142adki Czechy -> Praktycznie -> <a href=\"https:\/\/czerwonawalizka.com\/index.php\/category\/czechy\/czechy-praktycznie\/emigracja\/\" target=\"_blank\" rel=\"noreferrer noopener\">Emigracja<\/a>, a dla tych naprawd\u0119 powa\u017cnie my\u015bl\u0105cych o wyprowadzce \u2013 do <a href=\"https:\/\/mailchi.mp\/6d7bfd34f639\/przewodnik-po-czechach-emigracja-3\" target=\"_blank\" rel=\"noreferrer noopener\">e-booka<\/a>, stworzonego z my\u015bl\u0105 o tych, kt\u00f3rzy chcieliby przed przeprowadzk\u0105 pozna\u0107 realia \u017cycia i skorzysta\u0107 z do\u015bwiadczenia dw\u00f3ch polskich emigrantek z uwag\u0105 \u015bledz\u0105cych czesk\u0105 rzeczywisto\u015b\u0107. Je\u015bli nie wierzycie mi, by\u0107 mo\u017ce uwierzycie <a href=\"https:\/\/www.facebook.com\/photo?fbid=3693851254008633&amp;set=pcb.3693851487341943\" target=\"_blank\" rel=\"noreferrer noopener\">czeskiemu ambasadorowi, panu Ivanovi Jest\u0159\u00e1bowi, kt\u00f3ry nasz e-book przeczyta\u0142 i skomentowa\u0142 mi\u0142ym s\u0142owem<\/a> w li\u015bcie do Marty Czapli, wsp\u00f3\u0142autorki Przewodnika.<\/p>\n\n\n\n<figure class=\"wp-block-image size-large\"><img loading=\"lazy\" decoding=\"async\" width=\"810\" height=\"450\" src=\"https:\/\/czerwonawalizka.com\/wp-content\/uploads\/2020\/11\/6.png\" alt=\"przewodnik po czechach\" class=\"wp-image-3255\" srcset=\"https:\/\/czerwonawalizka.com\/wp-content\/uploads\/2020\/11\/6.png 810w, https:\/\/czerwonawalizka.com\/wp-content\/uploads\/2020\/11\/6-300x167.png 300w, https:\/\/czerwonawalizka.com\/wp-content\/uploads\/2020\/11\/6-768x427.png 768w, https:\/\/czerwonawalizka.com\/wp-content\/uploads\/2020\/11\/6-540x300.png 540w, https:\/\/czerwonawalizka.com\/wp-content\/uploads\/2020\/11\/6-600x333.png 600w, https:\/\/czerwonawalizka.com\/wp-content\/uploads\/2020\/11\/6-400x222.png 400w\" sizes=\"auto, (max-width: 810px) 100vw, 810px\" \/><\/figure>\n\n\n\n<p><\/p>\n\n\n\n<p>Kolejnym no\u015bnym tematem na blogu s\u0105 oczywi\u015bcie kwestie urlopowe. W ci\u0105gu ostatnich dw\u00f3ch lat pope\u0142ni\u0142am kilka takich tekst\u00f3w \u2013 niekt\u00f3re to propozycje wycieczek w konkretne miejsca (<a href=\"https:\/\/czerwonawalizka.com\/index.php\/2017\/09\/15\/weekendowy-wypad-do-czech\/\" target=\"_blank\" rel=\"noreferrer noopener\">Jeseniki<\/a>, <a href=\"https:\/\/czerwonawalizka.com\/index.php\/2019\/10\/09\/szumawa\/\" target=\"_blank\" rel=\"noreferrer noopener\">Szumawa<\/a>, <a href=\"https:\/\/czerwonawalizka.com\/index.php\/2019\/09\/19\/weekend-w-karlowych-warach\/\" target=\"_blank\" rel=\"noreferrer noopener\">Karlowe Wary<\/a>, <a href=\"https:\/\/czerwonawalizka.com\/index.php\/2018\/03\/17\/kutna-hora\/\" target=\"_blank\" rel=\"noreferrer noopener\">Kutna Hora<\/a>, <a href=\"https:\/\/czerwonawalizka.com\/index.php\/2018\/05\/12\/weekend-w-czechach-olomuniec\/\" target=\"_blank\" rel=\"noreferrer noopener\">O\u0142omuniec<\/a>, <a href=\"https:\/\/czerwonawalizka.com\/index.php\/2020\/09\/30\/czeska-szwajcaria-na-weekend\/\" target=\"_blank\" rel=\"noreferrer noopener\">Czeska Szwajcaria<\/a>, <a href=\"https:\/\/czerwonawalizka.com\/index.php\/2018\/11\/02\/czeski-raj-na-weekend\/\" target=\"_blank\" rel=\"noreferrer noopener\">Czeski Raj<\/a> i ca\u0142a masa propozycji <a href=\"https:\/\/czerwonawalizka.com\/index.php\/tag\/brno\/\" target=\"_blank\" rel=\"noreferrer noopener\">wycieczek w okolicach Brna<\/a>), a inne poruszaj\u0105 og\u00f3lne tematy urlopu w Czechach, i to te, zaraz po emigracji, ciesz\u0105 si\u0119 w\u015br\u00f3d Was najwi\u0119ksz\u0105 popularno\u015bci\u0105. To cho\u0107by posty o <a href=\"https:\/\/czerwonawalizka.com\/index.php\/2019\/05\/01\/czeskie-top-na-urlop\/\" target=\"_blank\" rel=\"noreferrer noopener\">najlepszych miejscach na urlop w Czechach<\/a>, albo te podpowiadaj\u0105ce, <a href=\"https:\/\/czerwonawalizka.com\/index.php\/tag\/czeskie-gory\/\" target=\"_blank\" rel=\"noreferrer noopener\">jakie czeskie g\u00f3ry warto odwiedzi\u0107<\/a> i dlaczego, a tak\u017ce o zwiedzaniu Czech <a href=\"https:\/\/czerwonawalizka.com\/index.php\/2019\/06\/30\/do-czech-na-rowerze\/\" target=\"_blank\" rel=\"noreferrer noopener\">na rowerach<\/a> i <a href=\"https:\/\/czerwonawalizka.com\/index.php\/2019\/08\/17\/na-kajaki-do-czech\/\" target=\"_blank\" rel=\"noreferrer noopener\">w kajaku<\/a>. Popularny jest tak\u017ce post o nartach (og\u00f3lnie, z poleceniami i charakterystyk\u0105 <a href=\"https:\/\/czerwonawalizka.com\/index.php\/2019\/03\/04\/na-narty-do-czech\/\" target=\"_blank\" rel=\"noreferrer noopener\">czeskich o\u015brodk\u00f3w narciarskich<\/a>, a tak\u017ce bardziej aktualny z aktualnymi informacjami o sezonie narciarskim 2020\/2021 i tym, <a href=\"https:\/\/czerwonawalizka.com\/index.php\/2020\/11\/24\/czy-mozna-jechac-do-czech-na-narty\/\" target=\"_blank\" rel=\"noreferrer noopener\">czy na narty do Czech mo\u017cna w tym sezonie jecha\u0107<\/a>).<\/p>\n\n\n\n<p>Poza tymi praktycznymi tematami najcz\u0119\u015bciej czytacie o tym, <a href=\"https:\/\/czerwonawalizka.com\/index.php\/2019\/07\/29\/dlaczego-czesi-nie-lubia-polakow\/\" target=\"_blank\" rel=\"noreferrer noopener\">czy i dlaczego Czesi nie lubi\u0105 Polak\u00f3w<\/a>, a tak\u017ce <a href=\"https:\/\/czerwonawalizka.com\/index.php\/2018\/01\/08\/zrozumiec-czechow\/\" target=\"_blank\" rel=\"noreferrer noopener\">jak tych Czech\u00f3w mo\u017cna w og\u00f3le zrozumie\u0107<\/a>. Szukacie te\u017c informacji o j\u0119zyku czeskim \u2013 <a href=\"https:\/\/czerwonawalizka.com\/index.php\/2018\/04\/07\/czeski\/\" target=\"_blank\" rel=\"noreferrer noopener\">o jego historii<\/a> (to jeden z moich ulubionych post\u00f3w!), <a href=\"https:\/\/czerwonawalizka.com\/index.php\/2020\/11\/01\/cuda-czeskiego-jezyka\/\" target=\"_blank\" rel=\"noreferrer noopener\">o ciekawostkach z nim zwi\u0105zanych<\/a> i o tym, <a href=\"https:\/\/czerwonawalizka.com\/index.php\/2020\/03\/24\/jak-sie-uczyc-czeskiego\/\" target=\"_blank\" rel=\"noreferrer noopener\">jak si\u0119 go w\u0142a\u015bciwie uczy\u0107<\/a>. Podoba\u0142 si\u0119 Wam te\u017c artyku\u0142 o moich <a href=\"https:\/\/czerwonawalizka.com\/index.php\/2020\/12\/23\/nauka-czeskiego-w-praktyce\/\" target=\"_blank\" rel=\"noreferrer noopener\">wpadkach w nauce j\u0119zyka czeskiego w praktyce<\/a>. Ca\u0142kiem wysoko uplasowa\u0142y si\u0119 tak\u017ce artyku\u0142y o <a href=\"https:\/\/czerwonawalizka.com\/index.php\/2019\/11\/28\/alkohol-w-czechach\/\">alkoholu w Czechach<\/a> (!) oraz m\u00f3j prywatny <a href=\"https:\/\/czerwonawalizka.com\/index.php\/2020\/05\/02\/polskie-blogi-o-czechach\/\" target=\"_blank\" rel=\"noreferrer noopener\">spis ulubionych czechofilskich blog\u00f3w<\/a>. Lubicie te\u017c artyku\u0142 o <a href=\"https:\/\/czerwonawalizka.com\/index.php\/2018\/08\/22\/czeskie-zupy\/\" target=\"_blank\" rel=\"noreferrer noopener\">czeskich zupach<\/a> i <a href=\"https:\/\/czerwonawalizka.com\/index.php\/2019\/10\/23\/czeski-youtube-i-nie-tylko\/\" target=\"_blank\" rel=\"noreferrer noopener\">czeskim Internecie<\/a>.<\/p>\n\n\n\n<figure class=\"wp-block-image size-large\"><img loading=\"lazy\" decoding=\"async\" width=\"810\" height=\"450\" src=\"https:\/\/czerwonawalizka.com\/wp-content\/uploads\/2020\/09\/7.png\" alt=\"\" class=\"wp-image-3098\" srcset=\"https:\/\/czerwonawalizka.com\/wp-content\/uploads\/2020\/09\/7.png 810w, https:\/\/czerwonawalizka.com\/wp-content\/uploads\/2020\/09\/7-600x333.png 600w, https:\/\/czerwonawalizka.com\/wp-content\/uploads\/2020\/09\/7-300x167.png 300w, https:\/\/czerwonawalizka.com\/wp-content\/uploads\/2020\/09\/7-768x427.png 768w, https:\/\/czerwonawalizka.com\/wp-content\/uploads\/2020\/09\/7-540x300.png 540w, https:\/\/czerwonawalizka.com\/wp-content\/uploads\/2020\/09\/7-400x222.png 400w\" sizes=\"auto, (max-width: 810px) 100vw, 810px\" \/><\/figure>\n\n\n\n<p>Co dalej z blogiem?\u2026 W najbli\u017cszej przysz\u0142o\u015bci planuj\u0119 kilka wpis\u00f3w o czeskiej kulturze (np. chcia\u0142abym zrobi\u0107 seri\u0119 o czeskich osobisto\u015bciach historyczno-kulturowych, co Wy na to?), mo\u017ce w po\u0142\u0105czeniu ze zwiedzaniem (my\u015bla\u0142am te\u017c o serii o czeskich zamkach, ale jeszcze nie wymy\u015bli\u0142am, w jakiej to b\u0119dzie formie). By\u0107 mo\u017ce napisz\u0119 te\u017c w ko\u0144cu co\u015b o czeskich bajkach, bo kilka ju\u017c mam na koncie (ale ci\u0105gle jeszcze ma\u0142o!), no i na pewno pojawi si\u0119 jeszcze kilka praktycznych post\u00f3w zwi\u0105zanych z \u017cyciem w Czechach. Mam te\u017c kilka pomys\u0142\u00f3w na bardziej osobiste posty\u2026<\/p>\n\n\n\n<h2 class=\"wp-block-heading\">Plany i marzenia<\/h2>\n\n\n\n<p>\u2026a te zwi\u0105zane s\u0105 z moj\u0105 pozablogow\u0105 pasj\u0105, czyli \u2013 nie zgadniecie \u2013 z pisaniem. Jesieni\u0105 tego roku podj\u0119\u0142am do\u015b\u0107 spontaniczn\u0105 decyzj\u0119 o do\u0142\u0105czeniu do klubu pisarskiego Aleks Makulskiej \u2013 <a href=\"https:\/\/aleksandramakulska.pl\/produkt\/klub-otwartej-szuflady\/\" target=\"_blank\" rel=\"noreferrer noopener\">Klubu \u00a0Otwartej Szuflady<\/a>. Przez pi\u0119\u0107 tygodni spotyka\u0142y\u015bmy si\u0119 wirtualnie z 29 innymi dziewczynami i razem pisa\u0142y\u015bmy teksty, kt\u00f3re potem czyta\u0142y\u015bmy i komentowa\u0142y\u015bmy. Powiem Wam, \u017ce ta przygoda z pocz\u0105tku nie robi\u0142a na mnie a\u017c takiego wra\u017cenia \u2013 bo zadania dotyczy\u0142y naszych w\u0142asnych prze\u017cy\u0107. O tym, co mi si\u0119 przydarza, pisz\u0119 w sumie cz\u0119sto, bo albo na blogu, albo w moim tajnym zeszycie \u2013 w ka\u017cdym razie to nie by\u0142o to, za czym bym a\u017c tak t\u0119skni\u0142a.<\/p>\n\n\n\n<figure class=\"wp-block-image size-large\"><img loading=\"lazy\" decoding=\"async\" width=\"810\" height=\"450\" src=\"https:\/\/czerwonawalizka.com\/wp-content\/uploads\/2020\/09\/4.png\" alt=\"\" class=\"wp-image-3085\" srcset=\"https:\/\/czerwonawalizka.com\/wp-content\/uploads\/2020\/09\/4.png 810w, https:\/\/czerwonawalizka.com\/wp-content\/uploads\/2020\/09\/4-600x333.png 600w, https:\/\/czerwonawalizka.com\/wp-content\/uploads\/2020\/09\/4-300x167.png 300w, https:\/\/czerwonawalizka.com\/wp-content\/uploads\/2020\/09\/4-768x427.png 768w, https:\/\/czerwonawalizka.com\/wp-content\/uploads\/2020\/09\/4-540x300.png 540w, https:\/\/czerwonawalizka.com\/wp-content\/uploads\/2020\/09\/4-400x222.png 400w\" sizes=\"auto, (max-width: 810px) 100vw, 810px\" \/><\/figure>\n\n\n\n<p>Ale czwarte zadanie polega\u0142o na napisaniu fikcji. Pami\u0119tam, \u017ce tego dnia by\u0142am zm\u0119czona, nie mia\u0142am ani pomys\u0142u, ani ch\u0119ci, aby cokolwiek tworzy\u0107, a jednak usiad\u0142am przez komputerem i otworzy\u0142am Worda. A potem mnie ol\u015bni\u0142o. Bohaterka po prostu sama do mnie przysz\u0142a. Ma\u0142o tego, bohaterka nie byle jaka, bo Sta\u015bka mia\u0142a i w\u0142asne zdanie, i w\u0142asn\u0105 wizj\u0119 tego, co si\u0119 b\u0119dzie z ni\u0105 dzia\u0107. Klepa\u0142am w klawiatur\u0119 a\u017c si\u0119 kurzy\u0142o, pr\u00f3buj\u0105c spami\u0119ta\u0107 wszystkie detale mojej wizji, zanim si\u0119 ona rozwieje. Opowiadanie wysz\u0142o naprawd\u0119 fajne, a do tego \u2013 dawno nie czu\u0142am takiej frajdy z pisania. To by\u0142o jak powr\u00f3t do dzieci\u0144stwa, kt\u00f3re sp\u0119dza\u0142am nad <em>Czerwonym Zeszytem<\/em> z d\u0142ugopisem w r\u0119ce. Moja wizja, czysta kartka papieru, d\u0142ugopis i ja. I d\u0142ugie godziny \u015bwietnej zabawy.<\/p>\n\n\n\n<p>Klub okaza\u0142 si\u0119 strza\u0142em w dziesi\u0105tk\u0119. Je\u015bli lubicie pisa\u0107 i szukacie miejsca, aby si\u0119 rozpisa\u0107, roz\u0107wiczy\u0107, popr\u00f3bowa\u0107 i poszuka\u0107 inspiracji \u2013 Klub Otwartej Szuflady to Wasze miejsce. No a ja \u2013 ju\u017c wiem, dok\u0105d chc\u0119 p\u00f3j\u015b\u0107 dalej. Mam pomys\u0142 na powie\u015b\u0107, mam wizj\u0119 \u2013 mam ju\u017c prawie wszystko (bo jeszcze robi\u0119 research o epoce) i&#8230; pisz\u0119! Chc\u0119 napisa\u0107 powie\u015b\u0107. Tytu\u0142 te\u017c ju\u017c mam. <em>Dzie\u0144 i noc.<\/em> Tak b\u0119dzie si\u0119 nazywa\u0107 moja nowa ksi\u0105\u017cka. To b\u0119dzie opowie\u015b\u0107 o magii, o sile wierze\u0144, o s\u0142owia\u0144skich bogach, o dziewczy\u0144skiej sile tworzenia i niszczenia, o naszym zwyk\u0142ym \u015bwiecie, w kt\u00f3rym pod powierzchni\u0105 kryj\u0105 si\u0119 nieoczywiste odpowiedzi, stwory z legend i g\u0142osy naszych przodk\u00f3w. Trzeba b\u0119dzie tylko otworzy\u0107 ksi\u0105\u017ck\u0119, aby je us\u0142ysze\u0107.<\/p>\n\n\n\n<figure class=\"wp-block-image size-full\"><img loading=\"lazy\" decoding=\"async\" width=\"1080\" height=\"1440\" src=\"https:\/\/czerwonawalizka.com\/wp-content\/uploads\/2020\/11\/Snapchat-2060995476-1.jpg\" alt=\"\" class=\"wp-image-3253\" srcset=\"https:\/\/czerwonawalizka.com\/wp-content\/uploads\/2020\/11\/Snapchat-2060995476-1.jpg 1080w, https:\/\/czerwonawalizka.com\/wp-content\/uploads\/2020\/11\/Snapchat-2060995476-1-225x300.jpg 225w, https:\/\/czerwonawalizka.com\/wp-content\/uploads\/2020\/11\/Snapchat-2060995476-1-768x1024.jpg 768w, https:\/\/czerwonawalizka.com\/wp-content\/uploads\/2020\/11\/Snapchat-2060995476-1-600x800.jpg 600w, https:\/\/czerwonawalizka.com\/wp-content\/uploads\/2020\/11\/Snapchat-2060995476-1-400x533.jpg 400w\" sizes=\"auto, (max-width: 1080px) 100vw, 1080px\" \/><\/figure>\n\n\n\n<h2 class=\"wp-block-heading\">Blog czeski i ja czeska<\/h2>\n\n\n\n<p>Blog oczywi\u015bcie pozostaje czeski. \u017byj\u0119 w Czechach, to cz\u0119\u015b\u0107 mojej to\u017csamo\u015bci, to cz\u0119\u015b\u0107 mojego \u017cycia, zreszt\u0105 podobnie jak Polska, na kt\u00f3r\u0105 patrz\u0119 teraz z troch\u0119 innej perspektywy. Po kilku latach \u017cycia zagranic\u0105 niekt\u00f3re opinie mi si\u0119 zaostrzy\u0142y, a na inne sprawy patrz\u0119 z du\u017co wi\u0119ksz\u0105 wyrozumia\u0142o\u015bci\u0105, a mo\u017ce nawet \u2013 czu\u0142o\u015bci\u0105. Ciekawie jest obserwowa\u0107 te zmiany we w\u0142asnym postrzeganiu \u015bwiata. Troch\u0119 zreszt\u0105 taki by\u0142 m\u00f3j ukryty cel wyjazdu \u2013 ch\u0119\u0107 zobaczenia w\u0142asnego kraju przez inn\u0105 soczewk\u0119. To niezmiernie ciekawy widok.<\/p>\n\n\n\n<p>Gdzie\u015b tam w dalszych planach czeka tak\u017ce plan napisania drugiej cz\u0119\u015bci <em>Przewodnika po Czechach<\/em>. Tym razem na warsztat mam zamiar wzi\u0105\u0107 urlop \u2013 i wszystko to, co czeskich urlopowicz\u00f3w mo\u017ce zainteresowa\u0107. Chcia\u0142abym stworzy\u0107 pozycj\u0119, dzi\u0119ki kt\u00f3rej turysta nie tylko b\u0119dzie wiedzia\u0142, gdzie przenocowa\u0107 albo zje\u015b\u0107 (bo, b\u0105d\u017amy szczerzy, to sobie mo\u017ce ka\u017cdy wygoogli\u0107 w kwadrans), ale \u017ceby wiedzia\u0142 dok\u0105d jedzie i dlaczego jest to ciekawe. Chcia\u0142abym umo\u017cliwi\u0107 Polakom wgl\u0105d w czeskie podw\u00f3rko, tak aby podczas wakacji opr\u00f3cz zjedzenia legendarnego ju\u017c sma\u017conego sera dowiedzieli si\u0119 o naszych s\u0105siadach czego\u015b nowego, czego\u015b interesuj\u0105cego i mo\u017ce troch\u0119 lepiej ich zrozumieli. Plany s\u0105, ale do tego musz\u0119 jeszcze troch\u0119 poje\u017adzi\u0107 i pozbiera\u0107 materia\u0142y. Czuj\u0119, \u017ce to b\u0119dzie plan na kolejny rok. Tymczasem bior\u0119 du\u017cy wdech, u\u015bmiecham si\u0119 do Was szeroko i ruszam w nowy rok pe\u0142na pomys\u0142\u00f3w i podekscytowania nowo obranym kierunkiem.<\/p>\n\n\n\n<p>To co, ruszacie ze mn\u0105 w dalsz\u0105 podr\u00f3\u017c?\u2026<\/p>\n\n\n\n<p>Czerwona walizka stoi ju\u017c w k\u0105cie, przygotowana do kolejnej wyprawy \ud83d\ude0a (&#8230; czeka na koniec izolacji ;p \ud83d\ude09<\/p>\n\n\n\n<p>M.<\/p>\n","protected":false},"excerpt":{"rendered":"<p>Za oknem dziwno-zima, albo raczej \u2013 zima brne\u0144ska, tymczasem w domu izolacja\u2026 tak, dopad\u0142o w ko\u0144cu i nas, Luby w tym tygodniu przetestowa\u0142 si\u0119 pozytywnie. Popijamy wi\u0119c ciep\u0142\u0105 herbat\u0119 i pozostajemy dobrej my\u015bli, tymczasem niepostrze\u017cenie nadszed\u0142 nowy rok. Rok 2020 zapisa\u0142 si\u0119 jako czas zdecydowanie wyj\u0105tkowy, momentami straszny \u2013 wiadomo, pandemia \u2013 ale tak\u017ce obfituj\u0105cy&hellip; <a class=\"more-link\" href=\"https:\/\/czerwonawalizka.com\/index.php\/2021\/01\/01\/plany-i-marzenia\/\">Read More <span class=\"screen-reader-text\">Marzenia i plany<\/span><\/a><\/p>\n","protected":false},"author":2,"featured_media":3429,"comment_status":"open","ping_status":"open","sticky":false,"template":"","format":"standard","meta":{"jetpack_post_was_ever_published":false,"_jetpack_newsletter_access":"","_jetpack_dont_email_post_to_subs":false,"_jetpack_newsletter_tier_id":0,"_jetpack_memberships_contains_paywalled_content":false,"_jetpack_memberships_contains_paid_content":false,"footnotes":"","jetpack_publicize_message":"","jetpack_publicize_feature_enabled":true,"jetpack_social_post_already_shared":true,"jetpack_social_options":{"image_generator_settings":{"template":"highway","default_image_id":0,"font":"","enabled":false},"version":2}},"categories":[18,7],"tags":[591,589],"class_list":["post-3427","post","type-post","status-publish","format-standard","has-post-thumbnail","hentry","category-dobre-zycie","category-myslodsiewnia","tag-klub-otwartej-szuflady","tag-podsumowanie-2020"],"yoast_head":"<!-- This site is optimized with the Yoast SEO plugin v27.0 - https:\/\/yoast.com\/product\/yoast-seo-wordpress\/ -->\n<title>Marzenia i plany - Dziewczyna z czerwon\u0105 walizk\u0105<\/title>\n<meta name=\"description\" content=\"Plany i marzenia na rok postpandemiczny, czyli o wydanym Przewodniku po Czechach i planach na now\u0105 ksi\u0105\u017ck\u0119 ze s\u0142owia\u0144skimi bogami.\" \/>\n<meta name=\"robots\" content=\"index, follow, max-snippet:-1, max-image-preview:large, max-video-preview:-1\" \/>\n<link rel=\"canonical\" href=\"https:\/\/czerwonawalizka.com\/index.php\/2021\/01\/01\/plany-i-marzenia\/\" \/>\n<meta property=\"og:locale\" content=\"pl_PL\" \/>\n<meta property=\"og:type\" content=\"article\" \/>\n<meta property=\"og:title\" content=\"Marzenia i plany - Dziewczyna z czerwon\u0105 walizk\u0105\" \/>\n<meta property=\"og:description\" content=\"Plany i marzenia na rok postpandemiczny, czyli o wydanym Przewodniku po Czechach i planach na now\u0105 ksi\u0105\u017ck\u0119 ze s\u0142owia\u0144skimi bogami.\" \/>\n<meta property=\"og:url\" content=\"https:\/\/czerwonawalizka.com\/index.php\/2021\/01\/01\/plany-i-marzenia\/\" \/>\n<meta property=\"og:site_name\" content=\"Dziewczyna z czerwon\u0105 walizk\u0105\" \/>\n<meta property=\"article:published_time\" content=\"2021-01-01T22:37:55+00:00\" \/>\n<meta property=\"article:modified_time\" content=\"2021-01-01T22:41:11+00:00\" \/>\n<meta property=\"og:image\" content=\"https:\/\/czerwonawalizka.com\/wp-content\/uploads\/2021\/01\/plany.png\" \/>\n\t<meta property=\"og:image:width\" content=\"1238\" \/>\n\t<meta property=\"og:image:height\" content=\"695\" \/>\n\t<meta property=\"og:image:type\" content=\"image\/png\" \/>\n<meta name=\"author\" content=\"Marta\" \/>\n<meta name=\"twitter:card\" content=\"summary_large_image\" \/>\n<meta name=\"twitter:label1\" content=\"Napisane przez\" \/>\n\t<meta name=\"twitter:data1\" content=\"Marta\" \/>\n\t<meta name=\"twitter:label2\" content=\"Szacowany czas czytania\" \/>\n\t<meta name=\"twitter:data2\" content=\"8 minut\" \/>\n<script type=\"application\/ld+json\" class=\"yoast-schema-graph\">{\"@context\":\"https:\/\/schema.org\",\"@graph\":[{\"@type\":\"Article\",\"@id\":\"https:\/\/czerwonawalizka.com\/index.php\/2021\/01\/01\/plany-i-marzenia\/#article\",\"isPartOf\":{\"@id\":\"https:\/\/czerwonawalizka.com\/index.php\/2021\/01\/01\/plany-i-marzenia\/\"},\"author\":{\"name\":\"Marta\",\"@id\":\"https:\/\/czerwonawalizka.com\/#\/schema\/person\/ca9ae0ae7fc0f714249aaa234df8f5cc\"},\"headline\":\"Marzenia i plany\",\"datePublished\":\"2021-01-01T22:37:55+00:00\",\"dateModified\":\"2021-01-01T22:41:11+00:00\",\"mainEntityOfPage\":{\"@id\":\"https:\/\/czerwonawalizka.com\/index.php\/2021\/01\/01\/plany-i-marzenia\/\"},\"wordCount\":1596,\"commentCount\":3,\"publisher\":{\"@id\":\"https:\/\/czerwonawalizka.com\/#\/schema\/person\/ca9ae0ae7fc0f714249aaa234df8f5cc\"},\"image\":{\"@id\":\"https:\/\/czerwonawalizka.com\/index.php\/2021\/01\/01\/plany-i-marzenia\/#primaryimage\"},\"thumbnailUrl\":\"https:\/\/czerwonawalizka.com\/wp-content\/uploads\/2021\/01\/plany.png\",\"keywords\":[\"klub otwartej szuflady\",\"podsumowanie 2020\"],\"articleSection\":[\"dobre \u017cycie\",\"My\u015blodsiewnia\"],\"inLanguage\":\"pl-PL\",\"potentialAction\":[{\"@type\":\"CommentAction\",\"name\":\"Comment\",\"target\":[\"https:\/\/czerwonawalizka.com\/index.php\/2021\/01\/01\/plany-i-marzenia\/#respond\"]}]},{\"@type\":\"WebPage\",\"@id\":\"https:\/\/czerwonawalizka.com\/index.php\/2021\/01\/01\/plany-i-marzenia\/\",\"url\":\"https:\/\/czerwonawalizka.com\/index.php\/2021\/01\/01\/plany-i-marzenia\/\",\"name\":\"Marzenia i plany - Dziewczyna z czerwon\u0105 walizk\u0105\",\"isPartOf\":{\"@id\":\"https:\/\/czerwonawalizka.com\/#website\"},\"primaryImageOfPage\":{\"@id\":\"https:\/\/czerwonawalizka.com\/index.php\/2021\/01\/01\/plany-i-marzenia\/#primaryimage\"},\"image\":{\"@id\":\"https:\/\/czerwonawalizka.com\/index.php\/2021\/01\/01\/plany-i-marzenia\/#primaryimage\"},\"thumbnailUrl\":\"https:\/\/czerwonawalizka.com\/wp-content\/uploads\/2021\/01\/plany.png\",\"datePublished\":\"2021-01-01T22:37:55+00:00\",\"dateModified\":\"2021-01-01T22:41:11+00:00\",\"description\":\"Plany i marzenia na rok postpandemiczny, czyli o wydanym Przewodniku po Czechach i planach na now\u0105 ksi\u0105\u017ck\u0119 ze s\u0142owia\u0144skimi bogami.\",\"breadcrumb\":{\"@id\":\"https:\/\/czerwonawalizka.com\/index.php\/2021\/01\/01\/plany-i-marzenia\/#breadcrumb\"},\"inLanguage\":\"pl-PL\",\"potentialAction\":[{\"@type\":\"ReadAction\",\"target\":[\"https:\/\/czerwonawalizka.com\/index.php\/2021\/01\/01\/plany-i-marzenia\/\"]}]},{\"@type\":\"ImageObject\",\"inLanguage\":\"pl-PL\",\"@id\":\"https:\/\/czerwonawalizka.com\/index.php\/2021\/01\/01\/plany-i-marzenia\/#primaryimage\",\"url\":\"https:\/\/czerwonawalizka.com\/wp-content\/uploads\/2021\/01\/plany.png\",\"contentUrl\":\"https:\/\/czerwonawalizka.com\/wp-content\/uploads\/2021\/01\/plany.png\",\"width\":1238,\"height\":695,\"caption\":\"plany i marzenia\"},{\"@type\":\"BreadcrumbList\",\"@id\":\"https:\/\/czerwonawalizka.com\/index.php\/2021\/01\/01\/plany-i-marzenia\/#breadcrumb\",\"itemListElement\":[{\"@type\":\"ListItem\",\"position\":1,\"name\":\"Home\",\"item\":\"https:\/\/czerwonawalizka.com\/\"},{\"@type\":\"ListItem\",\"position\":2,\"name\":\"Marzenia i plany\"}]},{\"@type\":\"WebSite\",\"@id\":\"https:\/\/czerwonawalizka.com\/#website\",\"url\":\"https:\/\/czerwonawalizka.com\/\",\"name\":\"Dziewczyna z czerwon\u0105 walizk\u0105\",\"description\":\"Blog patchworkowy\",\"publisher\":{\"@id\":\"https:\/\/czerwonawalizka.com\/#\/schema\/person\/ca9ae0ae7fc0f714249aaa234df8f5cc\"},\"potentialAction\":[{\"@type\":\"SearchAction\",\"target\":{\"@type\":\"EntryPoint\",\"urlTemplate\":\"https:\/\/czerwonawalizka.com\/?s={search_term_string}\"},\"query-input\":{\"@type\":\"PropertyValueSpecification\",\"valueRequired\":true,\"valueName\":\"search_term_string\"}}],\"inLanguage\":\"pl-PL\"},{\"@type\":[\"Person\",\"Organization\"],\"@id\":\"https:\/\/czerwonawalizka.com\/#\/schema\/person\/ca9ae0ae7fc0f714249aaa234df8f5cc\",\"name\":\"Marta\",\"image\":{\"@type\":\"ImageObject\",\"inLanguage\":\"pl-PL\",\"@id\":\"https:\/\/czerwonawalizka.com\/#\/schema\/person\/image\/\",\"url\":\"https:\/\/czerwonawalizka.com\/wp-content\/uploads\/2017\/06\/cropped-logo6-1.png\",\"contentUrl\":\"https:\/\/czerwonawalizka.com\/wp-content\/uploads\/2017\/06\/cropped-logo6-1.png\",\"width\":1108,\"height\":480,\"caption\":\"Marta\"},\"logo\":{\"@id\":\"https:\/\/czerwonawalizka.com\/#\/schema\/person\/image\/\"},\"sameAs\":[\"http:\/\/www.czerwonawalizka.com\"],\"url\":\"https:\/\/czerwonawalizka.com\/index.php\/author\/dziewczyna-z-czerwona-walizka\/\"}]}<\/script>\n<!-- \/ Yoast SEO plugin. -->","yoast_head_json":{"title":"Marzenia i plany - Dziewczyna z czerwon\u0105 walizk\u0105","description":"Plany i marzenia na rok postpandemiczny, czyli o wydanym Przewodniku po Czechach i planach na now\u0105 ksi\u0105\u017ck\u0119 ze s\u0142owia\u0144skimi bogami.","robots":{"index":"index","follow":"follow","max-snippet":"max-snippet:-1","max-image-preview":"max-image-preview:large","max-video-preview":"max-video-preview:-1"},"canonical":"https:\/\/czerwonawalizka.com\/index.php\/2021\/01\/01\/plany-i-marzenia\/","og_locale":"pl_PL","og_type":"article","og_title":"Marzenia i plany - Dziewczyna z czerwon\u0105 walizk\u0105","og_description":"Plany i marzenia na rok postpandemiczny, czyli o wydanym Przewodniku po Czechach i planach na now\u0105 ksi\u0105\u017ck\u0119 ze s\u0142owia\u0144skimi bogami.","og_url":"https:\/\/czerwonawalizka.com\/index.php\/2021\/01\/01\/plany-i-marzenia\/","og_site_name":"Dziewczyna z czerwon\u0105 walizk\u0105","article_published_time":"2021-01-01T22:37:55+00:00","article_modified_time":"2021-01-01T22:41:11+00:00","og_image":[{"width":1238,"height":695,"url":"https:\/\/czerwonawalizka.com\/wp-content\/uploads\/2021\/01\/plany.png","type":"image\/png"}],"author":"Marta","twitter_card":"summary_large_image","twitter_misc":{"Napisane przez":"Marta","Szacowany czas czytania":"8 minut"},"schema":{"@context":"https:\/\/schema.org","@graph":[{"@type":"Article","@id":"https:\/\/czerwonawalizka.com\/index.php\/2021\/01\/01\/plany-i-marzenia\/#article","isPartOf":{"@id":"https:\/\/czerwonawalizka.com\/index.php\/2021\/01\/01\/plany-i-marzenia\/"},"author":{"name":"Marta","@id":"https:\/\/czerwonawalizka.com\/#\/schema\/person\/ca9ae0ae7fc0f714249aaa234df8f5cc"},"headline":"Marzenia i plany","datePublished":"2021-01-01T22:37:55+00:00","dateModified":"2021-01-01T22:41:11+00:00","mainEntityOfPage":{"@id":"https:\/\/czerwonawalizka.com\/index.php\/2021\/01\/01\/plany-i-marzenia\/"},"wordCount":1596,"commentCount":3,"publisher":{"@id":"https:\/\/czerwonawalizka.com\/#\/schema\/person\/ca9ae0ae7fc0f714249aaa234df8f5cc"},"image":{"@id":"https:\/\/czerwonawalizka.com\/index.php\/2021\/01\/01\/plany-i-marzenia\/#primaryimage"},"thumbnailUrl":"https:\/\/czerwonawalizka.com\/wp-content\/uploads\/2021\/01\/plany.png","keywords":["klub otwartej szuflady","podsumowanie 2020"],"articleSection":["dobre \u017cycie","My\u015blodsiewnia"],"inLanguage":"pl-PL","potentialAction":[{"@type":"CommentAction","name":"Comment","target":["https:\/\/czerwonawalizka.com\/index.php\/2021\/01\/01\/plany-i-marzenia\/#respond"]}]},{"@type":"WebPage","@id":"https:\/\/czerwonawalizka.com\/index.php\/2021\/01\/01\/plany-i-marzenia\/","url":"https:\/\/czerwonawalizka.com\/index.php\/2021\/01\/01\/plany-i-marzenia\/","name":"Marzenia i plany - Dziewczyna z czerwon\u0105 walizk\u0105","isPartOf":{"@id":"https:\/\/czerwonawalizka.com\/#website"},"primaryImageOfPage":{"@id":"https:\/\/czerwonawalizka.com\/index.php\/2021\/01\/01\/plany-i-marzenia\/#primaryimage"},"image":{"@id":"https:\/\/czerwonawalizka.com\/index.php\/2021\/01\/01\/plany-i-marzenia\/#primaryimage"},"thumbnailUrl":"https:\/\/czerwonawalizka.com\/wp-content\/uploads\/2021\/01\/plany.png","datePublished":"2021-01-01T22:37:55+00:00","dateModified":"2021-01-01T22:41:11+00:00","description":"Plany i marzenia na rok postpandemiczny, czyli o wydanym Przewodniku po Czechach i planach na now\u0105 ksi\u0105\u017ck\u0119 ze s\u0142owia\u0144skimi bogami.","breadcrumb":{"@id":"https:\/\/czerwonawalizka.com\/index.php\/2021\/01\/01\/plany-i-marzenia\/#breadcrumb"},"inLanguage":"pl-PL","potentialAction":[{"@type":"ReadAction","target":["https:\/\/czerwonawalizka.com\/index.php\/2021\/01\/01\/plany-i-marzenia\/"]}]},{"@type":"ImageObject","inLanguage":"pl-PL","@id":"https:\/\/czerwonawalizka.com\/index.php\/2021\/01\/01\/plany-i-marzenia\/#primaryimage","url":"https:\/\/czerwonawalizka.com\/wp-content\/uploads\/2021\/01\/plany.png","contentUrl":"https:\/\/czerwonawalizka.com\/wp-content\/uploads\/2021\/01\/plany.png","width":1238,"height":695,"caption":"plany i marzenia"},{"@type":"BreadcrumbList","@id":"https:\/\/czerwonawalizka.com\/index.php\/2021\/01\/01\/plany-i-marzenia\/#breadcrumb","itemListElement":[{"@type":"ListItem","position":1,"name":"Home","item":"https:\/\/czerwonawalizka.com\/"},{"@type":"ListItem","position":2,"name":"Marzenia i plany"}]},{"@type":"WebSite","@id":"https:\/\/czerwonawalizka.com\/#website","url":"https:\/\/czerwonawalizka.com\/","name":"Dziewczyna z czerwon\u0105 walizk\u0105","description":"Blog patchworkowy","publisher":{"@id":"https:\/\/czerwonawalizka.com\/#\/schema\/person\/ca9ae0ae7fc0f714249aaa234df8f5cc"},"potentialAction":[{"@type":"SearchAction","target":{"@type":"EntryPoint","urlTemplate":"https:\/\/czerwonawalizka.com\/?s={search_term_string}"},"query-input":{"@type":"PropertyValueSpecification","valueRequired":true,"valueName":"search_term_string"}}],"inLanguage":"pl-PL"},{"@type":["Person","Organization"],"@id":"https:\/\/czerwonawalizka.com\/#\/schema\/person\/ca9ae0ae7fc0f714249aaa234df8f5cc","name":"Marta","image":{"@type":"ImageObject","inLanguage":"pl-PL","@id":"https:\/\/czerwonawalizka.com\/#\/schema\/person\/image\/","url":"https:\/\/czerwonawalizka.com\/wp-content\/uploads\/2017\/06\/cropped-logo6-1.png","contentUrl":"https:\/\/czerwonawalizka.com\/wp-content\/uploads\/2017\/06\/cropped-logo6-1.png","width":1108,"height":480,"caption":"Marta"},"logo":{"@id":"https:\/\/czerwonawalizka.com\/#\/schema\/person\/image\/"},"sameAs":["http:\/\/www.czerwonawalizka.com"],"url":"https:\/\/czerwonawalizka.com\/index.php\/author\/dziewczyna-z-czerwona-walizka\/"}]}},"jetpack_publicize_connections":[],"jetpack_featured_media_url":"https:\/\/czerwonawalizka.com\/wp-content\/uploads\/2021\/01\/plany.png","jetpack_sharing_enabled":true,"jetpack_shortlink":"https:\/\/wp.me\/p8RvtB-Th","jetpack_likes_enabled":false,"_links":{"self":[{"href":"https:\/\/czerwonawalizka.com\/index.php\/wp-json\/wp\/v2\/posts\/3427","targetHints":{"allow":["GET"]}}],"collection":[{"href":"https:\/\/czerwonawalizka.com\/index.php\/wp-json\/wp\/v2\/posts"}],"about":[{"href":"https:\/\/czerwonawalizka.com\/index.php\/wp-json\/wp\/v2\/types\/post"}],"author":[{"embeddable":true,"href":"https:\/\/czerwonawalizka.com\/index.php\/wp-json\/wp\/v2\/users\/2"}],"replies":[{"embeddable":true,"href":"https:\/\/czerwonawalizka.com\/index.php\/wp-json\/wp\/v2\/comments?post=3427"}],"version-history":[{"count":3,"href":"https:\/\/czerwonawalizka.com\/index.php\/wp-json\/wp\/v2\/posts\/3427\/revisions"}],"predecessor-version":[{"id":3431,"href":"https:\/\/czerwonawalizka.com\/index.php\/wp-json\/wp\/v2\/posts\/3427\/revisions\/3431"}],"wp:featuredmedia":[{"embeddable":true,"href":"https:\/\/czerwonawalizka.com\/index.php\/wp-json\/wp\/v2\/media\/3429"}],"wp:attachment":[{"href":"https:\/\/czerwonawalizka.com\/index.php\/wp-json\/wp\/v2\/media?parent=3427"}],"wp:term":[{"taxonomy":"category","embeddable":true,"href":"https:\/\/czerwonawalizka.com\/index.php\/wp-json\/wp\/v2\/categories?post=3427"},{"taxonomy":"post_tag","embeddable":true,"href":"https:\/\/czerwonawalizka.com\/index.php\/wp-json\/wp\/v2\/tags?post=3427"}],"curies":[{"name":"wp","href":"https:\/\/api.w.org\/{rel}","templated":true}]}}