{"id":3153,"date":"2020-10-23T20:44:28","date_gmt":"2020-10-23T18:44:28","guid":{"rendered":"https:\/\/czerwonawalizka.com\/?p=3153"},"modified":"2024-11-15T23:09:12","modified_gmt":"2024-11-15T22:09:12","slug":"pandemia-w-czechach","status":"publish","type":"post","link":"https:\/\/czerwonawalizka.com\/index.php\/2020\/10\/23\/pandemia-w-czechach\/","title":{"rendered":"Pandemia w Czechach"},"content":{"rendered":"\n<p class=\"has-drop-cap\">Nadszed\u0142 pi\u0105tek, a jak pi\u0105tek, to siadam do pisania. I dzisiaj mam troch\u0119 do napisania. Troch\u0119 si\u0119 bowiem zadzia\u0142o od mojego wyjazdu na nie-wakacje do Polski i czas nadrobi\u0107 zaleg\u0142o\u015bci. Ten post b\u0119dzie o tym, co si\u0119 obecnie w Czechach wyprawia, przede wszystkim w kontek\u015bcie pandemii, wi\u0119c je\u015bli czujecie, \u017ce tego tematu ju\u017c macie do\u015b\u0107 \u2013 nie czytajcie dalej; lepiej poczytajcie dwa poprzednie posty. W zesz\u0142ym tygodniu <a href=\"https:\/\/czerwonawalizka.com\/index.php\/2020\/10\/18\/czeskie-wspanialosci\/\" target=\"_blank\" rel=\"noreferrer noopener\">opisa\u0142am siedem czeskich wspania\u0142o\u015bci<\/a> i wygl\u0105da na to, \u017ce post mo\u017ce okaza\u0107 si\u0119 najpopularniejszym wpisem tego roku, a <a href=\"https:\/\/czerwonawalizka.com\/index.php\/2020\/10\/10\/czeskie-filmy\/\">jeszcze tydzie\u0144 wcze\u015bniej podsun\u0119\u0142am Wam trzy dobre czeskie<\/a> filmy na weekendowy wiecz\u00f3r. Je\u015bli jednak interesuje Was bie\u017c\u0105ca sytuacja i chcieliby\u015bcie j\u0105 np. por\u00f3wna\u0107 do tej polskiej, zapraszam poni\u017cej. Dzi\u015b b\u0119dzie o koronawirusie, a wi\u0119c \u2013 pandemia w Czechach, cz\u0119\u015b\u0107 2.<\/p>\n\n\n\n<h2 class=\"wp-block-heading\">Pandemia w Czechach, cz\u0119\u015b\u0107 1<\/h2>\n\n\n\n<p>Na pocz\u0105tek trzeba wspomnie\u0107, \u017ce Czesi bardzo dobrze \u2013 aby nie powiedzie\u0107: podr\u0119cznikowo \u2013 poradzili sobie z pierwsz\u0105 fal\u0105 pandemii. Zaledwie kilkana\u015bcie dni po pojawieniu si\u0119 pierwszego przypadku pojawi\u0142 si\u0119 obowi\u0105zek noszenia maseczek, potem nast\u0105pi\u0142 szybki lockdown, zamkni\u0119to szko\u0142y, wi\u0119kszo\u015b\u0107 sklep\u00f3w; ludzie kupowali materia\u0142y i szyli maseczki po domach. Wkr\u00f3tce potem zamkni\u0119to tak\u017ce granice. Wydawa\u0142o si\u0119, ze wszyscy si\u0119 zmobilizowali, utrzymywali dystans, zas\u0142aniali twarze. <\/p>\n\n\n\n<p>Nadesz\u0142a wiosna i w momencie, gdy koronawirus zaczyna\u0142 szale\u0107 w innych krajach, w Czechach ju\u017c ust\u0119powa\u0142. Tak, wszystko tutaj dzia\u0142o si\u0119 oko\u0142o miesi\u0105ca szybciej ni\u017c np. w Polsce. Szk\u00f3\u0142 ju\u017c w\u0142a\u015bciwie nie otwarto do ko\u0144ca roku szkolnego, a wszyscy mieli nadziej\u0119, \u017ce gdy rozpocznie si\u0119 nowy, o koronawirusie ju\u017c nikt nie b\u0119dzie pami\u0119ta\u0142. <em>Hospody <\/em>przez d\u0142ugi okres by\u0142y zamkni\u0119te, ale wsz\u0119dzie pootwiera\u0142y si\u0119 okienka i mo\u017cna w nich by\u0142o albo kupi\u0107 jedzenie na wynos, albo piwo (nalewali do PET-\u00f3w, dzbank\u00f3w, a tak\u017ce do plastikowych szklanek). Ludzie kupowali piwo, a \u017ce pogoda sprzyja\u0142a, to czas sp\u0119dzali razem \u2013 na wolnym powietrzu, racz\u0105c si\u0119 z\u0142otym trunkiem w pobli\u017cu \u201e\u017cyciodajnych\u201d okienek. Wkr\u00f3tce potem S\u0105d Rejonowy w Pradze stwierdzi\u0142, \u017ce totalna kwarantanna wprowadzona przez rz\u0105d by\u0142a nielegalna (pope\u0142nili b\u0142\u0105d formalny przy wprowadzaniu obostrze\u0144, o ile dobrze pami\u0119tam), a rz\u0105d okrakiem wycofa\u0142 si\u0119 z najostrzejszych \u015brodk\u00f3w zaradczych. Nasta\u0142a wiosna, wyjrza\u0142o s\u0142o\u0144ce i wszyscy odetchn\u0119li\u015bmy z ulg\u0105.<\/p>\n\n\n\n<figure class=\"wp-block-image size-large\"><img loading=\"lazy\" decoding=\"async\" width=\"810\" height=\"450\" src=\"https:\/\/czerwonawalizka.com\/wp-content\/uploads\/2020\/05\/6.png\" alt=\"Porta Coeli\" class=\"wp-image-3037\" srcset=\"https:\/\/czerwonawalizka.com\/wp-content\/uploads\/2020\/05\/6.png 810w, https:\/\/czerwonawalizka.com\/wp-content\/uploads\/2020\/05\/6-600x333.png 600w, https:\/\/czerwonawalizka.com\/wp-content\/uploads\/2020\/05\/6-300x167.png 300w, https:\/\/czerwonawalizka.com\/wp-content\/uploads\/2020\/05\/6-768x427.png 768w, https:\/\/czerwonawalizka.com\/wp-content\/uploads\/2020\/05\/6-540x300.png 540w, https:\/\/czerwonawalizka.com\/wp-content\/uploads\/2020\/05\/6-400x222.png 400w\" sizes=\"auto, (max-width: 810px) 100vw, 810px\" \/><\/figure>\n\n\n\n<h2 class=\"wp-block-heading\">Pandemiczne wakacje z COVID-em<\/h2>\n\n\n\n<p>Potem nadesz\u0142y wakacje, a najwi\u0119kszym problemem w czeskiej polityce by\u0142o to, czy Chorwaci otworz\u0105 swe granice dla Czech\u00f3w. Pojawi\u0142 si\u0119 nawet pomys\u0142 otwarcia specjalnego \u201etunelu drogowego\u201d, kt\u00f3rym Czesi mogliby przeje\u017cd\u017ca\u0107 przez inne pozamykane pa\u0144stwa nad morze. Je\u015bli bowiem nie wiecie, Czesi maj\u0105 pono\u0107 dwie podstawowe potrzeby \u017cyciowe, jedn\u0105 z nich jest piwo (st\u0105d okienka\u2026), a drug\u0105 \u2013 urlop w lecie nad chorwackim morzem. Na szcz\u0119\u015bcie jednak granice ostatecznie pootwierano, a Czesi t\u0142umnie ruszyli na po\u0142udnie.<\/p>\n\n\n\n<p>No i si\u0119 zacz\u0119\u0142o. Wraz z powrotem z wakacji liczba nowych zaka\u017ce\u0144 znowu zacz\u0119\u0142a rosn\u0105\u0107; nie mniej jednak lato trwa\u0142o, a obostrzenia ju\u017c wcze\u015bniej ca\u0142kowicie zniesiono. Ludzie bawili si\u0119, spotykali, organizowano imprezy, koncerty, spotkania. Zaka\u017cenia ros\u0142y, jednak g\u0142\u00f3wnie mi\u0119dzy m\u0142odszymi, nie by\u0142o wi\u0119c a\u017c tylu hospitalizowanych. A potem przyszed\u0142 wrzesie\u0144 i otwarto szko\u0142y. Pierwsze tygodnie nie by\u0142y jeszcze a\u017c tak alarmuj\u0105ce, ale potem liczba zaka\u017ce\u0144 zacz\u0119\u0142a lawinowo rosn\u0105\u0107. Do tego stopnia, \u017ce wczoraj, 22. pa\u017adziernika, nowych zaka\u017ce\u0144 przyby\u0142o ponad 14 tysi\u0119cy. W mi\u0119dzyczasie czeski rz\u0105d bawi\u0142 si\u0119 troch\u0119 ze spo\u0142ecze\u0144stwem w kotka i myszk\u0119: minister zdrowia, pan Vojt\u011bch\u00a0, og\u0142asza\u0142 zamiar wprowadzenia nowych obostrze\u0144 w jakimi\u015b medium, tylko po to, aby kilka godzin p\u00f3\u017aniej jego szef, premier Babi\u0161\u00a0, dementowa\u0142 te zamiary i sprowadza\u0142 je do poziomu prywatnych wizji pana ministra. Pan Vojt\u011bch\u00a0chyba mia\u0142 do\u015b\u0107, bo ust\u0105pi\u0142 ze stanowiska i odda\u0142 si\u0119 \u015bpiewowi (<a href=\"https:\/\/prima.iprima.cz\/porady\/show-jana-krause\/exkluzivne-adam-vojtech-zazpival-cesku-poslechnete-si-jeho-premierovou-my-way\" target=\"_blank\" rel=\"noreferrer noopener\">tu mo\u017cecie zobaczy\u0107, czy posz\u0142o mu lepiej, ni\u017c zarz\u0105dzanie pandemi\u0105<\/a>), a nowym ministrem zdrowia zosta\u0142 pan Prymula.<\/p>\n\n\n\n<figure class=\"wp-block-image size-large\"><img loading=\"lazy\" decoding=\"async\" width=\"810\" height=\"450\" src=\"https:\/\/czerwonawalizka.com\/wp-content\/uploads\/2020\/03\/3.png\" alt=\"Szumawa\" class=\"wp-image-2962\" srcset=\"https:\/\/czerwonawalizka.com\/wp-content\/uploads\/2020\/03\/3.png 810w, https:\/\/czerwonawalizka.com\/wp-content\/uploads\/2020\/03\/3-600x333.png 600w, https:\/\/czerwonawalizka.com\/wp-content\/uploads\/2020\/03\/3-300x167.png 300w, https:\/\/czerwonawalizka.com\/wp-content\/uploads\/2020\/03\/3-768x427.png 768w, https:\/\/czerwonawalizka.com\/wp-content\/uploads\/2020\/03\/3-540x300.png 540w, https:\/\/czerwonawalizka.com\/wp-content\/uploads\/2020\/03\/3-400x222.png 400w\" sizes=\"auto, (max-width: 810px) 100vw, 810px\" \/><\/figure>\n\n\n\n<h2 class=\"wp-block-heading\">Ministrowie jak r\u0119kawiczki<\/h2>\n\n\n\n<p>Roman Prymula by\u0142 w czasie pandemii kim\u015b, kim jest w Polsce prof. Simon \u2013 nie tylko lekarzem specjalist\u0105, ale tak\u017ce naczelnym medialnym ekspertem, kt\u00f3ry komentowa\u0142 wszystkie posuni\u0119cia rz\u0105du w\u0142a\u015bciwie od pocz\u0105tku pandemii. Do tego jest lekarzem wojskowym, kt\u00f3ry (jak podejrzewam) raczej nawyk\u0142y jest do tego, \u017ce to inni s\u0142uchaj\u0105 jego, a nie odwrotnie. Niejednokrotnie krytykowa\u0142 rz\u0105d za to, \u017ce nie dzia\u0142a do\u015b\u0107 radykalnie (przy czym reszta spo\u0142ecze\u0144stwa mia\u0142a raczej inny ogl\u0105d na t\u0119 sytuacj\u0119). Troch\u0119 si\u0119 z Lubym zastanawiali\u015bmy, jakim cudem taki cz\u0142owiek b\u0119dzie w stanie znosi\u0107 premiera, kt\u00f3ry potrafi\u0142 publicznie upokorzy\u0107 i sprowadzi\u0107 do roli pouczanego uczniaka poprzedniego ministra zdrowia na konferencji prasowej w \u015bwietle i blasku jupiter\u00f3w. Jak mo\u017cna by\u0142o podejrzewa\u0107, nowy minister d\u0142ugo ministrem chyba nie pozostanie, bo wczoraj \u2013 po tym, jak w przeci\u0105gu ostatnich dw\u00f3ch tygodni znowu zamkn\u0105\u0142 ca\u0142\u0105 gastronomi\u0119 i sporo sklep\u00f3w\/punkt\u00f3w us\u0142ugowych w Czechach oraz ograniczy\u0142 prawo do poruszania si\u0119 po dworze \u2013 dziennikarze przy\u0142apali go na prywatnej kolacji w zamkni\u0119tej restauracji z koleg\u0105, w dodatku bez maseczek.<\/p>\n\n\n\n<p>Jak mo\u017cecie si\u0119 spodziewa\u0107, ta informacja zelektryzowa\u0142a niemal wszystkich. Premier wezwa\u0142 publicznie ministra do rezygnacji; ten odm\u00f3wi\u0142 i stwierdzi\u0142, \u017ce je\u015bli premier chce, aby odszed\u0142, to go musi wyrzuci\u0107. Mniej wi\u0119cej na to si\u0119 zapowiada \u2013 Babi\u0161\u00a0ju\u017c zapowiedzia\u0142, \u017ce nazwisko nowego ministra og\u0142osi w poniedzia\u0142ek. I teraz wszyscy si\u0119 zastanawiaj\u0105, kto ma na tyle sk\u0142onno\u015bci masochistycznych, aby tak\u0105 propozycj\u0119 przyj\u0105\u0107 od Babi\u0161a w roli premiera i w \u015brodku drugiej fali pandemii. Warto odnotowa\u0107, \u017ce obaj panowie pochodz\u0105 z tej samej partii. Smaczku sprawie nadaje te\u017c fakt, \u017ce zaledwie kilka dni temu inna ministra czeskiego rz\u0105du (Jana Mal\u00e1\u010dov\u00e1, ministra pracy i spraw socjalnych, z partii koalicyjnej) <a href=\"https:\/\/www.novinky.cz\/domaci\/clanek\/malacova-rekla-o-babisovi-ze-je-debil-40339623\" target=\"_blank\" rel=\"noreferrer noopener\">troch\u0119 przypadkiem powiedzia\u0142a na wizji czeskiej telewizji, \u017ce premier, jej szef, cytuj\u0119: \u201ejest debilem i zrobi\u0142 burdel, kt\u00f3ry teraz wszyscy musimy sprz\u0105ta\u0107\u201d<\/a>. Odnosi\u0142a si\u0119 oczywi\u015bcie do dziwnych meandr\u00f3w Babi\u0161a zwi\u0105zanych z obostrzeniami i braku strategii rz\u0105du ws. pandemii.<\/p>\n\n\n\n<h2 class=\"wp-block-heading\">Aktualna sytuacja pandemiczna<\/h2>\n\n\n\n<p>Tymczasem w Pradze ju\u017c prawie przygotowano szpital polowy, kt\u00f3ry oficjalnie pos\u0142u\u017cy jako plac\u00f3wka zast\u0119pcza najwi\u0119kszego szpitala covidowego w czeskiej stolicy. Opr\u00f3cz tego <a href=\"https:\/\/www.money.pl\/gospodarka\/koronawirus-czechy-otrzymaja-dodatkowe-respiratory-od-komisji-europejskiej-6567400201435840a.html\" target=\"_blank\" rel=\"noreferrer noopener\">Komisja Europejska ma podarowa\u0107 Czechom 30 respirator\u00f3w<\/a>, co, wg zapowiedzi Ursuli von der Leyen, jest tylko pocz\u0105tkiem pomocy, jak\u0105 Republika ma otrzyma\u0107. <a href=\"https:\/\/www.euractiv.pl\/section\/grupa-wyszehradzka\/news\/koronawirus-czechy-zamykaja-sklepy-amerykanie-wezwani-na-ratunek\/\" target=\"_blank\" rel=\"noreferrer noopener\">Do pomocy ma tak\u017ce przylecie\u0107 28 medyk\u00f3w z ameryka\u0144skiej Gwardii Narodowej<\/a>. Wg wizji pana Prymuli czeska opieka zdrowotna w obecnej chwili jest wyczeprana w 80%, a szczyt jej mo\u017cliwo\u015bci przy takim tempie wzrostu zaka\u017conych nast\u0105pi mi\u0119dzy 8. a 11. listopada. Czy tak faktycznie si\u0119 stanie \u2013 nie wiadomo, na razie rz\u0105d walczy wszelkimi sposobami o wyp\u0142aszczenie krzywej. Jednak dla wszystkich czarnowidz\u00f3w chcia\u0142abym na koniec doda\u0107 jedn\u0105 pozytywn\u0105 informacj\u0119 \u2013 Czechy jako najprawdopodobniej jedyny kraj z regionu mo\u017ce pochwali\u0107 si\u0119 wysok\u0105 pozycj\u0105 \u00a0(13., mi\u0119dzy Niemcami a Szwajcari\u0105) <a href=\"https:\/\/de.wikipedia.org\/wiki\/Liste_der_L%C3%A4nder_nach_%C3%84rztedichte?fbclid=IwAR39SL4OswA2YrOkcgF-UMbjKCCSzciqpeQSj_Ytlgt-vcgMVfNeSc5WmBE\" target=\"_blank\" rel=\"noreferrer noopener\">w \u015bwiatowym rankingu liczby lekarzy na 1000 mieszka\u0144c\u00f3w<\/a> (konkretnie 4,31 medyk\u00f3w na 1000 obywateli). Polska w tym rankingu zajmuje miejsce 58., a na 1000 mieszka\u0144c\u00f3w przypada 2,4 lekarza.<\/p>\n\n\n\n<h2 class=\"wp-block-heading\">Gdzie sprawdza\u0107?<\/h2>\n\n\n\n<p>Je\u015bli interesuje Was bie\u017c\u0105ca sytuacja w Czechach, bardzo polecam Wam zagl\u0105da\u0107 do innej polsko-czeskiej blogerki, Eweliny z Bardzo Fantastycznej Pragi. Opr\u00f3cz \u015bwietnych materia\u0142\u00f3w o czeskiej stolicy znajdziecie tam te\u017c <a href=\"https:\/\/www.facebook.com\/BardzoFantastycznaPraga\" target=\"_blank\" rel=\"noreferrer noopener\">bie\u017c\u0105ce aktualizacje o koronawirusowej sytuacji<\/a>. Co dla Polak\u00f3w wa\u017cne, na ten moment Polska pozostaje jednym z niewielu kraj\u00f3w, kt\u00f3rej granice z Czechami pozostaj\u0105 otwarte. Nie mo\u017cna co prawda do Czech je\u017adzi\u0107 turystycznie, ale s\u0142u\u017cbowo, do lekarza lub do rodziny ju\u017c tak. <a href=\"https:\/\/www.novinky.cz\/koronavirus\/clanek\/jak-koronavirus-pro-cechy-zmenil-rezim-na-hranicich-evropskych-statu-40325031\" target=\"_blank\" rel=\"noreferrer noopener\">Tutaj znajdziecie fajn\u0105 map\u0119 z aktualnymi danymi<\/a>.<\/p>\n\n\n\n<p>Na koniec nie pozostaje mi nic innego, jak \u017cyczy\u0107 Wam du\u017co, du\u017co zdrowia. Trzymajcie si\u0119 ciep\u0142o! :*<\/p>\n\n\n\n<p>Marta<\/p>\n\n\n\n<p>PS Obiecuj\u0119, \u017ce w przysz\u0142ym tygodniu post b\u0119dzie na jaki\u015b przyjemniejszy temat!<\/p>\n\n\n\n<p>PS2 A gdyby\u015bcie mieli ochot\u0119 si\u0119 troch\u0119 po\u015bmia\u0107, <a href=\"https:\/\/www.google.com\/search?q=prymula+mem&amp;sxsrf=ALeKk00XxC2UTfb3c-Z5Mzp8YznHCjZdpw:1603475761989&amp;source=lnms&amp;tbm=isch&amp;sa=X&amp;ved=2ahUKEwiB2MvZpMvsAhUuxoUKHdFOAwUQ_AUoAXoECAUQAw&amp;biw=1707&amp;bih=803&amp;dpr=1.13#imgrc=5rng8DY77xfeZM\" target=\"_blank\" rel=\"noreferrer noopener\">poogl\u0105dajcie sobie czeskie memy<\/a>. Prawie tak dobre, jak czeski film.<\/p>\n","protected":false},"excerpt":{"rendered":"<p>Nadszed\u0142 pi\u0105tek, a jak pi\u0105tek, to siadam do pisania. I dzisiaj mam troch\u0119 do napisania. Troch\u0119 si\u0119 bowiem zadzia\u0142o od mojego wyjazdu na nie-wakacje do Polski i czas nadrobi\u0107 zaleg\u0142o\u015bci. Ten post b\u0119dzie o tym, co si\u0119 obecnie w Czechach wyprawia, przede wszystkim w kontek\u015bcie pandemii, wi\u0119c je\u015bli czujecie, \u017ce tego tematu ju\u017c macie do\u015b\u0107&hellip; <a class=\"more-link\" href=\"https:\/\/czerwonawalizka.com\/index.php\/2020\/10\/23\/pandemia-w-czechach\/\">Read More <span class=\"screen-reader-text\">Pandemia w Czechach<\/span><\/a><\/p>\n","protected":false},"author":2,"featured_media":3156,"comment_status":"open","ping_status":"open","sticky":false,"template":"","format":"standard","meta":{"jetpack_post_was_ever_published":false,"_jetpack_newsletter_access":"","_jetpack_dont_email_post_to_subs":false,"_jetpack_newsletter_tier_id":0,"_jetpack_memberships_contains_paywalled_content":false,"_jetpack_memberships_contains_paid_content":false,"footnotes":"","jetpack_publicize_message":"","jetpack_publicize_feature_enabled":true,"jetpack_social_post_already_shared":true,"jetpack_social_options":{"image_generator_settings":{"template":"highway","default_image_id":0,"font":"","enabled":false},"version":2}},"categories":[718],"tags":[269,533,578],"class_list":["post-3153","post","type-post","status-publish","format-standard","has-post-thumbnail","hentry","category-gospodarka-i-polityka","tag-czeska-polityka","tag-koronawirus","tag-pandemia"],"yoast_head":"<!-- This site is optimized with the Yoast SEO plugin v27.0 - https:\/\/yoast.com\/product\/yoast-seo-wordpress\/ -->\n<title>Pandemia w Czechach - Dziewczyna z czerwon\u0105 walizk\u0105<\/title>\n<meta name=\"description\" content=\"Pandemia w Czechach - jak wygl\u0105da sytuacja? Czy faktycznie jest tak \u017ale? Jakie obostrzenia obowi\u0105zuj\u0105? Tutaj si\u0119 dowiesz!\" \/>\n<meta name=\"robots\" content=\"index, follow, max-snippet:-1, max-image-preview:large, max-video-preview:-1\" \/>\n<link rel=\"canonical\" href=\"https:\/\/czerwonawalizka.com\/index.php\/2020\/10\/23\/pandemia-w-czechach\/\" \/>\n<meta property=\"og:locale\" content=\"pl_PL\" \/>\n<meta property=\"og:type\" content=\"article\" \/>\n<meta property=\"og:title\" content=\"Pandemia w Czechach - Dziewczyna z czerwon\u0105 walizk\u0105\" \/>\n<meta property=\"og:description\" content=\"Pandemia w Czechach - jak wygl\u0105da sytuacja? Czy faktycznie jest tak \u017ale? Jakie obostrzenia obowi\u0105zuj\u0105? Tutaj si\u0119 dowiesz!\" \/>\n<meta property=\"og:url\" content=\"https:\/\/czerwonawalizka.com\/index.php\/2020\/10\/23\/pandemia-w-czechach\/\" \/>\n<meta property=\"og:site_name\" content=\"Dziewczyna z czerwon\u0105 walizk\u0105\" \/>\n<meta property=\"article:published_time\" content=\"2020-10-23T18:44:28+00:00\" \/>\n<meta property=\"article:modified_time\" content=\"2024-11-15T22:09:12+00:00\" \/>\n<meta property=\"og:image\" content=\"https:\/\/czerwonawalizka.com\/wp-content\/uploads\/2020\/10\/czeska-pandemia.jpg\" \/>\n\t<meta property=\"og:image:width\" content=\"1148\" \/>\n\t<meta property=\"og:image:height\" content=\"644\" \/>\n\t<meta property=\"og:image:type\" content=\"image\/jpeg\" \/>\n<meta name=\"author\" content=\"Marta\" \/>\n<meta name=\"twitter:card\" content=\"summary_large_image\" \/>\n<meta name=\"twitter:label1\" content=\"Napisane przez\" \/>\n\t<meta name=\"twitter:data1\" content=\"Marta\" \/>\n\t<meta name=\"twitter:label2\" content=\"Szacowany czas czytania\" \/>\n\t<meta name=\"twitter:data2\" content=\"7 minut\" \/>\n<script type=\"application\/ld+json\" class=\"yoast-schema-graph\">{\"@context\":\"https:\/\/schema.org\",\"@graph\":[{\"@type\":\"Article\",\"@id\":\"https:\/\/czerwonawalizka.com\/index.php\/2020\/10\/23\/pandemia-w-czechach\/#article\",\"isPartOf\":{\"@id\":\"https:\/\/czerwonawalizka.com\/index.php\/2020\/10\/23\/pandemia-w-czechach\/\"},\"author\":{\"name\":\"Marta\",\"@id\":\"https:\/\/czerwonawalizka.com\/#\/schema\/person\/ca9ae0ae7fc0f714249aaa234df8f5cc\"},\"headline\":\"Pandemia w Czechach\",\"datePublished\":\"2020-10-23T18:44:28+00:00\",\"dateModified\":\"2024-11-15T22:09:12+00:00\",\"mainEntityOfPage\":{\"@id\":\"https:\/\/czerwonawalizka.com\/index.php\/2020\/10\/23\/pandemia-w-czechach\/\"},\"wordCount\":1388,\"commentCount\":8,\"publisher\":{\"@id\":\"https:\/\/czerwonawalizka.com\/#\/schema\/person\/ca9ae0ae7fc0f714249aaa234df8f5cc\"},\"image\":{\"@id\":\"https:\/\/czerwonawalizka.com\/index.php\/2020\/10\/23\/pandemia-w-czechach\/#primaryimage\"},\"thumbnailUrl\":\"https:\/\/czerwonawalizka.com\/wp-content\/uploads\/2020\/10\/czeska-pandemia.jpg\",\"keywords\":[\"czeska polityka\",\"koronawirus\",\"pandemia\"],\"articleSection\":[\"Gospodarka i polityka\"],\"inLanguage\":\"pl-PL\",\"potentialAction\":[{\"@type\":\"CommentAction\",\"name\":\"Comment\",\"target\":[\"https:\/\/czerwonawalizka.com\/index.php\/2020\/10\/23\/pandemia-w-czechach\/#respond\"]}]},{\"@type\":\"WebPage\",\"@id\":\"https:\/\/czerwonawalizka.com\/index.php\/2020\/10\/23\/pandemia-w-czechach\/\",\"url\":\"https:\/\/czerwonawalizka.com\/index.php\/2020\/10\/23\/pandemia-w-czechach\/\",\"name\":\"Pandemia w Czechach - Dziewczyna z czerwon\u0105 walizk\u0105\",\"isPartOf\":{\"@id\":\"https:\/\/czerwonawalizka.com\/#website\"},\"primaryImageOfPage\":{\"@id\":\"https:\/\/czerwonawalizka.com\/index.php\/2020\/10\/23\/pandemia-w-czechach\/#primaryimage\"},\"image\":{\"@id\":\"https:\/\/czerwonawalizka.com\/index.php\/2020\/10\/23\/pandemia-w-czechach\/#primaryimage\"},\"thumbnailUrl\":\"https:\/\/czerwonawalizka.com\/wp-content\/uploads\/2020\/10\/czeska-pandemia.jpg\",\"datePublished\":\"2020-10-23T18:44:28+00:00\",\"dateModified\":\"2024-11-15T22:09:12+00:00\",\"description\":\"Pandemia w Czechach - jak wygl\u0105da sytuacja? Czy faktycznie jest tak \u017ale? Jakie obostrzenia obowi\u0105zuj\u0105? Tutaj si\u0119 dowiesz!\",\"breadcrumb\":{\"@id\":\"https:\/\/czerwonawalizka.com\/index.php\/2020\/10\/23\/pandemia-w-czechach\/#breadcrumb\"},\"inLanguage\":\"pl-PL\",\"potentialAction\":[{\"@type\":\"ReadAction\",\"target\":[\"https:\/\/czerwonawalizka.com\/index.php\/2020\/10\/23\/pandemia-w-czechach\/\"]}]},{\"@type\":\"ImageObject\",\"inLanguage\":\"pl-PL\",\"@id\":\"https:\/\/czerwonawalizka.com\/index.php\/2020\/10\/23\/pandemia-w-czechach\/#primaryimage\",\"url\":\"https:\/\/czerwonawalizka.com\/wp-content\/uploads\/2020\/10\/czeska-pandemia.jpg\",\"contentUrl\":\"https:\/\/czerwonawalizka.com\/wp-content\/uploads\/2020\/10\/czeska-pandemia.jpg\",\"width\":1148,\"height\":644,\"caption\":\"pandemia w czechach\"},{\"@type\":\"BreadcrumbList\",\"@id\":\"https:\/\/czerwonawalizka.com\/index.php\/2020\/10\/23\/pandemia-w-czechach\/#breadcrumb\",\"itemListElement\":[{\"@type\":\"ListItem\",\"position\":1,\"name\":\"Home\",\"item\":\"https:\/\/czerwonawalizka.com\/\"},{\"@type\":\"ListItem\",\"position\":2,\"name\":\"Pandemia w Czechach\"}]},{\"@type\":\"WebSite\",\"@id\":\"https:\/\/czerwonawalizka.com\/#website\",\"url\":\"https:\/\/czerwonawalizka.com\/\",\"name\":\"Dziewczyna z czerwon\u0105 walizk\u0105\",\"description\":\"Blog patchworkowy\",\"publisher\":{\"@id\":\"https:\/\/czerwonawalizka.com\/#\/schema\/person\/ca9ae0ae7fc0f714249aaa234df8f5cc\"},\"potentialAction\":[{\"@type\":\"SearchAction\",\"target\":{\"@type\":\"EntryPoint\",\"urlTemplate\":\"https:\/\/czerwonawalizka.com\/?s={search_term_string}\"},\"query-input\":{\"@type\":\"PropertyValueSpecification\",\"valueRequired\":true,\"valueName\":\"search_term_string\"}}],\"inLanguage\":\"pl-PL\"},{\"@type\":[\"Person\",\"Organization\"],\"@id\":\"https:\/\/czerwonawalizka.com\/#\/schema\/person\/ca9ae0ae7fc0f714249aaa234df8f5cc\",\"name\":\"Marta\",\"image\":{\"@type\":\"ImageObject\",\"inLanguage\":\"pl-PL\",\"@id\":\"https:\/\/czerwonawalizka.com\/#\/schema\/person\/image\/\",\"url\":\"https:\/\/czerwonawalizka.com\/wp-content\/uploads\/2017\/06\/cropped-logo6-1.png\",\"contentUrl\":\"https:\/\/czerwonawalizka.com\/wp-content\/uploads\/2017\/06\/cropped-logo6-1.png\",\"width\":1108,\"height\":480,\"caption\":\"Marta\"},\"logo\":{\"@id\":\"https:\/\/czerwonawalizka.com\/#\/schema\/person\/image\/\"},\"sameAs\":[\"http:\/\/www.czerwonawalizka.com\"],\"url\":\"https:\/\/czerwonawalizka.com\/index.php\/author\/dziewczyna-z-czerwona-walizka\/\"}]}<\/script>\n<!-- \/ Yoast SEO plugin. -->","yoast_head_json":{"title":"Pandemia w Czechach - Dziewczyna z czerwon\u0105 walizk\u0105","description":"Pandemia w Czechach - jak wygl\u0105da sytuacja? Czy faktycznie jest tak \u017ale? Jakie obostrzenia obowi\u0105zuj\u0105? Tutaj si\u0119 dowiesz!","robots":{"index":"index","follow":"follow","max-snippet":"max-snippet:-1","max-image-preview":"max-image-preview:large","max-video-preview":"max-video-preview:-1"},"canonical":"https:\/\/czerwonawalizka.com\/index.php\/2020\/10\/23\/pandemia-w-czechach\/","og_locale":"pl_PL","og_type":"article","og_title":"Pandemia w Czechach - Dziewczyna z czerwon\u0105 walizk\u0105","og_description":"Pandemia w Czechach - jak wygl\u0105da sytuacja? Czy faktycznie jest tak \u017ale? Jakie obostrzenia obowi\u0105zuj\u0105? Tutaj si\u0119 dowiesz!","og_url":"https:\/\/czerwonawalizka.com\/index.php\/2020\/10\/23\/pandemia-w-czechach\/","og_site_name":"Dziewczyna z czerwon\u0105 walizk\u0105","article_published_time":"2020-10-23T18:44:28+00:00","article_modified_time":"2024-11-15T22:09:12+00:00","og_image":[{"width":1148,"height":644,"url":"https:\/\/czerwonawalizka.com\/wp-content\/uploads\/2020\/10\/czeska-pandemia.jpg","type":"image\/jpeg"}],"author":"Marta","twitter_card":"summary_large_image","twitter_misc":{"Napisane przez":"Marta","Szacowany czas czytania":"7 minut"},"schema":{"@context":"https:\/\/schema.org","@graph":[{"@type":"Article","@id":"https:\/\/czerwonawalizka.com\/index.php\/2020\/10\/23\/pandemia-w-czechach\/#article","isPartOf":{"@id":"https:\/\/czerwonawalizka.com\/index.php\/2020\/10\/23\/pandemia-w-czechach\/"},"author":{"name":"Marta","@id":"https:\/\/czerwonawalizka.com\/#\/schema\/person\/ca9ae0ae7fc0f714249aaa234df8f5cc"},"headline":"Pandemia w Czechach","datePublished":"2020-10-23T18:44:28+00:00","dateModified":"2024-11-15T22:09:12+00:00","mainEntityOfPage":{"@id":"https:\/\/czerwonawalizka.com\/index.php\/2020\/10\/23\/pandemia-w-czechach\/"},"wordCount":1388,"commentCount":8,"publisher":{"@id":"https:\/\/czerwonawalizka.com\/#\/schema\/person\/ca9ae0ae7fc0f714249aaa234df8f5cc"},"image":{"@id":"https:\/\/czerwonawalizka.com\/index.php\/2020\/10\/23\/pandemia-w-czechach\/#primaryimage"},"thumbnailUrl":"https:\/\/czerwonawalizka.com\/wp-content\/uploads\/2020\/10\/czeska-pandemia.jpg","keywords":["czeska polityka","koronawirus","pandemia"],"articleSection":["Gospodarka i polityka"],"inLanguage":"pl-PL","potentialAction":[{"@type":"CommentAction","name":"Comment","target":["https:\/\/czerwonawalizka.com\/index.php\/2020\/10\/23\/pandemia-w-czechach\/#respond"]}]},{"@type":"WebPage","@id":"https:\/\/czerwonawalizka.com\/index.php\/2020\/10\/23\/pandemia-w-czechach\/","url":"https:\/\/czerwonawalizka.com\/index.php\/2020\/10\/23\/pandemia-w-czechach\/","name":"Pandemia w Czechach - Dziewczyna z czerwon\u0105 walizk\u0105","isPartOf":{"@id":"https:\/\/czerwonawalizka.com\/#website"},"primaryImageOfPage":{"@id":"https:\/\/czerwonawalizka.com\/index.php\/2020\/10\/23\/pandemia-w-czechach\/#primaryimage"},"image":{"@id":"https:\/\/czerwonawalizka.com\/index.php\/2020\/10\/23\/pandemia-w-czechach\/#primaryimage"},"thumbnailUrl":"https:\/\/czerwonawalizka.com\/wp-content\/uploads\/2020\/10\/czeska-pandemia.jpg","datePublished":"2020-10-23T18:44:28+00:00","dateModified":"2024-11-15T22:09:12+00:00","description":"Pandemia w Czechach - jak wygl\u0105da sytuacja? Czy faktycznie jest tak \u017ale? Jakie obostrzenia obowi\u0105zuj\u0105? Tutaj si\u0119 dowiesz!","breadcrumb":{"@id":"https:\/\/czerwonawalizka.com\/index.php\/2020\/10\/23\/pandemia-w-czechach\/#breadcrumb"},"inLanguage":"pl-PL","potentialAction":[{"@type":"ReadAction","target":["https:\/\/czerwonawalizka.com\/index.php\/2020\/10\/23\/pandemia-w-czechach\/"]}]},{"@type":"ImageObject","inLanguage":"pl-PL","@id":"https:\/\/czerwonawalizka.com\/index.php\/2020\/10\/23\/pandemia-w-czechach\/#primaryimage","url":"https:\/\/czerwonawalizka.com\/wp-content\/uploads\/2020\/10\/czeska-pandemia.jpg","contentUrl":"https:\/\/czerwonawalizka.com\/wp-content\/uploads\/2020\/10\/czeska-pandemia.jpg","width":1148,"height":644,"caption":"pandemia w czechach"},{"@type":"BreadcrumbList","@id":"https:\/\/czerwonawalizka.com\/index.php\/2020\/10\/23\/pandemia-w-czechach\/#breadcrumb","itemListElement":[{"@type":"ListItem","position":1,"name":"Home","item":"https:\/\/czerwonawalizka.com\/"},{"@type":"ListItem","position":2,"name":"Pandemia w Czechach"}]},{"@type":"WebSite","@id":"https:\/\/czerwonawalizka.com\/#website","url":"https:\/\/czerwonawalizka.com\/","name":"Dziewczyna z czerwon\u0105 walizk\u0105","description":"Blog patchworkowy","publisher":{"@id":"https:\/\/czerwonawalizka.com\/#\/schema\/person\/ca9ae0ae7fc0f714249aaa234df8f5cc"},"potentialAction":[{"@type":"SearchAction","target":{"@type":"EntryPoint","urlTemplate":"https:\/\/czerwonawalizka.com\/?s={search_term_string}"},"query-input":{"@type":"PropertyValueSpecification","valueRequired":true,"valueName":"search_term_string"}}],"inLanguage":"pl-PL"},{"@type":["Person","Organization"],"@id":"https:\/\/czerwonawalizka.com\/#\/schema\/person\/ca9ae0ae7fc0f714249aaa234df8f5cc","name":"Marta","image":{"@type":"ImageObject","inLanguage":"pl-PL","@id":"https:\/\/czerwonawalizka.com\/#\/schema\/person\/image\/","url":"https:\/\/czerwonawalizka.com\/wp-content\/uploads\/2017\/06\/cropped-logo6-1.png","contentUrl":"https:\/\/czerwonawalizka.com\/wp-content\/uploads\/2017\/06\/cropped-logo6-1.png","width":1108,"height":480,"caption":"Marta"},"logo":{"@id":"https:\/\/czerwonawalizka.com\/#\/schema\/person\/image\/"},"sameAs":["http:\/\/www.czerwonawalizka.com"],"url":"https:\/\/czerwonawalizka.com\/index.php\/author\/dziewczyna-z-czerwona-walizka\/"}]}},"jetpack_publicize_connections":[],"jetpack_featured_media_url":"https:\/\/czerwonawalizka.com\/wp-content\/uploads\/2020\/10\/czeska-pandemia.jpg","jetpack_sharing_enabled":true,"jetpack_shortlink":"https:\/\/wp.me\/p8RvtB-OR","jetpack_likes_enabled":false,"_links":{"self":[{"href":"https:\/\/czerwonawalizka.com\/index.php\/wp-json\/wp\/v2\/posts\/3153","targetHints":{"allow":["GET"]}}],"collection":[{"href":"https:\/\/czerwonawalizka.com\/index.php\/wp-json\/wp\/v2\/posts"}],"about":[{"href":"https:\/\/czerwonawalizka.com\/index.php\/wp-json\/wp\/v2\/types\/post"}],"author":[{"embeddable":true,"href":"https:\/\/czerwonawalizka.com\/index.php\/wp-json\/wp\/v2\/users\/2"}],"replies":[{"embeddable":true,"href":"https:\/\/czerwonawalizka.com\/index.php\/wp-json\/wp\/v2\/comments?post=3153"}],"version-history":[{"count":8,"href":"https:\/\/czerwonawalizka.com\/index.php\/wp-json\/wp\/v2\/posts\/3153\/revisions"}],"predecessor-version":[{"id":3162,"href":"https:\/\/czerwonawalizka.com\/index.php\/wp-json\/wp\/v2\/posts\/3153\/revisions\/3162"}],"wp:featuredmedia":[{"embeddable":true,"href":"https:\/\/czerwonawalizka.com\/index.php\/wp-json\/wp\/v2\/media\/3156"}],"wp:attachment":[{"href":"https:\/\/czerwonawalizka.com\/index.php\/wp-json\/wp\/v2\/media?parent=3153"}],"wp:term":[{"taxonomy":"category","embeddable":true,"href":"https:\/\/czerwonawalizka.com\/index.php\/wp-json\/wp\/v2\/categories?post=3153"},{"taxonomy":"post_tag","embeddable":true,"href":"https:\/\/czerwonawalizka.com\/index.php\/wp-json\/wp\/v2\/tags?post=3153"}],"curies":[{"name":"wp","href":"https:\/\/api.w.org\/{rel}","templated":true}]}}