{"id":3076,"date":"2020-09-21T12:25:39","date_gmt":"2020-09-21T10:25:39","guid":{"rendered":"https:\/\/czerwonawalizka.com\/?p=3076"},"modified":"2020-11-09T20:40:40","modified_gmt":"2020-11-09T19:40:40","slug":"chorwacja-w-czasach-zarazy","status":"publish","type":"post","link":"https:\/\/czerwonawalizka.com\/index.php\/2020\/09\/21\/chorwacja-w-czasach-zarazy\/","title":{"rendered":"Chorwacja w czasach zarazy"},"content":{"rendered":"\n<p class=\"has-drop-cap\">Ach, nie mog\u0119 uwierzy\u0107, jak ten czas leci. Mamy po\u0142ow\u0119 wrze\u015bnia, a przy tym dopiero wczoraj budzili\u015bmy si\u0119 w \u015bwiecie, w kt\u00f3rym zaczyna\u0142a si\u0119 najdziwniejsza wiosna mojego \u017cycia, granice pozamykali, a my wszyscy z niepokojem oczekiwali\u015bmy, co b\u0119dzie si\u0119 dzia\u0107. Tymczasem oczekiwany koniec \u015bwiata nie nast\u0105pi\u0142, chocia\u017c wielu z nas chyba przypomnia\u0142o sobie, \u017ce nie jeste\u015bmy nie\u015bmiertelni. Do\u015bwiadczenie to by\u0142o o tyle trudne, \u017ce niemal z dnia na dzie\u0144 znalaz\u0142am si\u0119 nie po tej stronie granicy, co moja rodzina, a niemal efemeryczna linia na mapie, kt\u00f3ra do tej pory co prawda istnia\u0142a, ale bardziej wirtualnie, ni\u017c faktycznie, sta\u0142a si\u0119 fizycznym murem oddzielaj\u0105cym mnie od bliskich.<\/p>\n\n\n\n<figure class=\"wp-block-image size-large\"><img loading=\"lazy\" decoding=\"async\" width=\"810\" height=\"450\" src=\"https:\/\/czerwonawalizka.com\/wp-content\/uploads\/2020\/09\/11.png\" alt=\"\" class=\"wp-image-3080\" srcset=\"https:\/\/czerwonawalizka.com\/wp-content\/uploads\/2020\/09\/11.png 810w, https:\/\/czerwonawalizka.com\/wp-content\/uploads\/2020\/09\/11-600x333.png 600w, https:\/\/czerwonawalizka.com\/wp-content\/uploads\/2020\/09\/11-300x167.png 300w, https:\/\/czerwonawalizka.com\/wp-content\/uploads\/2020\/09\/11-768x427.png 768w, https:\/\/czerwonawalizka.com\/wp-content\/uploads\/2020\/09\/11-540x300.png 540w, https:\/\/czerwonawalizka.com\/wp-content\/uploads\/2020\/09\/11-400x222.png 400w\" sizes=\"auto, (max-width: 810px) 100vw, 810px\" \/><\/figure>\n\n\n\n<p>Strasznie t\u0119skni\u0142am. Bo to jest tak, \u017ce jak cz\u0142owiek \u017cyje swoim \u017cyciem z dnia na dzie\u0144, a jednocze\u015bnie ma w g\u0142owie, \u017ce w dowolnym momencie mo\u017ce wsi\u0105\u015b\u0107 w auto i ruszy\u0107 do domu, nie my\u015bli o tej odleg\u0142o\u015bci. Ale kiedy ta mo\u017cliwo\u015b\u0107 nagle znika, natr\u0119tne my\u015bli, nieprzyjemne my\u015bli, k\u0105saj\u0105ce my\u015bli pe\u0142ne t\u0119sknoty i wspomnie\u0144 powracaj\u0105 z uporem maniaka i ci\u0119\u017cko jest si\u0119 wyzwoli\u0107 spod ich jarzma, szczeg\u00f3lnie, gdy z domu nie wolno wychodzi\u0107, o ile nie udaje si\u0119 do lekarza, pracy lub sklepu. Ta nowa rzeczywisto\u015b\u0107 zosta\u0142a z nami na du\u017co d\u0142u\u017cej ni\u017c sobie na pocz\u0105tku wyobra\u017cali\u015bmy i ca\u0142kiem mocno zamiesza\u0142a w naszym \u017cyciu.<\/p>\n\n\n\n<figure class=\"wp-block-image size-large\"><img loading=\"lazy\" decoding=\"async\" width=\"810\" height=\"450\" src=\"https:\/\/czerwonawalizka.com\/wp-content\/uploads\/2020\/09\/14.png\" alt=\"\" class=\"wp-image-3081\" srcset=\"https:\/\/czerwonawalizka.com\/wp-content\/uploads\/2020\/09\/14.png 810w, https:\/\/czerwonawalizka.com\/wp-content\/uploads\/2020\/09\/14-600x333.png 600w, https:\/\/czerwonawalizka.com\/wp-content\/uploads\/2020\/09\/14-300x167.png 300w, https:\/\/czerwonawalizka.com\/wp-content\/uploads\/2020\/09\/14-768x427.png 768w, https:\/\/czerwonawalizka.com\/wp-content\/uploads\/2020\/09\/14-540x300.png 540w, https:\/\/czerwonawalizka.com\/wp-content\/uploads\/2020\/09\/14-400x222.png 400w\" sizes=\"auto, (max-width: 810px) 100vw, 810px\" \/><\/figure>\n\n\n\n<p>A potem nasta\u0142o lato, wirus jakby przycich\u0142, w Czechach wydawa\u0142o si\u0119, \u017ce niemal znikn\u0105\u0142 (dzienne przyrosty nowych zachorowa\u0144 utrzymywa\u0142y si\u0119 w okolicach 30, a nie 3000, jak w zesz\u0142ym tygodniu), wr\u00f3ci\u0142am po d\u0142ugim czasie do domu i nie wiedzie\u0107 kiedy \u2013 lato min\u0119\u0142o. Wr\u00f3ci\u0142am w stare k\u0105ty, uda\u0142o si\u0119 jeszcze raz zobaczy\u0107 bliskich, wr\u00f3ci\u0107 w miejsca, w kt\u00f3rych si\u0119 wychowywa\u0142am, jeszcze raz popatrze\u0107 na zach\u00f3d s\u0142o\u0144ca nad jednym z wielkopolskich jezior, pos\u0142ucha\u0107 szumu sosen na dzia\u0142ce i wieczornych cykad \u015bwierszczy. Przypomnie\u0107 sobie wszystkie te dobre chwile, kt\u00f3re prze\u017cyli\u015bmy.<\/p>\n\n\n\n<figure class=\"wp-block-image size-large\"><img loading=\"lazy\" decoding=\"async\" width=\"810\" height=\"450\" src=\"https:\/\/czerwonawalizka.com\/wp-content\/uploads\/2020\/09\/17.png\" alt=\"\" class=\"wp-image-3082\" srcset=\"https:\/\/czerwonawalizka.com\/wp-content\/uploads\/2020\/09\/17.png 810w, https:\/\/czerwonawalizka.com\/wp-content\/uploads\/2020\/09\/17-600x333.png 600w, https:\/\/czerwonawalizka.com\/wp-content\/uploads\/2020\/09\/17-300x167.png 300w, https:\/\/czerwonawalizka.com\/wp-content\/uploads\/2020\/09\/17-768x427.png 768w, https:\/\/czerwonawalizka.com\/wp-content\/uploads\/2020\/09\/17-540x300.png 540w, https:\/\/czerwonawalizka.com\/wp-content\/uploads\/2020\/09\/17-400x222.png 400w\" sizes=\"auto, (max-width: 810px) 100vw, 810px\" \/><\/figure>\n\n\n\n<p>A potem, w ko\u0144cu, po wielu wahaniach i pertrurbacjach, ruszyli\u015bmy w tras\u0119. Plany si\u0119 oczywi\u015bcie zmieni\u0142y, bo pocz\u0105tkowo w planach na to lato by\u0142a Czarnog\u00f3ra pod namiotem, tymczasem koniec ko\u0144c\u00f3w wyl\u0105dowali\u015bmy w Chorwacji, a konkretniej \u2013 na Istrii. I je\u015bli zapytacie mnie, czy to ja by\u0142am pomys\u0142odawczyni\u0105 tego miejsca, to powiem, \u017ce nie, bo, szczerze m\u00f3wi\u0105c, do tej pory za Chorwacj\u0105 nie przepada\u0142am. Wydawa\u0142a mi si\u0119: a. droga, b. gor\u0105ca, c. przepe\u0142niona i z \u017caden z tych trzech powod\u00f3w nie zach\u0119ca\u0142 mnie, aby tam rusza\u0107 w lecie, zw\u0142aszcza w momencie drugiej fali koronawirusa. Do tego los jakby chcia\u0142 nas zatrzyma\u0107 \u2013 tu\u017c przed wyjazdem dwa razy odwiedzali\u015bmy SOR, jeszcze w Czechach, bo po\u0142owa naszej ekipy potrzebowa\u0142 szybkiej pomocy lekarskiej. Ale w ko\u0144cu, z p\u00f3\u0142dziennym op\u00f3\u017anieniem, ruszyli\u015bmy w drog\u0119.<\/p>\n\n\n\n<figure class=\"wp-block-image size-large\"><img loading=\"lazy\" decoding=\"async\" width=\"810\" height=\"450\" src=\"https:\/\/czerwonawalizka.com\/wp-content\/uploads\/2020\/09\/20.png\" alt=\"\" class=\"wp-image-3083\" srcset=\"https:\/\/czerwonawalizka.com\/wp-content\/uploads\/2020\/09\/20.png 810w, https:\/\/czerwonawalizka.com\/wp-content\/uploads\/2020\/09\/20-600x333.png 600w, https:\/\/czerwonawalizka.com\/wp-content\/uploads\/2020\/09\/20-300x167.png 300w, https:\/\/czerwonawalizka.com\/wp-content\/uploads\/2020\/09\/20-768x427.png 768w, https:\/\/czerwonawalizka.com\/wp-content\/uploads\/2020\/09\/20-540x300.png 540w, https:\/\/czerwonawalizka.com\/wp-content\/uploads\/2020\/09\/20-400x222.png 400w\" sizes=\"auto, (max-width: 810px) 100vw, 810px\" \/><\/figure>\n\n\n\n<p>Chorwacja mnie zaskoczy\u0142a. To nie by\u0142 m\u00f3j pierwszy pobyt, jak wspomina\u0142am przed chwil\u0105; kilka lat temu sp\u0119dzili\u015bmy z Lubym tydzie\u0144 na Makarskiej, kilka lat p\u00f3\u017aniej odwiedzili\u015bmy Zagreb i Plitwickie Jeziora, jeszcze innym razem, przejazdem, sp\u0119dzili\u015bmy przeuroczy wiecz\u00f3r na chorwackim wybrze\u017cu. Chorwacja kojarzy\u0142a mi si\u0119 z niezno\u015bnym gor\u0105cem, przed kt\u00f3rym nie ma dok\u0105d uciec, s\u0142on\u0105 wod\u0105 i pustyni\u0105. Podobnie jak w Hiszpanii, ze zdziwieniem odkry\u0142am, \u017ce jestem dziewczyn\u0105 z p\u00f3\u0142nocy i tak zwyczajnie i po prostu brakuje mi zieleni. Je\u015bli doda\u0107 do tego dzikie t\u0142umy, kt\u00f3ry przyjecha\u0142y tylko si\u0119 zabawi\u0107 \u2013 mo\u017cecie sobie wyobrazi\u0107 moj\u0105 reakcj\u0119.<\/p>\n\n\n\n<figure class=\"wp-block-image size-large\"><img loading=\"lazy\" decoding=\"async\" width=\"810\" height=\"450\" src=\"https:\/\/czerwonawalizka.com\/wp-content\/uploads\/2020\/09\/9.png\" alt=\"\" class=\"wp-image-3084\" srcset=\"https:\/\/czerwonawalizka.com\/wp-content\/uploads\/2020\/09\/9.png 810w, https:\/\/czerwonawalizka.com\/wp-content\/uploads\/2020\/09\/9-600x333.png 600w, https:\/\/czerwonawalizka.com\/wp-content\/uploads\/2020\/09\/9-300x167.png 300w, https:\/\/czerwonawalizka.com\/wp-content\/uploads\/2020\/09\/9-768x427.png 768w, https:\/\/czerwonawalizka.com\/wp-content\/uploads\/2020\/09\/9-540x300.png 540w, https:\/\/czerwonawalizka.com\/wp-content\/uploads\/2020\/09\/9-400x222.png 400w\" sizes=\"auto, (max-width: 810px) 100vw, 810px\" \/><\/figure>\n\n\n\n<p>Tymczasem ta Chorwacja by\u0142a inna. Jechali\u015bmy przez S\u0142owacj\u0119 i W\u0119gry, i chyba ju\u017c w momencie, gdy rozpostar\u0142y si\u0119 przed nami setki kilometr\u00f3w Niziny W\u0119gierskiej, a potem na horyzoncie zacz\u0119\u0142y si\u0119 pojawia\u0107 coraz wy\u017csze pag\u00f3rki, a wreszcie \u2013 g\u00f3ry, dotar\u0142o do mnie, \u017ce zbli\u017camy si\u0119 do morza. Kiedy nast\u0119pnego dnia, po d\u0142ugiej podr\u00f3\u017cy, w ko\u0144cu dotarli\u015bmy na pla\u017c\u0119, a moje nogi obmy\u0142y s\u0142one fale Morza \u015ar\u00f3dziemnego, poczu\u0142am, \u017ce warto by\u0142o.<\/p>\n\n\n\n<figure class=\"wp-block-image size-large\"><img loading=\"lazy\" decoding=\"async\" width=\"810\" height=\"450\" src=\"https:\/\/czerwonawalizka.com\/wp-content\/uploads\/2020\/09\/4.png\" alt=\"\" class=\"wp-image-3085\" srcset=\"https:\/\/czerwonawalizka.com\/wp-content\/uploads\/2020\/09\/4.png 810w, https:\/\/czerwonawalizka.com\/wp-content\/uploads\/2020\/09\/4-600x333.png 600w, https:\/\/czerwonawalizka.com\/wp-content\/uploads\/2020\/09\/4-300x167.png 300w, https:\/\/czerwonawalizka.com\/wp-content\/uploads\/2020\/09\/4-768x427.png 768w, https:\/\/czerwonawalizka.com\/wp-content\/uploads\/2020\/09\/4-540x300.png 540w, https:\/\/czerwonawalizka.com\/wp-content\/uploads\/2020\/09\/4-400x222.png 400w\" sizes=\"auto, (max-width: 810px) 100vw, 810px\" \/><\/figure>\n\n\n\n<p>To, \u017ce by\u0142o warto, potwierdzi\u0142o si\u0119 zreszt\u0105 ju\u017c wkr\u00f3tce. Na nasz tygodniowy pobyt wybrali\u015bmy Istri\u0119 \u2013 p\u00f3\u0142wysep nad p\u00f3\u0142nocn\u0105 cz\u0119\u015bci\u0105 Morza \u015ar\u00f3dziemnego, kt\u00f3ry w przyt\u0142aczaj\u0105cej wi\u0119kszo\u015bci znajduje si\u0119 w\u0142a\u015bnie w Chorwacji. Istria okaza\u0142a si\u0119 na tyle zaskakuj\u0105ca, \u017ce \u0142\u0105czy\u0142a w sobie zar\u00f3wno pierwiastek s\u0142owia\u0144ski, jak i \u015br\u00f3dziemnomorski, a j\u0119zyk chorwacki miesza\u0142 si\u0119 z wsz\u0119dobylskim w\u0142oskim. Opr\u00f3cz kuchni stricte ba\u0142ka\u0144skiej kosztowali\u015bmy te\u017c owoc\u00f3w morza i w\u0142oskich s\u0142odko\u015bci. W\u0105skie uliczki niewielkich \u015bredniowiecznych miasteczek czarowa\u0142y i zach\u0119ca\u0142y do spacer\u00f3w mimo panuj\u0105cego upa\u0142u. Podobnie zreszt\u0105 w swe progi zapraszali wszyscy tubylcy, w\u0142a\u015bciciele sklepik\u00f3w, kawiarni i restauracji, kt\u00f3rzy przygotowani byli na o wiele wi\u0119ksze t\u0142umy, a kt\u00f3rych lokale sta\u0142y puste.<\/p>\n\n\n\n<figure class=\"wp-block-image size-large\"><img loading=\"lazy\" decoding=\"async\" width=\"810\" height=\"450\" src=\"https:\/\/czerwonawalizka.com\/wp-content\/uploads\/2020\/09\/3.png\" alt=\"\" class=\"wp-image-3086\" srcset=\"https:\/\/czerwonawalizka.com\/wp-content\/uploads\/2020\/09\/3.png 810w, https:\/\/czerwonawalizka.com\/wp-content\/uploads\/2020\/09\/3-600x333.png 600w, https:\/\/czerwonawalizka.com\/wp-content\/uploads\/2020\/09\/3-300x167.png 300w, https:\/\/czerwonawalizka.com\/wp-content\/uploads\/2020\/09\/3-768x427.png 768w, https:\/\/czerwonawalizka.com\/wp-content\/uploads\/2020\/09\/3-540x300.png 540w, https:\/\/czerwonawalizka.com\/wp-content\/uploads\/2020\/09\/3-400x222.png 400w\" sizes=\"auto, (max-width: 810px) 100vw, 810px\" \/><\/figure>\n\n\n\n<p>Sielskie widoki zielonych wzg\u00f3rz i g\u00f3r, na kt\u00f3rych hodowano winoro\u015bl\u0105, przywo\u0142ywa\u0142y spok\u00f3j na duszy. Sp\u0119dzili\u015bmy kilka przemi\u0142ych, cho\u0107 upalnych dni, zwiedzaj\u0105c \u015bredniowieczne miasteczka, s\u0142yn\u0105ce z upraw winogron, drzewek oliwnych i\u2026 trufli. Kt\u00f3rego\u015b dnia los zaprowadzi\u0142 nas pod drzwi pewnego winiarza, kt\u00f3ry widz\u0105c turyst\u00f3w, zaprosi\u0142 nas do \u015brodka, posadzi\u0142 przy jednym z wielu ci\u0119\u017ckich, drewnianych sto\u0142\u00f3w i zacz\u0105\u0142 opowiada\u0107 o swojej firmie, rodzinie, a koniec ko\u0144c\u00f3w tak\u017ce i o Chorwacji.<\/p>\n\n\n\n<figure class=\"wp-block-image size-large\"><img loading=\"lazy\" decoding=\"async\" width=\"810\" height=\"450\" src=\"https:\/\/czerwonawalizka.com\/wp-content\/uploads\/2020\/09\/10.png\" alt=\"\" class=\"wp-image-3088\" srcset=\"https:\/\/czerwonawalizka.com\/wp-content\/uploads\/2020\/09\/10.png 810w, https:\/\/czerwonawalizka.com\/wp-content\/uploads\/2020\/09\/10-600x333.png 600w, https:\/\/czerwonawalizka.com\/wp-content\/uploads\/2020\/09\/10-300x167.png 300w, https:\/\/czerwonawalizka.com\/wp-content\/uploads\/2020\/09\/10-768x427.png 768w, https:\/\/czerwonawalizka.com\/wp-content\/uploads\/2020\/09\/10-540x300.png 540w, https:\/\/czerwonawalizka.com\/wp-content\/uploads\/2020\/09\/10-400x222.png 400w\" sizes=\"auto, (max-width: 810px) 100vw, 810px\" \/><\/figure>\n\n\n\n<p>Chorwacja w opowie\u015bci lokalnego winiarza to kraj, kt\u00f3ry rozwin\u0105\u0142 si\u0119 w ci\u0105gu kilkunastu lat w ogromnym stopniu. Tu\u017c po wojnie kraj by\u0142 w ruinie, a ceny \u015bmiesznie niskie; bogatsze nacje przyje\u017cd\u017ca\u0142y tu i za bezcen sp\u0119dza\u0142y luksusowe wakacje. Dzi\u015b jest zupe\u0142nie inaczej. Wcze\u015bniej ludzie wyje\u017cd\u017cali i wywozili za granic\u0119, cho\u0107by do W\u0142och, lokalne produkty, kt\u00f3re sprzedawali za euro. Dzi\u015b we W\u0142oszech bywa taniej ni\u017c w Chorwacji.<\/p>\n\n\n\n<figure class=\"wp-block-image size-large\"><img loading=\"lazy\" decoding=\"async\" width=\"810\" height=\"450\" src=\"https:\/\/czerwonawalizka.com\/wp-content\/uploads\/2020\/09\/15.png\" alt=\"\" class=\"wp-image-3089\" srcset=\"https:\/\/czerwonawalizka.com\/wp-content\/uploads\/2020\/09\/15.png 810w, https:\/\/czerwonawalizka.com\/wp-content\/uploads\/2020\/09\/15-600x333.png 600w, https:\/\/czerwonawalizka.com\/wp-content\/uploads\/2020\/09\/15-300x167.png 300w, https:\/\/czerwonawalizka.com\/wp-content\/uploads\/2020\/09\/15-768x427.png 768w, https:\/\/czerwonawalizka.com\/wp-content\/uploads\/2020\/09\/15-540x300.png 540w, https:\/\/czerwonawalizka.com\/wp-content\/uploads\/2020\/09\/15-400x222.png 400w\" sizes=\"auto, (max-width: 810px) 100vw, 810px\" \/><\/figure>\n\n\n\n<p>Pytany o kryzys spowodowany koronawirusem, nasz gospodarz odpar\u0142, \u017ce nic tak naprawd\u0119 z\u0142ego si\u0119 nie dzieje, oczywi\u015bcie pod wzgl\u0119dem gospodarczym. Troch\u0119 z niedowierzaniem i wspominaj\u0105c niemal opustosza\u0142e miasteczka w okolicy, s\u0142ucha\u0142am jego s\u0142\u00f3w o tym, jak do tej pory osoby pracuj\u0105ce w turystyce zarabia\u0142y krocie, a okoliczne miasteczka zape\u0142nione by\u0142y nawet nie w 100%, ale 120%. Dzi\u015b, wzdycha\u0142 z ulg\u0105, jest lu\u017aniej, a ludzie, kt\u00f3rzy mieli g\u0142ow\u0119 na karku i nie wydawali wszystkiego od razu, prze\u017cyj\u0105 i odbij\u0105 sobie w trakcie kolejnego sezonu. Chorwacja jest bardzo zr\u00f3\u017cnicowana \u2013 doda\u0142 po chwili \u2013 ceny na wybrze\u017cu s\u0105 wywindowane, a kraj w centrum jest zupe\u0142nie innym miejscem ni\u017c nabrze\u017ce.<\/p>\n\n\n\n<figure class=\"wp-block-image size-large\"><img loading=\"lazy\" decoding=\"async\" width=\"810\" height=\"450\" src=\"https:\/\/czerwonawalizka.com\/wp-content\/uploads\/2020\/09\/6.png\" alt=\"\" class=\"wp-image-3090\" srcset=\"https:\/\/czerwonawalizka.com\/wp-content\/uploads\/2020\/09\/6.png 810w, https:\/\/czerwonawalizka.com\/wp-content\/uploads\/2020\/09\/6-600x333.png 600w, https:\/\/czerwonawalizka.com\/wp-content\/uploads\/2020\/09\/6-300x167.png 300w, https:\/\/czerwonawalizka.com\/wp-content\/uploads\/2020\/09\/6-768x427.png 768w, https:\/\/czerwonawalizka.com\/wp-content\/uploads\/2020\/09\/6-540x300.png 540w, https:\/\/czerwonawalizka.com\/wp-content\/uploads\/2020\/09\/6-400x222.png 400w\" sizes=\"auto, (max-width: 810px) 100vw, 810px\" \/><\/figure>\n\n\n\n<p>Nabrze\u017ce bowiem jednocze\u015bnie bardzo korzysta, jak i cierpi z powodu masowej turystyki. Turysta to zarobek, a wi\u0119c szansa na lepsze \u017cycie, ale jednocze\u015bnie jestem w stanie sobie wyobrazi\u0107, \u017ce nieustanne t\u0142umy przewalaj\u0105ce si\u0119 w sezonie przez niewielkie miasteczka mog\u0105 przyprawi\u0107 o b\u00f3l g\u0142owy. Niemniej odwiedziny w\u0142a\u015bnie teraz tak bardzo turystycznego miejsca wcale z\u0142ym pomys\u0142em nie by\u0142y \u2013 nie do\u015b\u0107, \u017ce ludzi ma\u0142o, spacerowa\u0107 mo\u017cna by\u0142o przyjemnie, to i przyczyni\u0107 si\u0119 mogli\u015bmy do jakiego\u015b zarobku dla tubylc\u00f3w.<\/p>\n\n\n\n<p>A co wy s\u0105dzicie o Chorwacji? Lubicie? Nie przera\u017caj\u0105 was t\u0142umy?<\/p>\n\n\n\n<p>Dajcie zna\u0107.<\/p>\n\n\n\n<p>M.<\/p>\n\n\n\n<p>Na zdj\u0119ciach widzicie uj\u0119cia z Istrii, g\u0142\u00f3wnie z \u015bredniowiecznych miasteczek.<\/p>\n","protected":false},"excerpt":{"rendered":"<p>Ach, nie mog\u0119 uwierzy\u0107, jak ten czas leci. Mamy po\u0142ow\u0119 wrze\u015bnia, a przy tym dopiero wczoraj budzili\u015bmy si\u0119 w \u015bwiecie, w kt\u00f3rym zaczyna\u0142a si\u0119 najdziwniejsza wiosna mojego \u017cycia, granice pozamykali, a my wszyscy z niepokojem oczekiwali\u015bmy, co b\u0119dzie si\u0119 dzia\u0107. Tymczasem oczekiwany koniec \u015bwiata nie nast\u0105pi\u0142, chocia\u017c wielu z nas chyba przypomnia\u0142o sobie, \u017ce nie&hellip; <a class=\"more-link\" href=\"https:\/\/czerwonawalizka.com\/index.php\/2020\/09\/21\/chorwacja-w-czasach-zarazy\/\">Read More <span class=\"screen-reader-text\">Chorwacja w czasach zarazy<\/span><\/a><\/p>\n","protected":false},"author":2,"featured_media":3079,"comment_status":"open","ping_status":"open","sticky":false,"template":"","format":"standard","meta":{"jetpack_post_was_ever_published":false,"_jetpack_newsletter_access":"","_jetpack_dont_email_post_to_subs":false,"_jetpack_newsletter_tier_id":0,"_jetpack_memberships_contains_paywalled_content":false,"_jetpack_memberships_contains_paid_content":false,"footnotes":"","jetpack_publicize_message":"","jetpack_publicize_feature_enabled":true,"jetpack_social_post_already_shared":true,"jetpack_social_options":{"image_generator_settings":{"template":"highway","default_image_id":0,"font":"","enabled":false},"version":2}},"categories":[389,388],"tags":[551,552,554],"class_list":["post-3076","post","type-post","status-publish","format-standard","has-post-thumbnail","hentry","category-po-europie","category-podroznicze","tag-chorwacja","tag-chorwacja-2020","tag-wakacje-2020"],"yoast_head":"<!-- This site is optimized with the Yoast SEO plugin v27.0 - https:\/\/yoast.com\/product\/yoast-seo-wordpress\/ -->\n<title>Chorwacja w czasach zarazy - Dziewczyna z czerwon\u0105 walizk\u0105<\/title>\n<meta name=\"description\" content=\"Relacja z pobytu w Chorwacji w czasach zarazy. W sierpniu 2020 r. udali\u015bmy na si\u0119 na Istri\u0119, chc\u0105c cho\u0107 troch\u0119 za\u017cy\u0107 urlopu w tym ci\u0119\u017ckim roku.\" \/>\n<meta name=\"robots\" content=\"index, follow, max-snippet:-1, max-image-preview:large, max-video-preview:-1\" \/>\n<link rel=\"canonical\" href=\"https:\/\/czerwonawalizka.com\/index.php\/2020\/09\/21\/chorwacja-w-czasach-zarazy\/\" \/>\n<meta property=\"og:locale\" content=\"pl_PL\" \/>\n<meta property=\"og:type\" content=\"article\" \/>\n<meta property=\"og:title\" content=\"Chorwacja w czasach zarazy - Dziewczyna z czerwon\u0105 walizk\u0105\" \/>\n<meta property=\"og:description\" content=\"Relacja z pobytu w Chorwacji w czasach zarazy. W sierpniu 2020 r. udali\u015bmy na si\u0119 na Istri\u0119, chc\u0105c cho\u0107 troch\u0119 za\u017cy\u0107 urlopu w tym ci\u0119\u017ckim roku.\" \/>\n<meta property=\"og:url\" content=\"https:\/\/czerwonawalizka.com\/index.php\/2020\/09\/21\/chorwacja-w-czasach-zarazy\/\" \/>\n<meta property=\"og:site_name\" content=\"Dziewczyna z czerwon\u0105 walizk\u0105\" \/>\n<meta property=\"article:published_time\" content=\"2020-09-21T10:25:39+00:00\" \/>\n<meta property=\"article:modified_time\" content=\"2020-11-09T19:40:40+00:00\" \/>\n<meta property=\"og:image\" content=\"https:\/\/czerwonawalizka.com\/wp-content\/uploads\/2020\/09\/wczasy.png\" \/>\n\t<meta property=\"og:image:width\" content=\"1050\" \/>\n\t<meta property=\"og:image:height\" content=\"591\" \/>\n\t<meta property=\"og:image:type\" content=\"image\/png\" \/>\n<meta name=\"author\" content=\"Marta\" \/>\n<meta name=\"twitter:card\" content=\"summary_large_image\" \/>\n<meta name=\"twitter:label1\" content=\"Napisane przez\" \/>\n\t<meta name=\"twitter:data1\" content=\"Marta\" \/>\n\t<meta name=\"twitter:label2\" content=\"Szacowany czas czytania\" \/>\n\t<meta name=\"twitter:data2\" content=\"6 minut\" \/>\n<script type=\"application\/ld+json\" class=\"yoast-schema-graph\">{\"@context\":\"https:\/\/schema.org\",\"@graph\":[{\"@type\":\"Article\",\"@id\":\"https:\/\/czerwonawalizka.com\/index.php\/2020\/09\/21\/chorwacja-w-czasach-zarazy\/#article\",\"isPartOf\":{\"@id\":\"https:\/\/czerwonawalizka.com\/index.php\/2020\/09\/21\/chorwacja-w-czasach-zarazy\/\"},\"author\":{\"name\":\"Marta\",\"@id\":\"https:\/\/czerwonawalizka.com\/#\/schema\/person\/ca9ae0ae7fc0f714249aaa234df8f5cc\"},\"headline\":\"Chorwacja w czasach zarazy\",\"datePublished\":\"2020-09-21T10:25:39+00:00\",\"dateModified\":\"2020-11-09T19:40:40+00:00\",\"mainEntityOfPage\":{\"@id\":\"https:\/\/czerwonawalizka.com\/index.php\/2020\/09\/21\/chorwacja-w-czasach-zarazy\/\"},\"wordCount\":1303,\"commentCount\":3,\"publisher\":{\"@id\":\"https:\/\/czerwonawalizka.com\/#\/schema\/person\/ca9ae0ae7fc0f714249aaa234df8f5cc\"},\"image\":{\"@id\":\"https:\/\/czerwonawalizka.com\/index.php\/2020\/09\/21\/chorwacja-w-czasach-zarazy\/#primaryimage\"},\"thumbnailUrl\":\"https:\/\/czerwonawalizka.com\/wp-content\/uploads\/2020\/09\/wczasy.png\",\"keywords\":[\"chorwacja\",\"chorwacja 2020\",\"wakacje 2020\"],\"articleSection\":[\"Po Europie\",\"Podr\u00f3\u017ce\"],\"inLanguage\":\"pl-PL\",\"potentialAction\":[{\"@type\":\"CommentAction\",\"name\":\"Comment\",\"target\":[\"https:\/\/czerwonawalizka.com\/index.php\/2020\/09\/21\/chorwacja-w-czasach-zarazy\/#respond\"]}]},{\"@type\":\"WebPage\",\"@id\":\"https:\/\/czerwonawalizka.com\/index.php\/2020\/09\/21\/chorwacja-w-czasach-zarazy\/\",\"url\":\"https:\/\/czerwonawalizka.com\/index.php\/2020\/09\/21\/chorwacja-w-czasach-zarazy\/\",\"name\":\"Chorwacja w czasach zarazy - Dziewczyna z czerwon\u0105 walizk\u0105\",\"isPartOf\":{\"@id\":\"https:\/\/czerwonawalizka.com\/#website\"},\"primaryImageOfPage\":{\"@id\":\"https:\/\/czerwonawalizka.com\/index.php\/2020\/09\/21\/chorwacja-w-czasach-zarazy\/#primaryimage\"},\"image\":{\"@id\":\"https:\/\/czerwonawalizka.com\/index.php\/2020\/09\/21\/chorwacja-w-czasach-zarazy\/#primaryimage\"},\"thumbnailUrl\":\"https:\/\/czerwonawalizka.com\/wp-content\/uploads\/2020\/09\/wczasy.png\",\"datePublished\":\"2020-09-21T10:25:39+00:00\",\"dateModified\":\"2020-11-09T19:40:40+00:00\",\"description\":\"Relacja z pobytu w Chorwacji w czasach zarazy. W sierpniu 2020 r. udali\u015bmy na si\u0119 na Istri\u0119, chc\u0105c cho\u0107 troch\u0119 za\u017cy\u0107 urlopu w tym ci\u0119\u017ckim roku.\",\"breadcrumb\":{\"@id\":\"https:\/\/czerwonawalizka.com\/index.php\/2020\/09\/21\/chorwacja-w-czasach-zarazy\/#breadcrumb\"},\"inLanguage\":\"pl-PL\",\"potentialAction\":[{\"@type\":\"ReadAction\",\"target\":[\"https:\/\/czerwonawalizka.com\/index.php\/2020\/09\/21\/chorwacja-w-czasach-zarazy\/\"]}]},{\"@type\":\"ImageObject\",\"inLanguage\":\"pl-PL\",\"@id\":\"https:\/\/czerwonawalizka.com\/index.php\/2020\/09\/21\/chorwacja-w-czasach-zarazy\/#primaryimage\",\"url\":\"https:\/\/czerwonawalizka.com\/wp-content\/uploads\/2020\/09\/wczasy.png\",\"contentUrl\":\"https:\/\/czerwonawalizka.com\/wp-content\/uploads\/2020\/09\/wczasy.png\",\"width\":1050,\"height\":591,\"caption\":\"urlop w Chorwacji\"},{\"@type\":\"BreadcrumbList\",\"@id\":\"https:\/\/czerwonawalizka.com\/index.php\/2020\/09\/21\/chorwacja-w-czasach-zarazy\/#breadcrumb\",\"itemListElement\":[{\"@type\":\"ListItem\",\"position\":1,\"name\":\"Home\",\"item\":\"https:\/\/czerwonawalizka.com\/\"},{\"@type\":\"ListItem\",\"position\":2,\"name\":\"Chorwacja w czasach zarazy\"}]},{\"@type\":\"WebSite\",\"@id\":\"https:\/\/czerwonawalizka.com\/#website\",\"url\":\"https:\/\/czerwonawalizka.com\/\",\"name\":\"Dziewczyna z czerwon\u0105 walizk\u0105\",\"description\":\"Blog patchworkowy\",\"publisher\":{\"@id\":\"https:\/\/czerwonawalizka.com\/#\/schema\/person\/ca9ae0ae7fc0f714249aaa234df8f5cc\"},\"potentialAction\":[{\"@type\":\"SearchAction\",\"target\":{\"@type\":\"EntryPoint\",\"urlTemplate\":\"https:\/\/czerwonawalizka.com\/?s={search_term_string}\"},\"query-input\":{\"@type\":\"PropertyValueSpecification\",\"valueRequired\":true,\"valueName\":\"search_term_string\"}}],\"inLanguage\":\"pl-PL\"},{\"@type\":[\"Person\",\"Organization\"],\"@id\":\"https:\/\/czerwonawalizka.com\/#\/schema\/person\/ca9ae0ae7fc0f714249aaa234df8f5cc\",\"name\":\"Marta\",\"image\":{\"@type\":\"ImageObject\",\"inLanguage\":\"pl-PL\",\"@id\":\"https:\/\/czerwonawalizka.com\/#\/schema\/person\/image\/\",\"url\":\"https:\/\/czerwonawalizka.com\/wp-content\/uploads\/2017\/06\/cropped-logo6-1.png\",\"contentUrl\":\"https:\/\/czerwonawalizka.com\/wp-content\/uploads\/2017\/06\/cropped-logo6-1.png\",\"width\":1108,\"height\":480,\"caption\":\"Marta\"},\"logo\":{\"@id\":\"https:\/\/czerwonawalizka.com\/#\/schema\/person\/image\/\"},\"sameAs\":[\"http:\/\/www.czerwonawalizka.com\"],\"url\":\"https:\/\/czerwonawalizka.com\/index.php\/author\/dziewczyna-z-czerwona-walizka\/\"}]}<\/script>\n<!-- \/ Yoast SEO plugin. -->","yoast_head_json":{"title":"Chorwacja w czasach zarazy - Dziewczyna z czerwon\u0105 walizk\u0105","description":"Relacja z pobytu w Chorwacji w czasach zarazy. W sierpniu 2020 r. udali\u015bmy na si\u0119 na Istri\u0119, chc\u0105c cho\u0107 troch\u0119 za\u017cy\u0107 urlopu w tym ci\u0119\u017ckim roku.","robots":{"index":"index","follow":"follow","max-snippet":"max-snippet:-1","max-image-preview":"max-image-preview:large","max-video-preview":"max-video-preview:-1"},"canonical":"https:\/\/czerwonawalizka.com\/index.php\/2020\/09\/21\/chorwacja-w-czasach-zarazy\/","og_locale":"pl_PL","og_type":"article","og_title":"Chorwacja w czasach zarazy - Dziewczyna z czerwon\u0105 walizk\u0105","og_description":"Relacja z pobytu w Chorwacji w czasach zarazy. W sierpniu 2020 r. udali\u015bmy na si\u0119 na Istri\u0119, chc\u0105c cho\u0107 troch\u0119 za\u017cy\u0107 urlopu w tym ci\u0119\u017ckim roku.","og_url":"https:\/\/czerwonawalizka.com\/index.php\/2020\/09\/21\/chorwacja-w-czasach-zarazy\/","og_site_name":"Dziewczyna z czerwon\u0105 walizk\u0105","article_published_time":"2020-09-21T10:25:39+00:00","article_modified_time":"2020-11-09T19:40:40+00:00","og_image":[{"width":1050,"height":591,"url":"https:\/\/czerwonawalizka.com\/wp-content\/uploads\/2020\/09\/wczasy.png","type":"image\/png"}],"author":"Marta","twitter_card":"summary_large_image","twitter_misc":{"Napisane przez":"Marta","Szacowany czas czytania":"6 minut"},"schema":{"@context":"https:\/\/schema.org","@graph":[{"@type":"Article","@id":"https:\/\/czerwonawalizka.com\/index.php\/2020\/09\/21\/chorwacja-w-czasach-zarazy\/#article","isPartOf":{"@id":"https:\/\/czerwonawalizka.com\/index.php\/2020\/09\/21\/chorwacja-w-czasach-zarazy\/"},"author":{"name":"Marta","@id":"https:\/\/czerwonawalizka.com\/#\/schema\/person\/ca9ae0ae7fc0f714249aaa234df8f5cc"},"headline":"Chorwacja w czasach zarazy","datePublished":"2020-09-21T10:25:39+00:00","dateModified":"2020-11-09T19:40:40+00:00","mainEntityOfPage":{"@id":"https:\/\/czerwonawalizka.com\/index.php\/2020\/09\/21\/chorwacja-w-czasach-zarazy\/"},"wordCount":1303,"commentCount":3,"publisher":{"@id":"https:\/\/czerwonawalizka.com\/#\/schema\/person\/ca9ae0ae7fc0f714249aaa234df8f5cc"},"image":{"@id":"https:\/\/czerwonawalizka.com\/index.php\/2020\/09\/21\/chorwacja-w-czasach-zarazy\/#primaryimage"},"thumbnailUrl":"https:\/\/czerwonawalizka.com\/wp-content\/uploads\/2020\/09\/wczasy.png","keywords":["chorwacja","chorwacja 2020","wakacje 2020"],"articleSection":["Po Europie","Podr\u00f3\u017ce"],"inLanguage":"pl-PL","potentialAction":[{"@type":"CommentAction","name":"Comment","target":["https:\/\/czerwonawalizka.com\/index.php\/2020\/09\/21\/chorwacja-w-czasach-zarazy\/#respond"]}]},{"@type":"WebPage","@id":"https:\/\/czerwonawalizka.com\/index.php\/2020\/09\/21\/chorwacja-w-czasach-zarazy\/","url":"https:\/\/czerwonawalizka.com\/index.php\/2020\/09\/21\/chorwacja-w-czasach-zarazy\/","name":"Chorwacja w czasach zarazy - Dziewczyna z czerwon\u0105 walizk\u0105","isPartOf":{"@id":"https:\/\/czerwonawalizka.com\/#website"},"primaryImageOfPage":{"@id":"https:\/\/czerwonawalizka.com\/index.php\/2020\/09\/21\/chorwacja-w-czasach-zarazy\/#primaryimage"},"image":{"@id":"https:\/\/czerwonawalizka.com\/index.php\/2020\/09\/21\/chorwacja-w-czasach-zarazy\/#primaryimage"},"thumbnailUrl":"https:\/\/czerwonawalizka.com\/wp-content\/uploads\/2020\/09\/wczasy.png","datePublished":"2020-09-21T10:25:39+00:00","dateModified":"2020-11-09T19:40:40+00:00","description":"Relacja z pobytu w Chorwacji w czasach zarazy. W sierpniu 2020 r. udali\u015bmy na si\u0119 na Istri\u0119, chc\u0105c cho\u0107 troch\u0119 za\u017cy\u0107 urlopu w tym ci\u0119\u017ckim roku.","breadcrumb":{"@id":"https:\/\/czerwonawalizka.com\/index.php\/2020\/09\/21\/chorwacja-w-czasach-zarazy\/#breadcrumb"},"inLanguage":"pl-PL","potentialAction":[{"@type":"ReadAction","target":["https:\/\/czerwonawalizka.com\/index.php\/2020\/09\/21\/chorwacja-w-czasach-zarazy\/"]}]},{"@type":"ImageObject","inLanguage":"pl-PL","@id":"https:\/\/czerwonawalizka.com\/index.php\/2020\/09\/21\/chorwacja-w-czasach-zarazy\/#primaryimage","url":"https:\/\/czerwonawalizka.com\/wp-content\/uploads\/2020\/09\/wczasy.png","contentUrl":"https:\/\/czerwonawalizka.com\/wp-content\/uploads\/2020\/09\/wczasy.png","width":1050,"height":591,"caption":"urlop w Chorwacji"},{"@type":"BreadcrumbList","@id":"https:\/\/czerwonawalizka.com\/index.php\/2020\/09\/21\/chorwacja-w-czasach-zarazy\/#breadcrumb","itemListElement":[{"@type":"ListItem","position":1,"name":"Home","item":"https:\/\/czerwonawalizka.com\/"},{"@type":"ListItem","position":2,"name":"Chorwacja w czasach zarazy"}]},{"@type":"WebSite","@id":"https:\/\/czerwonawalizka.com\/#website","url":"https:\/\/czerwonawalizka.com\/","name":"Dziewczyna z czerwon\u0105 walizk\u0105","description":"Blog patchworkowy","publisher":{"@id":"https:\/\/czerwonawalizka.com\/#\/schema\/person\/ca9ae0ae7fc0f714249aaa234df8f5cc"},"potentialAction":[{"@type":"SearchAction","target":{"@type":"EntryPoint","urlTemplate":"https:\/\/czerwonawalizka.com\/?s={search_term_string}"},"query-input":{"@type":"PropertyValueSpecification","valueRequired":true,"valueName":"search_term_string"}}],"inLanguage":"pl-PL"},{"@type":["Person","Organization"],"@id":"https:\/\/czerwonawalizka.com\/#\/schema\/person\/ca9ae0ae7fc0f714249aaa234df8f5cc","name":"Marta","image":{"@type":"ImageObject","inLanguage":"pl-PL","@id":"https:\/\/czerwonawalizka.com\/#\/schema\/person\/image\/","url":"https:\/\/czerwonawalizka.com\/wp-content\/uploads\/2017\/06\/cropped-logo6-1.png","contentUrl":"https:\/\/czerwonawalizka.com\/wp-content\/uploads\/2017\/06\/cropped-logo6-1.png","width":1108,"height":480,"caption":"Marta"},"logo":{"@id":"https:\/\/czerwonawalizka.com\/#\/schema\/person\/image\/"},"sameAs":["http:\/\/www.czerwonawalizka.com"],"url":"https:\/\/czerwonawalizka.com\/index.php\/author\/dziewczyna-z-czerwona-walizka\/"}]}},"jetpack_publicize_connections":[],"jetpack_featured_media_url":"https:\/\/czerwonawalizka.com\/wp-content\/uploads\/2020\/09\/wczasy.png","jetpack_sharing_enabled":true,"jetpack_shortlink":"https:\/\/wp.me\/p8RvtB-NC","jetpack_likes_enabled":false,"_links":{"self":[{"href":"https:\/\/czerwonawalizka.com\/index.php\/wp-json\/wp\/v2\/posts\/3076","targetHints":{"allow":["GET"]}}],"collection":[{"href":"https:\/\/czerwonawalizka.com\/index.php\/wp-json\/wp\/v2\/posts"}],"about":[{"href":"https:\/\/czerwonawalizka.com\/index.php\/wp-json\/wp\/v2\/types\/post"}],"author":[{"embeddable":true,"href":"https:\/\/czerwonawalizka.com\/index.php\/wp-json\/wp\/v2\/users\/2"}],"replies":[{"embeddable":true,"href":"https:\/\/czerwonawalizka.com\/index.php\/wp-json\/wp\/v2\/comments?post=3076"}],"version-history":[{"count":2,"href":"https:\/\/czerwonawalizka.com\/index.php\/wp-json\/wp\/v2\/posts\/3076\/revisions"}],"predecessor-version":[{"id":3091,"href":"https:\/\/czerwonawalizka.com\/index.php\/wp-json\/wp\/v2\/posts\/3076\/revisions\/3091"}],"wp:featuredmedia":[{"embeddable":true,"href":"https:\/\/czerwonawalizka.com\/index.php\/wp-json\/wp\/v2\/media\/3079"}],"wp:attachment":[{"href":"https:\/\/czerwonawalizka.com\/index.php\/wp-json\/wp\/v2\/media?parent=3076"}],"wp:term":[{"taxonomy":"category","embeddable":true,"href":"https:\/\/czerwonawalizka.com\/index.php\/wp-json\/wp\/v2\/categories?post=3076"},{"taxonomy":"post_tag","embeddable":true,"href":"https:\/\/czerwonawalizka.com\/index.php\/wp-json\/wp\/v2\/tags?post=3076"}],"curies":[{"name":"wp","href":"https:\/\/api.w.org\/{rel}","templated":true}]}}