{"id":2343,"date":"2018-08-05T19:12:17","date_gmt":"2018-08-05T17:12:17","guid":{"rendered":"https:\/\/czerwonawalizka.com\/?p=2343"},"modified":"2021-01-04T16:52:10","modified_gmt":"2021-01-04T15:52:10","slug":"balkanski-roadtrip","status":"publish","type":"post","link":"https:\/\/czerwonawalizka.com\/index.php\/2018\/08\/05\/balkanski-roadtrip\/","title":{"rendered":"Ba\u0142ka\u0144ski roadtrip"},"content":{"rendered":"<h2>Droga, droga&#8230; i jeszcze raz droga<\/h2>\n<p>Kilometry umyka\u0142y pod ko\u0142ami. Auto cicho sun\u0119\u0142o po r\u00f3wnej, prostej niczym st\u00f3\u0142 autostradzie. Tylko szum klimatyzacji zdradza\u0142, \u017ce pojazd porusza\u0142 si\u0119 z pr\u0119dko\u015bci\u0105 ponad 140 km\/h. Jechali\u015bmy ju\u017c sz\u00f3st\u0105 godzin\u0119, ze skupieniem \u015bledz\u0105c map\u0119 na kom\u00f3rce. Krajobraz za oknem zmienia\u0142 si\u0119 zaskakuj\u0105co szybko: pocz\u0105tkowe p\u0142askie pola zast\u0105pi\u0142y alpejskie \u0142\u0105ki i szczyty, potem rozpostar\u0142y si\u0119 przed nami pola Chorwacji. Po kolejnych godzinach wymijania TIR\u00f3w i walki z ba\u0142ka\u0144skimi kierowcami dokulali\u015bmy si\u0119 do granicy z Bo\u015bni\u0105 i Hercegowin\u0105. \u015aciemnia\u0142o si\u0119, ostatnie promienie s\u0142oneczne opromienia\u0142y pobliskie szczyty g\u00f3rskie. Przej\u015bcie graniczne, rozdzielaj\u0105ce dwa kraje, jeszcze do nie tak dawna b\u0119d\u0105ce jednym organizmem pa\u0144stwowym, dzi\u015b stanowi granic\u0119 UE, co czyni j\u0105 prawdopodobnie jedn\u0105 z lepiej strze\u017conych w Europie. Nieszeroka droga rozga\u0142\u0119zia si\u0119 na kilka nitek, z kt\u00f3rych jedn\u0105 zajmuje niemal kilometrowy korek TIR\u00f3w i ci\u0119\u017car\u00f3wek oczekuj\u0105cych na przejazd. Oddychamy z ulg\u0105 &#8211; samochod\u00f3w osobowych czeka niewiele. Uwa\u017cne sprawdzenie dowod\u00f3w, dopytanie o cel podr\u00f3\u017cy i mo\u017cemy jecha\u0107 dalej &#8211; w nico\u015b\u0107.<\/p>\n<figure id=\"attachment_2355\" aria-describedby=\"caption-attachment-2355\" style=\"width: 810px\" class=\"wp-caption aligncenter\"><img loading=\"lazy\" decoding=\"async\" class=\"wp-image-2355 size-full\" title=\"Durmitor\" src=\"https:\/\/czerwonawalizka.com\/wp-content\/uploads\/2018\/08\/13.png\" alt=\"\" width=\"810\" height=\"450\" srcset=\"https:\/\/czerwonawalizka.com\/wp-content\/uploads\/2018\/08\/13.png 810w, https:\/\/czerwonawalizka.com\/wp-content\/uploads\/2018\/08\/13-600x333.png 600w, https:\/\/czerwonawalizka.com\/wp-content\/uploads\/2018\/08\/13-300x167.png 300w, https:\/\/czerwonawalizka.com\/wp-content\/uploads\/2018\/08\/13-768x427.png 768w, https:\/\/czerwonawalizka.com\/wp-content\/uploads\/2018\/08\/13-540x300.png 540w, https:\/\/czerwonawalizka.com\/wp-content\/uploads\/2018\/08\/13-400x222.png 400w\" sizes=\"auto, (max-width: 810px) 100vw, 810px\" \/><figcaption id=\"caption-attachment-2355\" class=\"wp-caption-text\">Durmitor<\/figcaption><\/figure>\n<h2>Ba\u0142ka\u0144ski roadtrip<\/h2>\n<p>To oczywi\u015bcie przesada, bo nie wje\u017cd\u017camy w nico\u015b\u0107, a do Bo\u015bni i Hercegowiny. Pierwszy jednak raz od dawna przekraczamy granic\u0119 UE, pierwszy raz od dawna przechodzimy dok\u0142adn\u0105 kontrol\u0119 graniczn\u0105, a wraz z aur\u0105 zapadaj\u0105cego wieczoru, rozpo\u015bcieraj\u0105ce si\u0119 przed nami pustkowie tworzy do\u015b\u0107 niesamowit\u0105 atmosfer\u0119. Zw\u0142aszcza, kiedy niedaleko od granicy natykamy si\u0119 na grupk\u0119 ludzi przypominaj\u0105cymi uchod\u017ac\u00f3w, zw\u0142aszcza, kiedy wje\u017cd\u017camy w wy\u017csze ost\u0119py g\u00f3rskie i jedziemy grani\u0105, a wiecz\u00f3r wita nas opadaj\u0105c\u0105 mg\u0142\u0105. Mg\u0142\u0105 tak g\u0119st\u0105, \u017ce nie wida\u0107 prawie nic &#8211; opr\u00f3cz otaczaj\u0105cych nas g\u0119stych las\u00f3w, z kt\u00f3rych od czasu do czasu wychynie opuszczony, spalony dom, strasz\u0105cy oczodo\u0142ami czarnych okiennic albo\u2026 cmentarz.<\/p>\n<figure id=\"attachment_2353\" aria-describedby=\"caption-attachment-2353\" style=\"width: 810px\" class=\"wp-caption aligncenter\"><img loading=\"lazy\" decoding=\"async\" class=\"wp-image-2353 size-full\" src=\"https:\/\/czerwonawalizka.com\/wp-content\/uploads\/2018\/08\/11.png\" alt=\"Durmitor\" width=\"810\" height=\"450\" srcset=\"https:\/\/czerwonawalizka.com\/wp-content\/uploads\/2018\/08\/11.png 810w, https:\/\/czerwonawalizka.com\/wp-content\/uploads\/2018\/08\/11-600x333.png 600w, https:\/\/czerwonawalizka.com\/wp-content\/uploads\/2018\/08\/11-300x167.png 300w, https:\/\/czerwonawalizka.com\/wp-content\/uploads\/2018\/08\/11-768x427.png 768w, https:\/\/czerwonawalizka.com\/wp-content\/uploads\/2018\/08\/11-540x300.png 540w, https:\/\/czerwonawalizka.com\/wp-content\/uploads\/2018\/08\/11-400x222.png 400w\" sizes=\"auto, (max-width: 810px) 100vw, 810px\" \/><figcaption id=\"caption-attachment-2353\" class=\"wp-caption-text\">Durmitor<\/figcaption><\/figure>\n<h3>Ba\u0142ka\u0144ska go\u015bcinno\u015b\u0107<\/h3>\n<p>Tak, wjazd do BiH przyspieszy\u0142 bicie mojego serca. Kiedy w ko\u0144cu dotarli\u015bmy na kemping dobrze po 22, a gospodarze roz\u015bwiecili \u015bwiat\u0142a, zaprosili do restauracji i podj\u0119li \u015bliwowic\u0105 i gor\u0105cymi \u0107evap\u010di\u0107i, byli\u015bmy w si\u00f3dmym niebie. Namiot na szybko i troch\u0119 po omacku rozbili\u015bmy tu\u017c nad rzek\u0105 Un\u0105, kt\u00f3ra ko\u0142ysa\u0142a nas tej nocy do snu, kolejnego za\u015b ranka zwioz\u0142a na raftach na swym nurcie, dostarczaj\u0105c nielada emocji (szczeg\u00f3lnie zjazd po 5m wodospadzie\u2026).<\/p>\n<figure id=\"attachment_2354\" aria-describedby=\"caption-attachment-2354\" style=\"width: 810px\" class=\"wp-caption aligncenter\"><img loading=\"lazy\" decoding=\"async\" class=\"wp-image-2354 size-full\" src=\"https:\/\/czerwonawalizka.com\/wp-content\/uploads\/2018\/08\/12.png\" alt=\"\" width=\"810\" height=\"450\" srcset=\"https:\/\/czerwonawalizka.com\/wp-content\/uploads\/2018\/08\/12.png 810w, https:\/\/czerwonawalizka.com\/wp-content\/uploads\/2018\/08\/12-600x333.png 600w, https:\/\/czerwonawalizka.com\/wp-content\/uploads\/2018\/08\/12-300x167.png 300w, https:\/\/czerwonawalizka.com\/wp-content\/uploads\/2018\/08\/12-768x427.png 768w, https:\/\/czerwonawalizka.com\/wp-content\/uploads\/2018\/08\/12-540x300.png 540w, https:\/\/czerwonawalizka.com\/wp-content\/uploads\/2018\/08\/12-400x222.png 400w\" sizes=\"auto, (max-width: 810px) 100vw, 810px\" \/><figcaption id=\"caption-attachment-2354\" class=\"wp-caption-text\">Durmitor<\/figcaption><\/figure>\n<h2>Bo\u015bnia i Hercegowina<\/h2>\n<p>BiH to kraj bardzo specyficzny. Kraj, kt\u00f3ry cho\u0107 male\u0144ki, jest bardzo zr\u00f3\u017cnicowany. Sk\u0142ada si\u0119 z kilku autonomii, zamieszkanych przez r\u00f3\u017cne grupy etniczne, by nie powiedzie\u0107: narody. Biha\u0107, czyli miejsce, od kt\u00f3rego rozpocz\u0119li\u015bmy nasz\u0105 przygod\u0119 z Ba\u0142kanami w tym roku, zamieszkuj\u0105 Bo\u015bniacy. Kraj to raczej s\u0142abo zaludniony; we wsiach i miasteczkach, przez kt\u00f3re przeje\u017cd\u017camy wida\u0107 wci\u0105\u017c \u015blady wojny. Wypalone domy, pozostawione gospodarstwa, ogromne przestrzenie w\u015br\u00f3d g\u00f3r &#8211; i cisza. Jad\u0105c na po\u0142udnie obserwujemy strzeliste wie\u017ce meczet\u00f3w, jarz\u0105ce si\u0119 biel\u0105 por\u00f3d drzew. W ko\u0144cu jednak docieramy do Mostaru: miasta-tyglu kultur, narodowo\u015bci i religii, gdzie \u015bpiew muezina miesza si\u0119 z biciem dzwon\u00f3w.<\/p>\n<figure id=\"attachment_2347\" aria-describedby=\"caption-attachment-2347\" style=\"width: 810px\" class=\"wp-caption aligncenter\"><img loading=\"lazy\" decoding=\"async\" class=\"wp-image-2347 size-full\" src=\"https:\/\/czerwonawalizka.com\/wp-content\/uploads\/2018\/08\/5.png\" alt=\"\" width=\"810\" height=\"450\" srcset=\"https:\/\/czerwonawalizka.com\/wp-content\/uploads\/2018\/08\/5.png 810w, https:\/\/czerwonawalizka.com\/wp-content\/uploads\/2018\/08\/5-600x333.png 600w, https:\/\/czerwonawalizka.com\/wp-content\/uploads\/2018\/08\/5-300x167.png 300w, https:\/\/czerwonawalizka.com\/wp-content\/uploads\/2018\/08\/5-768x427.png 768w, https:\/\/czerwonawalizka.com\/wp-content\/uploads\/2018\/08\/5-540x300.png 540w, https:\/\/czerwonawalizka.com\/wp-content\/uploads\/2018\/08\/5-400x222.png 400w\" sizes=\"auto, (max-width: 810px) 100vw, 810px\" \/><figcaption id=\"caption-attachment-2347\" class=\"wp-caption-text\">Mostar<\/figcaption><\/figure>\n<h3>Marka zamienna &#8211; a c\u00f3\u017c to?<\/h3>\n<p>Odzwierciedla to r\u00f3wnie\u017c kolejne dziwne cechy tego kraju: BiH posiada dw\u00f3ch wiceprezydent\u00f3w i jednego prezydenta, przy czym ten g\u0142\u00f3wny rotacyjnie zmienia si\u0119 co 8 miesi\u0119cy. Ka\u017cdy reprezntuje jedn\u0105 grup\u0119 etniczn\u0105: Serb\u00f3w, Chorwat\u00f3w i Bo\u015bniak\u00f3w. Narody te nie mog\u0142y zgodzi\u0107 si\u0119 na wyb\u00f3r jednego, wsp\u00f3lnego kandydata, nie mog\u0142y si\u0119 r\u00f3wnie\u017c dogada\u0107 w sprawie waluty &#8211; dzi\u015b stanowi j\u0105 KM, czyli marka zamienna, ustanowiona przez si\u0142y zewn\u0119trzne jako waluta wymienna po sta\u0142ym kursie z euro. W kraju p\u0142aci\u0107 w\u0142a\u015bciwie mo\u017cna obiema walutami. Ten podzia\u0142 wida\u0107 te\u017c w poszczeg\u00f3lnych regionach: w Bo\u015bni aut jest ma\u0142o, za to na ka\u017cdym kroku spotka\u0107 mo\u017cna radary; w Hercegowinie mo\u017cna w\u0142a\u015bciwie pomy\u015ble\u0107, \u017ce jest si\u0119 w Chorwacji, tylu tam Chorwat\u00f3w, i tych lokalnych, i tych przyjezdnych, szalej\u0105cych po drogach; Serbowie natomiast wyr\u00f3\u017cniaj\u0105 si\u0119 cho\u0107by innym alfabetem i innym zupe\u0142nie podej\u015bciem do\u2026 toalet.<\/p>\n<figure id=\"attachment_2345\" aria-describedby=\"caption-attachment-2345\" style=\"width: 810px\" class=\"wp-caption aligncenter\"><img loading=\"lazy\" decoding=\"async\" class=\"wp-image-2345 size-full\" src=\"https:\/\/czerwonawalizka.com\/wp-content\/uploads\/2018\/08\/3.png\" alt=\"\" width=\"810\" height=\"450\" srcset=\"https:\/\/czerwonawalizka.com\/wp-content\/uploads\/2018\/08\/3.png 810w, https:\/\/czerwonawalizka.com\/wp-content\/uploads\/2018\/08\/3-600x333.png 600w, https:\/\/czerwonawalizka.com\/wp-content\/uploads\/2018\/08\/3-300x167.png 300w, https:\/\/czerwonawalizka.com\/wp-content\/uploads\/2018\/08\/3-768x427.png 768w, https:\/\/czerwonawalizka.com\/wp-content\/uploads\/2018\/08\/3-540x300.png 540w, https:\/\/czerwonawalizka.com\/wp-content\/uploads\/2018\/08\/3-400x222.png 400w\" sizes=\"auto, (max-width: 810px) 100vw, 810px\" \/><figcaption id=\"caption-attachment-2345\" class=\"wp-caption-text\">Durmitor<\/figcaption><\/figure>\n<h3>Pok\u00f3j a wojna<\/h3>\n<p>Wojn\u0119 wci\u0105\u017c wida\u0107. Zw\u0142aszcza w Bo\u015bni. Wyludnione wsie, opuszczone domy sprawiaj\u0105 bardzo przygn\u0119biaj\u0105ce wra\u017cenie. Czy jednak pok\u00f3j jest sta\u0142y?\u2026 M\u00f3wi si\u0119, \u017ce Ba\u0142kany to mi\u0119kkie podbrzusze Europy, ba\u0142ka\u0144ski kocio\u0142, kt\u00f3ry wrze i iskra mo\u017ce spowodowa\u0107 wybuch. M\u00f3wi si\u0119 te\u017c, \u017ce wojna nadejdzie, \u017ce nie jest mo\u017cliwe wsp\u00f3\u0142\u017cycie tylu narod\u00f3w w jednym kraju i \u017ce to w\u0142a\u015bnie Bo\u015bnia b\u0119dzie iskr\u0105. M\u00f3wi si\u0119 te\u017c, \u017ce ba\u0142ka\u0144scy S\u0142owianie bij\u0105 si\u0119 co trzy pokolenia. Na razie jednak min\u0119\u0142o dopiero (a\u017c?) 20 lat. Panuje spok\u00f3j.<\/p>\n<figure id=\"attachment_2346\" aria-describedby=\"caption-attachment-2346\" style=\"width: 810px\" class=\"wp-caption aligncenter\"><img loading=\"lazy\" decoding=\"async\" class=\"wp-image-2346 size-full\" src=\"https:\/\/czerwonawalizka.com\/wp-content\/uploads\/2018\/08\/4.png\" alt=\"\" width=\"810\" height=\"450\" srcset=\"https:\/\/czerwonawalizka.com\/wp-content\/uploads\/2018\/08\/4.png 810w, https:\/\/czerwonawalizka.com\/wp-content\/uploads\/2018\/08\/4-600x333.png 600w, https:\/\/czerwonawalizka.com\/wp-content\/uploads\/2018\/08\/4-300x167.png 300w, https:\/\/czerwonawalizka.com\/wp-content\/uploads\/2018\/08\/4-768x427.png 768w, https:\/\/czerwonawalizka.com\/wp-content\/uploads\/2018\/08\/4-540x300.png 540w, https:\/\/czerwonawalizka.com\/wp-content\/uploads\/2018\/08\/4-400x222.png 400w\" sizes=\"auto, (max-width: 810px) 100vw, 810px\" \/><figcaption id=\"caption-attachment-2346\" class=\"wp-caption-text\">Wodospady Krawica<\/figcaption><\/figure>\n<h3>Mostar &#8211; tygiel kultur<\/h3>\n<p>Mostar nie zachwyci\u0142. Jego star\u00f3wka nie przem\u00f3wi\u0142a do naszej wyobra\u017ani; pi\u0119kny i widowiskowy most tak naprawd\u0119 jest mostem nowym &#8211; poniewa\u017c ten stary zosta\u0142 wysadzony przez Chorwat\u00f3w w 1993 roku i dopiero niedawno, przy pomocy Turcji i star\u0105 metod\u0105, odbudowany. Mostarzacy nie dbaj\u0105 przesadnie o czysto\u015b\u0107 i schludno\u015b\u0107 miasta. Lepi\u0105ce si\u0119 do sk\u00f3ry, gor\u0105ce powietrze sprawia, \u017ce cz\u0142owiek ma ochot\u0119 schowa\u0107 si\u0119 w piwnicy z butelk\u0105 dobrego wina i wychyn\u0105\u0107 dopiero na jesie\u0144.<\/p>\n<figure id=\"attachment_2361\" aria-describedby=\"caption-attachment-2361\" style=\"width: 810px\" class=\"wp-caption aligncenter\"><img loading=\"lazy\" decoding=\"async\" class=\"wp-image-2361 size-full\" src=\"https:\/\/czerwonawalizka.com\/wp-content\/uploads\/2018\/08\/19.png\" alt=\"\" width=\"810\" height=\"450\" srcset=\"https:\/\/czerwonawalizka.com\/wp-content\/uploads\/2018\/08\/19.png 810w, https:\/\/czerwonawalizka.com\/wp-content\/uploads\/2018\/08\/19-600x333.png 600w, https:\/\/czerwonawalizka.com\/wp-content\/uploads\/2018\/08\/19-300x167.png 300w, https:\/\/czerwonawalizka.com\/wp-content\/uploads\/2018\/08\/19-768x427.png 768w, https:\/\/czerwonawalizka.com\/wp-content\/uploads\/2018\/08\/19-540x300.png 540w, https:\/\/czerwonawalizka.com\/wp-content\/uploads\/2018\/08\/19-400x222.png 400w\" sizes=\"auto, (max-width: 810px) 100vw, 810px\" \/><figcaption id=\"caption-attachment-2361\" class=\"wp-caption-text\">Boka Kotorska<\/figcaption><\/figure>\n<h2>Czarnog\u00f3ra<\/h2>\n<p>Uciekamy wi\u0119c &#8211; i to do kolejnego kraju. Po przekroczeniu przej\u015bcia granicznego rozpo\u015bcieraj\u0105 si\u0119 przed nami pi\u0119kne widoki\u2026 i pi\u0119kne czarnog\u00f3rskie drogi. Te jednak ko\u0144cz\u0105 si\u0119 po kilku kilometrach, by zamieni\u0107 si\u0119 w w\u0105sk\u0105, g\u00f3rsk\u0105 drog\u0119 szutrow\u0105, po kt\u00f3rej cz\u0142apie nie tylko nasze autko, ale tak\u017ce szereg TIR\u00f3w, kt\u00f3re musz\u0105 si\u0119 przecie\u017c jako\u015b przedosta\u0107\u2026 Z ca\u0142ego serca podziwiam kierowc\u00f3w TIR\u00f3w, kt\u00f3rzy niczym wsp\u00f3\u0142cze\u015bni \u017ceglarze przeprawiaj\u0105 si\u0119 przez te ma\u0142e, g\u00f3rzyste kraje, powoli i sumiennie, metr po metrze pokonuj\u0105c w\u0105skie, niewygodne, trudne drogi.<\/p>\n<figure id=\"attachment_2351\" aria-describedby=\"caption-attachment-2351\" style=\"width: 810px\" class=\"wp-caption aligncenter\"><img loading=\"lazy\" decoding=\"async\" class=\"wp-image-2351 size-full\" src=\"https:\/\/czerwonawalizka.com\/wp-content\/uploads\/2018\/08\/9.png\" alt=\"\" width=\"810\" height=\"450\" srcset=\"https:\/\/czerwonawalizka.com\/wp-content\/uploads\/2018\/08\/9.png 810w, https:\/\/czerwonawalizka.com\/wp-content\/uploads\/2018\/08\/9-600x333.png 600w, https:\/\/czerwonawalizka.com\/wp-content\/uploads\/2018\/08\/9-300x167.png 300w, https:\/\/czerwonawalizka.com\/wp-content\/uploads\/2018\/08\/9-768x427.png 768w, https:\/\/czerwonawalizka.com\/wp-content\/uploads\/2018\/08\/9-540x300.png 540w, https:\/\/czerwonawalizka.com\/wp-content\/uploads\/2018\/08\/9-400x222.png 400w\" sizes=\"auto, (max-width: 810px) 100vw, 810px\" \/><figcaption id=\"caption-attachment-2351\" class=\"wp-caption-text\">Boka Kotorska<\/figcaption><\/figure>\n<h3>Ludzie w Czarnog\u00f3rze<\/h3>\n<p>Czarnog\u00f3ra jest inna. Bogatsza. Z lepszymi drogami (pomimo ww. szutr\u00f3wki). Ludzie otwarci, porozumiewaj\u0105cy si\u0119 po angielsku, czekaj\u0105cy na turyst\u00f3w. A ci przyje\u017cd\u017caj\u0105: jad\u0105c na wybrze\u017ce do Kotoru, prze\u017cywamy gehenn\u0119 przedzieraj\u0105c si\u0119 przez w\u0105sk\u0105 dr\u00f3\u017ck\u0119 w\u015br\u00f3d nadmorskich miejscowo\u015bci. Boka Kotorska wita nas gor\u0105cym s\u0142o\u0144cem i rozedrganym t\u0142umem. Czarnog\u00f3ra liczy 629 251 obywateli. Rocznie odwiedza ich ponad p\u00f3\u0142tora miliona turyst\u00f3w.<\/p>\n<figure id=\"attachment_2360\" aria-describedby=\"caption-attachment-2360\" style=\"width: 810px\" class=\"wp-caption aligncenter\"><img loading=\"lazy\" decoding=\"async\" class=\"wp-image-2360 size-full\" src=\"https:\/\/czerwonawalizka.com\/wp-content\/uploads\/2018\/08\/18.png\" alt=\"\" width=\"810\" height=\"450\" srcset=\"https:\/\/czerwonawalizka.com\/wp-content\/uploads\/2018\/08\/18.png 810w, https:\/\/czerwonawalizka.com\/wp-content\/uploads\/2018\/08\/18-600x333.png 600w, https:\/\/czerwonawalizka.com\/wp-content\/uploads\/2018\/08\/18-300x167.png 300w, https:\/\/czerwonawalizka.com\/wp-content\/uploads\/2018\/08\/18-768x427.png 768w, https:\/\/czerwonawalizka.com\/wp-content\/uploads\/2018\/08\/18-540x300.png 540w, https:\/\/czerwonawalizka.com\/wp-content\/uploads\/2018\/08\/18-400x222.png 400w\" sizes=\"auto, (max-width: 810px) 100vw, 810px\" \/><figcaption id=\"caption-attachment-2360\" class=\"wp-caption-text\">Boka Kotorska<\/figcaption><\/figure>\n<h3>Kotor &#8211; miasto kot\u00f3w<\/h3>\n<p>Wita nas tak\u017ce dziesi\u0105tkami kot\u00f3w i wspania\u0142ymi owocami morza. \u015apimy w pensjonacie niemal nad wod\u0105, nasze autko zaparkowane jest dos\u0142ownie kilka metr\u00f3w od wybrze\u017ca. Z drugiej strony rozci\u0105gaj\u0105 si\u0119 wysokie g\u00f3ry, a na nich &#8211; okalaj\u0105cy stare miasto Kotoru mur, przypominaj\u0105cy Mur Chi\u0144ski. To niewielkie miasteczko znajduje si\u0119 w Dalmacji. Zielone okiennice na tle kamienistych mur\u00f3w i muzycy graj\u0105cy na niewielkich placykach poukrywanych w zak\u0105tkach buduj\u0105 atmosfer\u0119 pe\u0142n\u0105 rado\u015bci z \u017cycia, jedzenia, ludzi i pogody. \u017bycie tutaj wydaje si\u0119 pi\u0119kne, nawet je\u015bli to tylko urok wakacji i pi\u0119kna tego miejsca.<\/p>\n<figure id=\"attachment_2349\" aria-describedby=\"caption-attachment-2349\" style=\"width: 810px\" class=\"wp-caption aligncenter\"><img loading=\"lazy\" decoding=\"async\" class=\"wp-image-2349 size-full\" src=\"https:\/\/czerwonawalizka.com\/wp-content\/uploads\/2018\/08\/7.png\" alt=\"\" width=\"810\" height=\"450\" srcset=\"https:\/\/czerwonawalizka.com\/wp-content\/uploads\/2018\/08\/7.png 810w, https:\/\/czerwonawalizka.com\/wp-content\/uploads\/2018\/08\/7-600x333.png 600w, https:\/\/czerwonawalizka.com\/wp-content\/uploads\/2018\/08\/7-300x167.png 300w, https:\/\/czerwonawalizka.com\/wp-content\/uploads\/2018\/08\/7-768x427.png 768w, https:\/\/czerwonawalizka.com\/wp-content\/uploads\/2018\/08\/7-540x300.png 540w, https:\/\/czerwonawalizka.com\/wp-content\/uploads\/2018\/08\/7-400x222.png 400w\" sizes=\"auto, (max-width: 810px) 100vw, 810px\" \/><figcaption id=\"caption-attachment-2349\" class=\"wp-caption-text\">Kotor<\/figcaption><\/figure>\n<p>Ludzie jednak naprawd\u0119 s\u0105 \u017cyczliwi. Jest tu troch\u0119 typowo s\u0142owia\u0144skiego podej\u015bcia &#8222;jako\u015b to b\u0119dzie&#8221;, na drogach trzeba uwa\u017ca\u0107, ale jednak kierowcy pe\u0142ni s\u0105 \u017cyczliwo\u015bci. Przyk\u0142ad? Nasz gospodarz rezerwowa\u0142 nam miejsce parkingowe swoim skuterkiem &#8211; inaczej raczej nie mieliby\u015bmy szansy na zaparkowanie pod pensjonatem. Zdarza si\u0119, \u017ce kto\u015b parkuj\u0105c, zastawi p\u00f3\u0142 w\u0105skiego przejazdu, ale zdarza si\u0119 te\u017c, \u017ce kto\u015b widz\u0105c, \u017ce chcesz przejecha\u0107 od razu reaguje i robi ci miejsce, na przyk\u0142ad przestawiaj\u0105c rowery stoj\u0105ce na chodniku, tak by jednak si\u0119 zmie\u015bci\u0107.<\/p>\n<p>Boka Kotorska potocznie jest nazywana po\u0142o\u017conym najbardziej na po\u0142udnie fiordem, poniewa\u017c, faktycznie, jak fiord wygl\u0105da &#8211; skaliste g\u00f3ry schodz\u0105 prosto do w\u00f3d Morza \u015ar\u00f3dziemnego, czyli w\u0142a\u015bnie Zatoki. Tak naprawd\u0119 to jednak fiord nie jest, gdy\u017c lodowiec do Zatoki nigdy nie dotar\u0142. Niemniej jednak, wybrze\u017ce wygl\u0105da imponuj\u0105co.<\/p>\n<h3>Durmitor &#8211; prawdziwy Mordor<\/h3>\n<p>Po gor\u0105czce kotorskiej nocy ruszyli\u015bmy w ko\u0144cu na p\u00f3\u0142noc &#8211; do Parku Narodowego Durmitor. Ta intryguj\u0105ca nazwa przek\u0142ada si\u0119 na niesamowite pasmo g\u00f3rskie, z kt\u00f3rego najwy\u017cszy szczyt, Bobotov Kuk mierzy 2 523 m n.p.m. My rozbijamy si\u0119 ledwie tysi\u0105c metr\u00f3w ni\u017cej, na kempingu Mlinski Potok, kilka minut spaceru od Czarnego Jeziora, czyli obowi\u0105zkowego punktu dla tabun\u00f3w turyst\u00f3w, kt\u00f3rzy doje\u017cd\u017caj\u0105 tam \u015brodkami lokomocji wszelakiej. Kemping nie jest du\u017cy, po\u0142o\u017cony na g\u00f3rskiej polanie, ze wspania\u0142ym widokiem na g\u00f3rskie szczyty.<\/p>\n<figure id=\"attachment_2356\" aria-describedby=\"caption-attachment-2356\" style=\"width: 810px\" class=\"wp-caption aligncenter\"><img loading=\"lazy\" decoding=\"async\" class=\"wp-image-2356 size-full\" src=\"https:\/\/czerwonawalizka.com\/wp-content\/uploads\/2018\/08\/14.png\" alt=\"\" width=\"810\" height=\"450\" srcset=\"https:\/\/czerwonawalizka.com\/wp-content\/uploads\/2018\/08\/14.png 810w, https:\/\/czerwonawalizka.com\/wp-content\/uploads\/2018\/08\/14-600x333.png 600w, https:\/\/czerwonawalizka.com\/wp-content\/uploads\/2018\/08\/14-300x167.png 300w, https:\/\/czerwonawalizka.com\/wp-content\/uploads\/2018\/08\/14-768x427.png 768w, https:\/\/czerwonawalizka.com\/wp-content\/uploads\/2018\/08\/14-540x300.png 540w, https:\/\/czerwonawalizka.com\/wp-content\/uploads\/2018\/08\/14-400x222.png 400w\" sizes=\"auto, (max-width: 810px) 100vw, 810px\" \/><figcaption id=\"caption-attachment-2356\" class=\"wp-caption-text\">Durmitor<\/figcaption><\/figure>\n<p>Park poro\u015bni\u0119ty jest g\u0119stymi borami sosnowymi i \u015bwierkowymi. Stare, wysokie, grube drzewa, a tak\u017ce brak ludzi na szlaku sprawia\u0142y, \u017ce czasem g\u0119sia sk\u00f3rka wychodzi\u0142a na r\u0119kach. Pal\u0105ce s\u0142o\u0144ce nie dochodzi\u0142o pod korony wysokich drzew, a panuj\u0105cy p\u00f3\u0142cie\u0144 sprawia\u0142 wra\u017cenie, \u017ce las nie \u017cyczy sobie intruz\u00f3w. Poczucie dyskomfortu znik\u0142o dopiero po powrocie do siedlisk ludzkich, szczeg\u00f3lnie, gdy cz\u0142owiek sobie przypomnia\u0142, i\u017c w tych lasach \u017cyj\u0105 te\u017c nied\u017awiedzie\u2026<\/p>\n<figure id=\"attachment_2359\" aria-describedby=\"caption-attachment-2359\" style=\"width: 810px\" class=\"wp-caption aligncenter\"><img loading=\"lazy\" decoding=\"async\" class=\"wp-image-2359 size-full\" src=\"https:\/\/czerwonawalizka.com\/wp-content\/uploads\/2018\/08\/17.png\" alt=\"\" width=\"810\" height=\"450\" srcset=\"https:\/\/czerwonawalizka.com\/wp-content\/uploads\/2018\/08\/17.png 810w, https:\/\/czerwonawalizka.com\/wp-content\/uploads\/2018\/08\/17-600x333.png 600w, https:\/\/czerwonawalizka.com\/wp-content\/uploads\/2018\/08\/17-300x167.png 300w, https:\/\/czerwonawalizka.com\/wp-content\/uploads\/2018\/08\/17-768x427.png 768w, https:\/\/czerwonawalizka.com\/wp-content\/uploads\/2018\/08\/17-540x300.png 540w, https:\/\/czerwonawalizka.com\/wp-content\/uploads\/2018\/08\/17-400x222.png 400w\" sizes=\"auto, (max-width: 810px) 100vw, 810px\" \/><figcaption id=\"caption-attachment-2359\" class=\"wp-caption-text\">Durmitor<\/figcaption><\/figure>\n<p>Przez Park p\u0142ynie mi\u0119dzy innymi rzeka Tara, kt\u00f3ra tworzy najg\u0142\u0119bszy w Europie kanion. Mo\u017cna wybra\u0107 si\u0119 na sp\u0142yw raftingowy, co te\u017c z ch\u0119ci\u0105 uczynili\u015bmy. Atrakcji dla odwa\u017cnych jest sporo &#8211; m.in. tzw. zip line, czyli tyrolka, zjazd na linie przez w\u0105w\u00f3z z pr\u0119dko\u015bci\u0105 osi\u0105gaj\u0105c\u0105 80 km\/h. Nielada emocje!<\/p>\n<figure id=\"attachment_2357\" aria-describedby=\"caption-attachment-2357\" style=\"width: 810px\" class=\"wp-caption aligncenter\"><img loading=\"lazy\" decoding=\"async\" class=\"wp-image-2357 size-full\" src=\"https:\/\/czerwonawalizka.com\/wp-content\/uploads\/2018\/08\/15.png\" alt=\"\" width=\"810\" height=\"450\" srcset=\"https:\/\/czerwonawalizka.com\/wp-content\/uploads\/2018\/08\/15.png 810w, https:\/\/czerwonawalizka.com\/wp-content\/uploads\/2018\/08\/15-600x333.png 600w, https:\/\/czerwonawalizka.com\/wp-content\/uploads\/2018\/08\/15-300x167.png 300w, https:\/\/czerwonawalizka.com\/wp-content\/uploads\/2018\/08\/15-768x427.png 768w, https:\/\/czerwonawalizka.com\/wp-content\/uploads\/2018\/08\/15-540x300.png 540w, https:\/\/czerwonawalizka.com\/wp-content\/uploads\/2018\/08\/15-400x222.png 400w\" sizes=\"auto, (max-width: 810px) 100vw, 810px\" \/><figcaption id=\"caption-attachment-2357\" class=\"wp-caption-text\">Durmitor<\/figcaption><\/figure>\n<p>Droga powrotna zaj\u0119\u0142a nam a\u017c dwa dni, licz\u0105c do Brna, trzy &#8211; je\u015bli do samego Poznania. W po\u0142owie trasy zatrzymali\u015bmy si\u0119 jeszcze w uroczym kempingu na chorwackim wybrze\u017cu, gdzie uraczyli\u015bmy si\u0119 k\u0105piel\u0105 w Morzu \u015ar\u00f3dziemnym oraz ryb\u0105 na kolacj\u0119, a tak\u017ce &#8211; ca\u0142onocn\u0105 walk\u0105 z chmar\u0105 komar\u00f3w, kt\u00f3re dokona\u0142y inwazji na nasz namiot.<\/p>\n<figure id=\"attachment_2358\" aria-describedby=\"caption-attachment-2358\" style=\"width: 810px\" class=\"wp-caption aligncenter\"><img loading=\"lazy\" decoding=\"async\" class=\"wp-image-2358 size-full\" src=\"https:\/\/czerwonawalizka.com\/wp-content\/uploads\/2018\/08\/16.png\" alt=\"\" width=\"810\" height=\"450\" srcset=\"https:\/\/czerwonawalizka.com\/wp-content\/uploads\/2018\/08\/16.png 810w, https:\/\/czerwonawalizka.com\/wp-content\/uploads\/2018\/08\/16-600x333.png 600w, https:\/\/czerwonawalizka.com\/wp-content\/uploads\/2018\/08\/16-300x167.png 300w, https:\/\/czerwonawalizka.com\/wp-content\/uploads\/2018\/08\/16-768x427.png 768w, https:\/\/czerwonawalizka.com\/wp-content\/uploads\/2018\/08\/16-540x300.png 540w, https:\/\/czerwonawalizka.com\/wp-content\/uploads\/2018\/08\/16-400x222.png 400w\" sizes=\"auto, (max-width: 810px) 100vw, 810px\" \/><figcaption id=\"caption-attachment-2358\" class=\"wp-caption-text\">Morze \u015ar\u00f3dziemne, wybrze\u017ce Chorwacji<\/figcaption><\/figure>\n<h3>Podsumowanie wyprawy, czyli, co, ile i za ile<\/h3>\n<p><strong>Przejechane kilometry:<\/strong> 4 920<br \/>\n<strong>Liczba litr\u00f3w paliwa:<\/strong> 7 tankowa\u0144 x 30 l, ok. 200 l paliwa<br \/>\n<strong>Najta\u0144szy nocleg:<\/strong> kemping w Durmitorze, 10 \u20ac za noc (2 osoby, 1 namiot, 1 auto)<br \/>\n<strong>Najdro\u017cszy nocleg:<\/strong> pok\u00f3j (Airbnb) w Kotorze, ok. 100 PLN za noc za osob\u0119 (pensjonat w odleg\u0142o\u015bci 5-7 min. spacerem od starego miasta, praktycznie nad wod\u0105)<br \/>\n<strong>Ceny obiad\u00f3w:<\/strong> waha\u0142y si\u0119 od ok. 25 do 35 \u20ac, za dwie osoby, z piciem, nierzadko zupami i deserem<br \/>\n(BiH ta\u0144szy, Czarnog\u00f3ra dro\u017csza).<br \/>\n<strong>Ceny rafting\u00f3w:<\/strong> ok. 45 \u20ac za osob\u0119 doros\u0142\u0105 (ceny podobne w obu krajach)<br \/>\n<strong>Cena zip line:<\/strong> ok. 45 \u20ac za osob\u0119<\/p>\n<div class=\"googlemaps\">\n\t\t\t\t<iframe loading=\"lazy\" width=\"640\" height=\"480\" frameborder=\"0\" scrolling=\"no\" marginheight=\"0\" marginwidth=\"0\"  src=\"https:\/\/www.google.com\/maps\/d\/embed?mid=1QPSQq51SU4tbASmIf_WmCsoLRa-fcxiq\"><\/iframe>\n\t\t\t<\/div>\n","protected":false},"excerpt":{"rendered":"<p>Droga, droga&#8230; i jeszcze raz droga Kilometry umyka\u0142y pod ko\u0142ami. Auto cicho sun\u0119\u0142o po r\u00f3wnej, prostej niczym st\u00f3\u0142 autostradzie. Tylko szum klimatyzacji zdradza\u0142, \u017ce pojazd porusza\u0142 si\u0119 z pr\u0119dko\u015bci\u0105 ponad 140 km\/h. Jechali\u015bmy ju\u017c sz\u00f3st\u0105 godzin\u0119, ze skupieniem \u015bledz\u0105c map\u0119 na kom\u00f3rce. Krajobraz za oknem zmienia\u0142 si\u0119 zaskakuj\u0105co szybko: pocz\u0105tkowe p\u0142askie pola zast\u0105pi\u0142y alpejskie \u0142\u0105ki&hellip; <a class=\"more-link\" href=\"https:\/\/czerwonawalizka.com\/index.php\/2018\/08\/05\/balkanski-roadtrip\/\">Read More <span class=\"screen-reader-text\">Ba\u0142ka\u0144ski roadtrip<\/span><\/a><\/p>\n","protected":false},"author":2,"featured_media":2363,"comment_status":"open","ping_status":"open","sticky":false,"template":"","format":"standard","meta":{"jetpack_post_was_ever_published":false,"_jetpack_newsletter_access":"","_jetpack_dont_email_post_to_subs":false,"_jetpack_newsletter_tier_id":0,"_jetpack_memberships_contains_paywalled_content":false,"_jetpack_memberships_contains_paid_content":false,"footnotes":"","jetpack_publicize_message":"","jetpack_publicize_feature_enabled":true,"jetpack_social_post_already_shared":true,"jetpack_social_options":{"image_generator_settings":{"template":"highway","default_image_id":0,"font":"","enabled":false},"version":2}},"categories":[7,389,388],"tags":[361,364,365,363,362,277],"class_list":["post-2343","post","type-post","status-publish","format-standard","has-post-thumbnail","hentry","category-myslodsiewnia","category-po-europie","category-podroznicze","tag-balkanski-roadtrip","tag-bosnia-i-hercegowina","tag-czarnogora","tag-lato-2018","tag-roadtrip","tag-wyprawa-samochodowa"],"yoast_head":"<!-- This site is optimized with the Yoast SEO plugin v27.0 - https:\/\/yoast.com\/product\/yoast-seo-wordpress\/ -->\n<title>Ba\u0142ka\u0144ski roadtrip - Dziewczyna z czerwon\u0105 walizk\u0105<\/title>\n<meta name=\"description\" content=\"Ba\u0142kany to nie region, to stan umys\u0142u - chyba mo\u017cna by tak powiedzie\u0107. Postanowili\u015bmy wi\u0119c zmieni\u0107 troch\u0119 nasz stan umys\u0142u i latem 2018 wyruszyli\u015bmy na ba\u0142ka\u0144ski roadtrip. Zapraszam do przeczytania relacji!\" \/>\n<meta name=\"robots\" content=\"index, follow, max-snippet:-1, max-image-preview:large, max-video-preview:-1\" \/>\n<link rel=\"canonical\" href=\"https:\/\/czerwonawalizka.com\/index.php\/2018\/08\/05\/balkanski-roadtrip\/\" \/>\n<meta property=\"og:locale\" content=\"pl_PL\" \/>\n<meta property=\"og:type\" content=\"article\" \/>\n<meta property=\"og:title\" content=\"Ba\u0142ka\u0144ski roadtrip - Dziewczyna z czerwon\u0105 walizk\u0105\" \/>\n<meta property=\"og:description\" content=\"Ba\u0142kany to nie region, to stan umys\u0142u - chyba mo\u017cna by tak powiedzie\u0107. Postanowili\u015bmy wi\u0119c zmieni\u0107 troch\u0119 nasz stan umys\u0142u i latem 2018 wyruszyli\u015bmy na ba\u0142ka\u0144ski roadtrip. Zapraszam do przeczytania relacji!\" \/>\n<meta property=\"og:url\" content=\"https:\/\/czerwonawalizka.com\/index.php\/2018\/08\/05\/balkanski-roadtrip\/\" \/>\n<meta property=\"og:site_name\" content=\"Dziewczyna z czerwon\u0105 walizk\u0105\" \/>\n<meta property=\"article:published_time\" content=\"2018-08-05T17:12:17+00:00\" \/>\n<meta property=\"article:modified_time\" content=\"2021-01-04T15:52:10+00:00\" \/>\n<meta property=\"og:image\" content=\"https:\/\/czerwonawalizka.com\/wp-content\/uploads\/2018\/08\/roadtrip_blog.png\" \/>\n\t<meta property=\"og:image:width\" content=\"988\" \/>\n\t<meta property=\"og:image:height\" content=\"558\" \/>\n\t<meta property=\"og:image:type\" content=\"image\/png\" \/>\n<meta name=\"author\" content=\"Marta\" \/>\n<meta name=\"twitter:card\" content=\"summary_large_image\" \/>\n<meta name=\"twitter:label1\" content=\"Napisane przez\" \/>\n\t<meta name=\"twitter:data1\" content=\"Marta\" \/>\n\t<meta name=\"twitter:label2\" content=\"Szacowany czas czytania\" \/>\n\t<meta name=\"twitter:data2\" content=\"10 minut\" \/>\n<script type=\"application\/ld+json\" class=\"yoast-schema-graph\">{\"@context\":\"https:\/\/schema.org\",\"@graph\":[{\"@type\":\"Article\",\"@id\":\"https:\/\/czerwonawalizka.com\/index.php\/2018\/08\/05\/balkanski-roadtrip\/#article\",\"isPartOf\":{\"@id\":\"https:\/\/czerwonawalizka.com\/index.php\/2018\/08\/05\/balkanski-roadtrip\/\"},\"author\":{\"name\":\"Marta\",\"@id\":\"https:\/\/czerwonawalizka.com\/#\/schema\/person\/ca9ae0ae7fc0f714249aaa234df8f5cc\"},\"headline\":\"Ba\u0142ka\u0144ski roadtrip\",\"datePublished\":\"2018-08-05T17:12:17+00:00\",\"dateModified\":\"2021-01-04T15:52:10+00:00\",\"mainEntityOfPage\":{\"@id\":\"https:\/\/czerwonawalizka.com\/index.php\/2018\/08\/05\/balkanski-roadtrip\/\"},\"wordCount\":1959,\"commentCount\":2,\"publisher\":{\"@id\":\"https:\/\/czerwonawalizka.com\/#\/schema\/person\/ca9ae0ae7fc0f714249aaa234df8f5cc\"},\"image\":{\"@id\":\"https:\/\/czerwonawalizka.com\/index.php\/2018\/08\/05\/balkanski-roadtrip\/#primaryimage\"},\"thumbnailUrl\":\"https:\/\/czerwonawalizka.com\/wp-content\/uploads\/2018\/08\/roadtrip_blog.png\",\"keywords\":[\"Ba\u0142ka\u0144ski roadtrip\",\"Bo\u015bnia i Hercegowina\",\"Czarnog\u00f3ra\",\"lato 2018\",\"roadtrip\",\"wyprawa samochodowa\"],\"articleSection\":[\"My\u015blodsiewnia\",\"Po Europie\",\"Podr\u00f3\u017ce\"],\"inLanguage\":\"pl-PL\",\"potentialAction\":[{\"@type\":\"CommentAction\",\"name\":\"Comment\",\"target\":[\"https:\/\/czerwonawalizka.com\/index.php\/2018\/08\/05\/balkanski-roadtrip\/#respond\"]}]},{\"@type\":\"WebPage\",\"@id\":\"https:\/\/czerwonawalizka.com\/index.php\/2018\/08\/05\/balkanski-roadtrip\/\",\"url\":\"https:\/\/czerwonawalizka.com\/index.php\/2018\/08\/05\/balkanski-roadtrip\/\",\"name\":\"Ba\u0142ka\u0144ski roadtrip - Dziewczyna z czerwon\u0105 walizk\u0105\",\"isPartOf\":{\"@id\":\"https:\/\/czerwonawalizka.com\/#website\"},\"primaryImageOfPage\":{\"@id\":\"https:\/\/czerwonawalizka.com\/index.php\/2018\/08\/05\/balkanski-roadtrip\/#primaryimage\"},\"image\":{\"@id\":\"https:\/\/czerwonawalizka.com\/index.php\/2018\/08\/05\/balkanski-roadtrip\/#primaryimage\"},\"thumbnailUrl\":\"https:\/\/czerwonawalizka.com\/wp-content\/uploads\/2018\/08\/roadtrip_blog.png\",\"datePublished\":\"2018-08-05T17:12:17+00:00\",\"dateModified\":\"2021-01-04T15:52:10+00:00\",\"description\":\"Ba\u0142kany to nie region, to stan umys\u0142u - chyba mo\u017cna by tak powiedzie\u0107. Postanowili\u015bmy wi\u0119c zmieni\u0107 troch\u0119 nasz stan umys\u0142u i latem 2018 wyruszyli\u015bmy na ba\u0142ka\u0144ski roadtrip. Zapraszam do przeczytania relacji!\",\"breadcrumb\":{\"@id\":\"https:\/\/czerwonawalizka.com\/index.php\/2018\/08\/05\/balkanski-roadtrip\/#breadcrumb\"},\"inLanguage\":\"pl-PL\",\"potentialAction\":[{\"@type\":\"ReadAction\",\"target\":[\"https:\/\/czerwonawalizka.com\/index.php\/2018\/08\/05\/balkanski-roadtrip\/\"]}]},{\"@type\":\"ImageObject\",\"inLanguage\":\"pl-PL\",\"@id\":\"https:\/\/czerwonawalizka.com\/index.php\/2018\/08\/05\/balkanski-roadtrip\/#primaryimage\",\"url\":\"https:\/\/czerwonawalizka.com\/wp-content\/uploads\/2018\/08\/roadtrip_blog.png\",\"contentUrl\":\"https:\/\/czerwonawalizka.com\/wp-content\/uploads\/2018\/08\/roadtrip_blog.png\",\"width\":988,\"height\":558},{\"@type\":\"BreadcrumbList\",\"@id\":\"https:\/\/czerwonawalizka.com\/index.php\/2018\/08\/05\/balkanski-roadtrip\/#breadcrumb\",\"itemListElement\":[{\"@type\":\"ListItem\",\"position\":1,\"name\":\"Home\",\"item\":\"https:\/\/czerwonawalizka.com\/\"},{\"@type\":\"ListItem\",\"position\":2,\"name\":\"Ba\u0142ka\u0144ski roadtrip\"}]},{\"@type\":\"WebSite\",\"@id\":\"https:\/\/czerwonawalizka.com\/#website\",\"url\":\"https:\/\/czerwonawalizka.com\/\",\"name\":\"Dziewczyna z czerwon\u0105 walizk\u0105\",\"description\":\"Blog patchworkowy\",\"publisher\":{\"@id\":\"https:\/\/czerwonawalizka.com\/#\/schema\/person\/ca9ae0ae7fc0f714249aaa234df8f5cc\"},\"potentialAction\":[{\"@type\":\"SearchAction\",\"target\":{\"@type\":\"EntryPoint\",\"urlTemplate\":\"https:\/\/czerwonawalizka.com\/?s={search_term_string}\"},\"query-input\":{\"@type\":\"PropertyValueSpecification\",\"valueRequired\":true,\"valueName\":\"search_term_string\"}}],\"inLanguage\":\"pl-PL\"},{\"@type\":[\"Person\",\"Organization\"],\"@id\":\"https:\/\/czerwonawalizka.com\/#\/schema\/person\/ca9ae0ae7fc0f714249aaa234df8f5cc\",\"name\":\"Marta\",\"image\":{\"@type\":\"ImageObject\",\"inLanguage\":\"pl-PL\",\"@id\":\"https:\/\/czerwonawalizka.com\/#\/schema\/person\/image\/\",\"url\":\"https:\/\/czerwonawalizka.com\/wp-content\/uploads\/2017\/06\/cropped-logo6-1.png\",\"contentUrl\":\"https:\/\/czerwonawalizka.com\/wp-content\/uploads\/2017\/06\/cropped-logo6-1.png\",\"width\":1108,\"height\":480,\"caption\":\"Marta\"},\"logo\":{\"@id\":\"https:\/\/czerwonawalizka.com\/#\/schema\/person\/image\/\"},\"sameAs\":[\"http:\/\/www.czerwonawalizka.com\"],\"url\":\"https:\/\/czerwonawalizka.com\/index.php\/author\/dziewczyna-z-czerwona-walizka\/\"}]}<\/script>\n<!-- \/ Yoast SEO plugin. -->","yoast_head_json":{"title":"Ba\u0142ka\u0144ski roadtrip - Dziewczyna z czerwon\u0105 walizk\u0105","description":"Ba\u0142kany to nie region, to stan umys\u0142u - chyba mo\u017cna by tak powiedzie\u0107. Postanowili\u015bmy wi\u0119c zmieni\u0107 troch\u0119 nasz stan umys\u0142u i latem 2018 wyruszyli\u015bmy na ba\u0142ka\u0144ski roadtrip. Zapraszam do przeczytania relacji!","robots":{"index":"index","follow":"follow","max-snippet":"max-snippet:-1","max-image-preview":"max-image-preview:large","max-video-preview":"max-video-preview:-1"},"canonical":"https:\/\/czerwonawalizka.com\/index.php\/2018\/08\/05\/balkanski-roadtrip\/","og_locale":"pl_PL","og_type":"article","og_title":"Ba\u0142ka\u0144ski roadtrip - Dziewczyna z czerwon\u0105 walizk\u0105","og_description":"Ba\u0142kany to nie region, to stan umys\u0142u - chyba mo\u017cna by tak powiedzie\u0107. Postanowili\u015bmy wi\u0119c zmieni\u0107 troch\u0119 nasz stan umys\u0142u i latem 2018 wyruszyli\u015bmy na ba\u0142ka\u0144ski roadtrip. Zapraszam do przeczytania relacji!","og_url":"https:\/\/czerwonawalizka.com\/index.php\/2018\/08\/05\/balkanski-roadtrip\/","og_site_name":"Dziewczyna z czerwon\u0105 walizk\u0105","article_published_time":"2018-08-05T17:12:17+00:00","article_modified_time":"2021-01-04T15:52:10+00:00","og_image":[{"width":988,"height":558,"url":"https:\/\/czerwonawalizka.com\/wp-content\/uploads\/2018\/08\/roadtrip_blog.png","type":"image\/png"}],"author":"Marta","twitter_card":"summary_large_image","twitter_misc":{"Napisane przez":"Marta","Szacowany czas czytania":"10 minut"},"schema":{"@context":"https:\/\/schema.org","@graph":[{"@type":"Article","@id":"https:\/\/czerwonawalizka.com\/index.php\/2018\/08\/05\/balkanski-roadtrip\/#article","isPartOf":{"@id":"https:\/\/czerwonawalizka.com\/index.php\/2018\/08\/05\/balkanski-roadtrip\/"},"author":{"name":"Marta","@id":"https:\/\/czerwonawalizka.com\/#\/schema\/person\/ca9ae0ae7fc0f714249aaa234df8f5cc"},"headline":"Ba\u0142ka\u0144ski roadtrip","datePublished":"2018-08-05T17:12:17+00:00","dateModified":"2021-01-04T15:52:10+00:00","mainEntityOfPage":{"@id":"https:\/\/czerwonawalizka.com\/index.php\/2018\/08\/05\/balkanski-roadtrip\/"},"wordCount":1959,"commentCount":2,"publisher":{"@id":"https:\/\/czerwonawalizka.com\/#\/schema\/person\/ca9ae0ae7fc0f714249aaa234df8f5cc"},"image":{"@id":"https:\/\/czerwonawalizka.com\/index.php\/2018\/08\/05\/balkanski-roadtrip\/#primaryimage"},"thumbnailUrl":"https:\/\/czerwonawalizka.com\/wp-content\/uploads\/2018\/08\/roadtrip_blog.png","keywords":["Ba\u0142ka\u0144ski roadtrip","Bo\u015bnia i Hercegowina","Czarnog\u00f3ra","lato 2018","roadtrip","wyprawa samochodowa"],"articleSection":["My\u015blodsiewnia","Po Europie","Podr\u00f3\u017ce"],"inLanguage":"pl-PL","potentialAction":[{"@type":"CommentAction","name":"Comment","target":["https:\/\/czerwonawalizka.com\/index.php\/2018\/08\/05\/balkanski-roadtrip\/#respond"]}]},{"@type":"WebPage","@id":"https:\/\/czerwonawalizka.com\/index.php\/2018\/08\/05\/balkanski-roadtrip\/","url":"https:\/\/czerwonawalizka.com\/index.php\/2018\/08\/05\/balkanski-roadtrip\/","name":"Ba\u0142ka\u0144ski roadtrip - Dziewczyna z czerwon\u0105 walizk\u0105","isPartOf":{"@id":"https:\/\/czerwonawalizka.com\/#website"},"primaryImageOfPage":{"@id":"https:\/\/czerwonawalizka.com\/index.php\/2018\/08\/05\/balkanski-roadtrip\/#primaryimage"},"image":{"@id":"https:\/\/czerwonawalizka.com\/index.php\/2018\/08\/05\/balkanski-roadtrip\/#primaryimage"},"thumbnailUrl":"https:\/\/czerwonawalizka.com\/wp-content\/uploads\/2018\/08\/roadtrip_blog.png","datePublished":"2018-08-05T17:12:17+00:00","dateModified":"2021-01-04T15:52:10+00:00","description":"Ba\u0142kany to nie region, to stan umys\u0142u - chyba mo\u017cna by tak powiedzie\u0107. Postanowili\u015bmy wi\u0119c zmieni\u0107 troch\u0119 nasz stan umys\u0142u i latem 2018 wyruszyli\u015bmy na ba\u0142ka\u0144ski roadtrip. Zapraszam do przeczytania relacji!","breadcrumb":{"@id":"https:\/\/czerwonawalizka.com\/index.php\/2018\/08\/05\/balkanski-roadtrip\/#breadcrumb"},"inLanguage":"pl-PL","potentialAction":[{"@type":"ReadAction","target":["https:\/\/czerwonawalizka.com\/index.php\/2018\/08\/05\/balkanski-roadtrip\/"]}]},{"@type":"ImageObject","inLanguage":"pl-PL","@id":"https:\/\/czerwonawalizka.com\/index.php\/2018\/08\/05\/balkanski-roadtrip\/#primaryimage","url":"https:\/\/czerwonawalizka.com\/wp-content\/uploads\/2018\/08\/roadtrip_blog.png","contentUrl":"https:\/\/czerwonawalizka.com\/wp-content\/uploads\/2018\/08\/roadtrip_blog.png","width":988,"height":558},{"@type":"BreadcrumbList","@id":"https:\/\/czerwonawalizka.com\/index.php\/2018\/08\/05\/balkanski-roadtrip\/#breadcrumb","itemListElement":[{"@type":"ListItem","position":1,"name":"Home","item":"https:\/\/czerwonawalizka.com\/"},{"@type":"ListItem","position":2,"name":"Ba\u0142ka\u0144ski roadtrip"}]},{"@type":"WebSite","@id":"https:\/\/czerwonawalizka.com\/#website","url":"https:\/\/czerwonawalizka.com\/","name":"Dziewczyna z czerwon\u0105 walizk\u0105","description":"Blog patchworkowy","publisher":{"@id":"https:\/\/czerwonawalizka.com\/#\/schema\/person\/ca9ae0ae7fc0f714249aaa234df8f5cc"},"potentialAction":[{"@type":"SearchAction","target":{"@type":"EntryPoint","urlTemplate":"https:\/\/czerwonawalizka.com\/?s={search_term_string}"},"query-input":{"@type":"PropertyValueSpecification","valueRequired":true,"valueName":"search_term_string"}}],"inLanguage":"pl-PL"},{"@type":["Person","Organization"],"@id":"https:\/\/czerwonawalizka.com\/#\/schema\/person\/ca9ae0ae7fc0f714249aaa234df8f5cc","name":"Marta","image":{"@type":"ImageObject","inLanguage":"pl-PL","@id":"https:\/\/czerwonawalizka.com\/#\/schema\/person\/image\/","url":"https:\/\/czerwonawalizka.com\/wp-content\/uploads\/2017\/06\/cropped-logo6-1.png","contentUrl":"https:\/\/czerwonawalizka.com\/wp-content\/uploads\/2017\/06\/cropped-logo6-1.png","width":1108,"height":480,"caption":"Marta"},"logo":{"@id":"https:\/\/czerwonawalizka.com\/#\/schema\/person\/image\/"},"sameAs":["http:\/\/www.czerwonawalizka.com"],"url":"https:\/\/czerwonawalizka.com\/index.php\/author\/dziewczyna-z-czerwona-walizka\/"}]}},"jetpack_publicize_connections":[],"jetpack_featured_media_url":"https:\/\/czerwonawalizka.com\/wp-content\/uploads\/2018\/08\/roadtrip_blog.png","jetpack_sharing_enabled":true,"jetpack_shortlink":"https:\/\/wp.me\/p8RvtB-BN","jetpack_likes_enabled":false,"_links":{"self":[{"href":"https:\/\/czerwonawalizka.com\/index.php\/wp-json\/wp\/v2\/posts\/2343","targetHints":{"allow":["GET"]}}],"collection":[{"href":"https:\/\/czerwonawalizka.com\/index.php\/wp-json\/wp\/v2\/posts"}],"about":[{"href":"https:\/\/czerwonawalizka.com\/index.php\/wp-json\/wp\/v2\/types\/post"}],"author":[{"embeddable":true,"href":"https:\/\/czerwonawalizka.com\/index.php\/wp-json\/wp\/v2\/users\/2"}],"replies":[{"embeddable":true,"href":"https:\/\/czerwonawalizka.com\/index.php\/wp-json\/wp\/v2\/comments?post=2343"}],"version-history":[{"count":5,"href":"https:\/\/czerwonawalizka.com\/index.php\/wp-json\/wp\/v2\/posts\/2343\/revisions"}],"predecessor-version":[{"id":2373,"href":"https:\/\/czerwonawalizka.com\/index.php\/wp-json\/wp\/v2\/posts\/2343\/revisions\/2373"}],"wp:featuredmedia":[{"embeddable":true,"href":"https:\/\/czerwonawalizka.com\/index.php\/wp-json\/wp\/v2\/media\/2363"}],"wp:attachment":[{"href":"https:\/\/czerwonawalizka.com\/index.php\/wp-json\/wp\/v2\/media?parent=2343"}],"wp:term":[{"taxonomy":"category","embeddable":true,"href":"https:\/\/czerwonawalizka.com\/index.php\/wp-json\/wp\/v2\/categories?post=2343"},{"taxonomy":"post_tag","embeddable":true,"href":"https:\/\/czerwonawalizka.com\/index.php\/wp-json\/wp\/v2\/tags?post=2343"}],"curies":[{"name":"wp","href":"https:\/\/api.w.org\/{rel}","templated":true}]}}