{"id":2216,"date":"2018-03-19T22:21:35","date_gmt":"2018-03-19T21:21:35","guid":{"rendered":"http:\/\/czerwonawalizka.com\/?p=2216"},"modified":"2018-03-19T22:30:17","modified_gmt":"2018-03-19T21:30:17","slug":"shareweek-2018","status":"publish","type":"post","link":"https:\/\/czerwonawalizka.com\/index.php\/2018\/03\/19\/shareweek-2018\/","title":{"rendered":"Shareweek 2018!"},"content":{"rendered":"<p>Co za du\u017co czeskiego, to nie zdrowo! [wie o tym i potwierdza moja w\u0105troba\u2026] Dlatego w\u0142a\u015bnie postanowi\u0142am wzi\u0105\u0107 udzia\u0142 w tegorocznym wydaniu Shareweek 2018! Andrzeja Tucholskiego. Co sprawia, \u017ce ch\u0119tnie popo\u0142udniami otwieram laptopa?&#8230; [opr\u00f3cz pisania dla Was, oczywi\u015bcie]<\/p>\n<p>Co\u015b innego. Co\u015b, co sprawia, \u017ce odrywam si\u0119 od szaro\u015bci za oknem [kiedy nie jest szaro, staram si\u0119 jednak sp\u0119dza\u0107 czas po drugiej stronie okna] i mobilizuje mnie do u\u015bmiechu rano, kiedy dzwoni budzik. Co\u015b, co daje kopa energii nawet w te deszczowe dni!<\/p>\n<p>D\u0142ugo si\u0119 zastanawia\u0142am. Blog\u00f3w czytam sporo, kilka z nich to mali bo\u017cyszcze blogosfery, jak np. <a href=\"http:\/\/www.paniswojegoczasu.pl\/\" target=\"_blank\" rel=\"noopener\">Pani Swojego Czasu<\/a> [ta energia! ta osobowo\u015b\u0107!], <a href=\"http:\/\/jakoszczedzacpieniadze.pl\/\" target=\"_blank\" rel=\"noopener\">Jak Oszcz\u0119dza\u0107 Pieni\u0105dze<\/a> [bardzo warto\u015bciowe tre\u015bci] czy <a href=\"https:\/\/olagosciniak.pl\/\" target=\"_blank\" rel=\"noopener\">Jestem Interaktywna<\/a> [m.in. dzi\u0119ki niej czytacie t\u0119 stron\u0119 ] \u2013 to wszystko miejsca, w kt\u00f3rych znajdziecie mas\u0119 merytorycznych tre\u015bci, kt\u00f3rych autorom bardzo si\u0119 chce, a ch\u0119ci wychodz\u0105 kilobajtami z ich stron. Ale tych zapewne znacie sami, dosz\u0142am wi\u0119c do wniosku, \u017ce poleca\u0107 ich \u2013 nie ma sensu.<\/p>\n<p>Potem jest grupa ludzi, kt\u00f3rzy odwalaj\u0105 naprawd\u0119 wspania\u0142\u0105 robot\u0119 i radz\u0105 sobie ca\u0142kiem dobrze. Na tyle dobrze, \u017ce gotowa jestem po\u015bwi\u0119ci\u0107 pi\u0105tkowy wiecz\u00f3r na ogl\u0105danie\/czytanie ich tw\u00f3rczo\u015bci. To chyba m\u00f3wi ca\u0142kiem sporo, prawda? Poni\u017cej znajdziecie wi\u0119c tr\u00f3jk\u0119, kt\u00f3r\u0105 lubi\u0119 najbardziej. Kolejno\u015b\u0107 przypadkowa!<\/p>\n<h3>1. <a href=\"https:\/\/kolemsietoczy.pl\/\" target=\"_blank\" rel=\"noopener\">Ko\u0142em si\u0119 Toczy<\/a>.<\/h3>\n<p>Karol przemierza \u015bwiat na dw\u00f3ch k\u00f3\u0142kach. Pisze ksi\u0105\u017cki. Sporo podr\u00f3\u017cuje. I w\u0142a\u015bnie z tego uczyni\u0142 sw\u00f3j spos\u00f3b na \u017cycie. \u015awietnie o tym opowiada, w spos\u00f3b ludzki, logiczny, prosty, bez nad\u0119cia, przyst\u0119pnie. Stworzy\u0142 dwa poradniki: o tym, jak samodzielnie wybra\u0107 si\u0119 w podr\u00f3\u017c i o tym, jak z podr\u00f3\u017cy wy\u017cy\u0107. To jednak tylko cz\u0119\u015b\u0107 jego pracy \u2013 dope\u0142nienie bloga stanowi kana\u0142 youtube\u2019a, na kt\u00f3rym mo\u017cecie poogl\u0105da\u0107 przepi\u0119kne uj\u0119cia, timelapsy, zdj\u0119cia z drona. Nic, tylko ogl\u0105da\u0107!<\/p>\n<p>PS To Karol zainspirowa\u0142 mnie do plan\u00f3w do tegorocznych czeskich wakacji. Ju\u017c nied\u0142ugo zdradz\u0119 wi\u0119cej na temat tego szalonego pomys\u0142u\u2026<\/p>\n<h3>2.<a href=\"http:\/\/nadiavstheworld.com\/\" target=\"_blank\" rel=\"noopener\"> Nadia vs the world.<\/a><\/h3>\n<p>O Nadii g\u0142o\u015bno by\u0142o kilka lat temu, kiedy z niczego nic, zwyczajna dziewczyna, wyruszy\u0142a w podr\u00f3\u017c dooko\u0142a \u015bwiata, by przerwa\u0107 nudn\u0105 egzystencj\u0119 szarego cz\u0142owieka pracuj\u0105cego w biurze. Wyruszy\u0142a, by pozna\u0107 szeroki \u015bwiat i by o tym pisa\u0107. Jej podr\u00f3\u017c mo\u017cna by\u0142o \u015bledzi\u0107 na blogu. Ta podr\u00f3\u017c dobieg\u0142a jednak ko\u0144ca ju\u017c jaki\u015b czas temu, Nadia jednak nigdy na dobre nie wr\u00f3ci\u0142a\u2026 Dzi\u015b mo\u017cecie \u015bledzi\u0107 jej poczynania poprzez intryguj\u0105ce, czasem troch\u0119 pretensjonalne, czasem urocze, ale zawsze pe\u0142ne dobrej energii posty. Polecam! Mi zawsze przywraca u\u015bmiech, zw\u0142aszcza, \u017ce tekst okraszony jest zazwyczaj pi\u0119knymi fotografiami.<\/p>\n<h3>3. <a href=\"http:\/\/globstory.pl\/\" target=\"_blank\" rel=\"noopener\">Globstory<\/a>.<\/h3>\n<p>O Kai i jej blogu\/kanale dowiedzia\u0142am si\u0119 przypadkiem \u2013 po zapisaniu si\u0119 na <a href=\"https:\/\/blogconferencepoznan.pl\/\" target=\"_blank\" rel=\"noopener\">Blog Conference Pozna\u0144<\/a>, przegl\u0105da\u0142am zaciekawiona listy prelegent\u00f3w \u2013 i oto m\u00f3j wzrok przyku\u0142 Globstory \u2013 jedna ziemia, wiele \u015bwiat\u00f3w. Czy istnieje lepszy slogan pokazuj\u0105cy, jak bardzo r\u00f3\u017cni i podobni jednocze\u015bnie jeste\u015bmy?&#8230; Zakocha\u0142am si\u0119 od pierwszej wizyty. Kaja podr\u00f3\u017cuje po \u015bwiecie i kr\u0119ci podczas swych podr\u00f3\u017cy filmiki. O jedzeniu, o mieszkaniu, o tubylcach, o ludziach, po prostu. Ostatnio zebra\u0142a dzi\u0119ki filmikowi ponad 60 000 PLN dla pana Paw, kt\u00f3ry dzi\u0119ki tym pieni\u0105dzom kupi\u0142 ziemi\u0119 i zamierza postawi\u0107 dom. W Kambod\u017cy. Fajnie?&#8230; Do tego dodaje pi\u0119kne zdj\u0119cia i \u015bwietny, aksamitny, radiowy g\u0142os. Bardzo na plus!<\/p>\n<p>Blog\u00f3w, kt\u00f3re odwiedzam, jest du\u017co wi\u0119cej. To jednak te, kt\u00f3re ostatnio zaw\u0142adn\u0119\u0142y moim sercem. A co czytacie\/ogl\u0105dacie Wy? Ciekawa jestem Waszych typ\u00f3w!<\/p>\n<p>Marta<\/p>\n","protected":false},"excerpt":{"rendered":"<p>Co za du\u017co czeskiego, to nie zdrowo! [wie o tym i potwierdza moja w\u0105troba\u2026] Dlatego w\u0142a\u015bnie postanowi\u0142am wzi\u0105\u0107 udzia\u0142 w tegorocznym wydaniu Shareweek 2018! Andrzeja Tucholskiego. Co sprawia, \u017ce ch\u0119tnie popo\u0142udniami otwieram laptopa?&#8230; [opr\u00f3cz pisania dla Was, oczywi\u015bcie] Co\u015b innego. Co\u015b, co sprawia, \u017ce odrywam si\u0119 od szaro\u015bci za oknem [kiedy nie jest szaro, staram&hellip; <a class=\"more-link\" href=\"https:\/\/czerwonawalizka.com\/index.php\/2018\/03\/19\/shareweek-2018\/\">Read More <span class=\"screen-reader-text\">Shareweek 2018!<\/span><\/a><\/p>\n","protected":false},"author":2,"featured_media":2217,"comment_status":"open","ping_status":"open","sticky":false,"template":"","format":"standard","meta":{"jetpack_post_was_ever_published":false,"_jetpack_newsletter_access":"","_jetpack_dont_email_post_to_subs":false,"_jetpack_newsletter_tier_id":0,"_jetpack_memberships_contains_paywalled_content":false,"_jetpack_memberships_contains_paid_content":false,"footnotes":"","jetpack_publicize_message":"","jetpack_publicize_feature_enabled":true,"jetpack_social_post_already_shared":true,"jetpack_social_options":{"image_generator_settings":{"template":"highway","default_image_id":0,"font":"","enabled":false},"version":2}},"categories":[18,7],"tags":[337,336,338,335],"class_list":["post-2216","post","type-post","status-publish","format-standard","has-post-thumbnail","hentry","category-dobre-zycie","category-myslodsiewnia","tag-blogi","tag-blogosfera","tag-polskie-blogi","tag-shareweek"],"yoast_head":"<!-- This site is optimized with the Yoast SEO plugin v27.0 - https:\/\/yoast.com\/product\/yoast-seo-wordpress\/ -->\n<title>Shareweek 2018! - Dziewczyna z czerwon\u0105 walizk\u0105<\/title>\n<meta name=\"description\" content=\"Andrzej Tucholski wymy\u015bli\u0142 wspania\u0142a ide\u0119 - blogosfera jest... do dzielenia! Postanowi\u0142am wi\u0119cj dorzuci\u0107 swoje 3 grosze i ja - poni\u017cej znajdziecie trzech wspania\u0142ych tw\u00f3rc\u00f3w, kt\u00f3rych z czystym sumieniem polecam. Trzymajcie!\" \/>\n<meta name=\"robots\" content=\"index, follow, max-snippet:-1, max-image-preview:large, max-video-preview:-1\" \/>\n<link rel=\"canonical\" href=\"https:\/\/czerwonawalizka.com\/index.php\/2018\/03\/19\/shareweek-2018\/\" \/>\n<meta property=\"og:locale\" content=\"pl_PL\" \/>\n<meta property=\"og:type\" content=\"article\" \/>\n<meta property=\"og:title\" content=\"Shareweek 2018! - Dziewczyna z czerwon\u0105 walizk\u0105\" \/>\n<meta property=\"og:description\" content=\"Andrzej Tucholski wymy\u015bli\u0142 wspania\u0142a ide\u0119 - blogosfera jest... do dzielenia! Postanowi\u0142am wi\u0119cj dorzuci\u0107 swoje 3 grosze i ja - poni\u017cej znajdziecie trzech wspania\u0142ych tw\u00f3rc\u00f3w, kt\u00f3rych z czystym sumieniem polecam. Trzymajcie!\" \/>\n<meta property=\"og:url\" content=\"https:\/\/czerwonawalizka.com\/index.php\/2018\/03\/19\/shareweek-2018\/\" \/>\n<meta property=\"og:site_name\" content=\"Dziewczyna z czerwon\u0105 walizk\u0105\" \/>\n<meta property=\"article:published_time\" content=\"2018-03-19T21:21:35+00:00\" \/>\n<meta property=\"article:modified_time\" content=\"2018-03-19T21:30:17+00:00\" \/>\n<meta property=\"og:image\" content=\"https:\/\/czerwonawalizka.com\/wp-content\/uploads\/2018\/03\/shareweek.png\" \/>\n\t<meta property=\"og:image:width\" content=\"1167\" \/>\n\t<meta property=\"og:image:height\" content=\"654\" \/>\n\t<meta property=\"og:image:type\" content=\"image\/png\" \/>\n<meta name=\"author\" content=\"Marta\" \/>\n<meta name=\"twitter:card\" content=\"summary_large_image\" \/>\n<meta name=\"twitter:label1\" content=\"Napisane przez\" \/>\n\t<meta name=\"twitter:data1\" content=\"Marta\" \/>\n\t<meta name=\"twitter:label2\" content=\"Szacowany czas czytania\" \/>\n\t<meta name=\"twitter:data2\" content=\"3 minuty\" \/>\n<script type=\"application\/ld+json\" class=\"yoast-schema-graph\">{\"@context\":\"https:\/\/schema.org\",\"@graph\":[{\"@type\":\"Article\",\"@id\":\"https:\/\/czerwonawalizka.com\/index.php\/2018\/03\/19\/shareweek-2018\/#article\",\"isPartOf\":{\"@id\":\"https:\/\/czerwonawalizka.com\/index.php\/2018\/03\/19\/shareweek-2018\/\"},\"author\":{\"name\":\"Marta\",\"@id\":\"https:\/\/czerwonawalizka.com\/#\/schema\/person\/ca9ae0ae7fc0f714249aaa234df8f5cc\"},\"headline\":\"Shareweek 2018!\",\"datePublished\":\"2018-03-19T21:21:35+00:00\",\"dateModified\":\"2018-03-19T21:30:17+00:00\",\"mainEntityOfPage\":{\"@id\":\"https:\/\/czerwonawalizka.com\/index.php\/2018\/03\/19\/shareweek-2018\/\"},\"wordCount\":638,\"commentCount\":7,\"publisher\":{\"@id\":\"https:\/\/czerwonawalizka.com\/#\/schema\/person\/ca9ae0ae7fc0f714249aaa234df8f5cc\"},\"image\":{\"@id\":\"https:\/\/czerwonawalizka.com\/index.php\/2018\/03\/19\/shareweek-2018\/#primaryimage\"},\"thumbnailUrl\":\"https:\/\/czerwonawalizka.com\/wp-content\/uploads\/2018\/03\/shareweek.png\",\"keywords\":[\"blogi\",\"blogosfera\",\"polskie blogi\",\"shareweek\"],\"articleSection\":[\"dobre \u017cycie\",\"My\u015blodsiewnia\"],\"inLanguage\":\"pl-PL\",\"potentialAction\":[{\"@type\":\"CommentAction\",\"name\":\"Comment\",\"target\":[\"https:\/\/czerwonawalizka.com\/index.php\/2018\/03\/19\/shareweek-2018\/#respond\"]}]},{\"@type\":\"WebPage\",\"@id\":\"https:\/\/czerwonawalizka.com\/index.php\/2018\/03\/19\/shareweek-2018\/\",\"url\":\"https:\/\/czerwonawalizka.com\/index.php\/2018\/03\/19\/shareweek-2018\/\",\"name\":\"Shareweek 2018! - Dziewczyna z czerwon\u0105 walizk\u0105\",\"isPartOf\":{\"@id\":\"https:\/\/czerwonawalizka.com\/#website\"},\"primaryImageOfPage\":{\"@id\":\"https:\/\/czerwonawalizka.com\/index.php\/2018\/03\/19\/shareweek-2018\/#primaryimage\"},\"image\":{\"@id\":\"https:\/\/czerwonawalizka.com\/index.php\/2018\/03\/19\/shareweek-2018\/#primaryimage\"},\"thumbnailUrl\":\"https:\/\/czerwonawalizka.com\/wp-content\/uploads\/2018\/03\/shareweek.png\",\"datePublished\":\"2018-03-19T21:21:35+00:00\",\"dateModified\":\"2018-03-19T21:30:17+00:00\",\"description\":\"Andrzej Tucholski wymy\u015bli\u0142 wspania\u0142a ide\u0119 - blogosfera jest... do dzielenia! Postanowi\u0142am wi\u0119cj dorzuci\u0107 swoje 3 grosze i ja - poni\u017cej znajdziecie trzech wspania\u0142ych tw\u00f3rc\u00f3w, kt\u00f3rych z czystym sumieniem polecam. Trzymajcie!\",\"breadcrumb\":{\"@id\":\"https:\/\/czerwonawalizka.com\/index.php\/2018\/03\/19\/shareweek-2018\/#breadcrumb\"},\"inLanguage\":\"pl-PL\",\"potentialAction\":[{\"@type\":\"ReadAction\",\"target\":[\"https:\/\/czerwonawalizka.com\/index.php\/2018\/03\/19\/shareweek-2018\/\"]}]},{\"@type\":\"ImageObject\",\"inLanguage\":\"pl-PL\",\"@id\":\"https:\/\/czerwonawalizka.com\/index.php\/2018\/03\/19\/shareweek-2018\/#primaryimage\",\"url\":\"https:\/\/czerwonawalizka.com\/wp-content\/uploads\/2018\/03\/shareweek.png\",\"contentUrl\":\"https:\/\/czerwonawalizka.com\/wp-content\/uploads\/2018\/03\/shareweek.png\",\"width\":1167,\"height\":654},{\"@type\":\"BreadcrumbList\",\"@id\":\"https:\/\/czerwonawalizka.com\/index.php\/2018\/03\/19\/shareweek-2018\/#breadcrumb\",\"itemListElement\":[{\"@type\":\"ListItem\",\"position\":1,\"name\":\"Home\",\"item\":\"https:\/\/czerwonawalizka.com\/\"},{\"@type\":\"ListItem\",\"position\":2,\"name\":\"Shareweek 2018!\"}]},{\"@type\":\"WebSite\",\"@id\":\"https:\/\/czerwonawalizka.com\/#website\",\"url\":\"https:\/\/czerwonawalizka.com\/\",\"name\":\"Dziewczyna z czerwon\u0105 walizk\u0105\",\"description\":\"Blog patchworkowy\",\"publisher\":{\"@id\":\"https:\/\/czerwonawalizka.com\/#\/schema\/person\/ca9ae0ae7fc0f714249aaa234df8f5cc\"},\"potentialAction\":[{\"@type\":\"SearchAction\",\"target\":{\"@type\":\"EntryPoint\",\"urlTemplate\":\"https:\/\/czerwonawalizka.com\/?s={search_term_string}\"},\"query-input\":{\"@type\":\"PropertyValueSpecification\",\"valueRequired\":true,\"valueName\":\"search_term_string\"}}],\"inLanguage\":\"pl-PL\"},{\"@type\":[\"Person\",\"Organization\"],\"@id\":\"https:\/\/czerwonawalizka.com\/#\/schema\/person\/ca9ae0ae7fc0f714249aaa234df8f5cc\",\"name\":\"Marta\",\"image\":{\"@type\":\"ImageObject\",\"inLanguage\":\"pl-PL\",\"@id\":\"https:\/\/czerwonawalizka.com\/#\/schema\/person\/image\/\",\"url\":\"https:\/\/czerwonawalizka.com\/wp-content\/uploads\/2017\/06\/cropped-logo6-1.png\",\"contentUrl\":\"https:\/\/czerwonawalizka.com\/wp-content\/uploads\/2017\/06\/cropped-logo6-1.png\",\"width\":1108,\"height\":480,\"caption\":\"Marta\"},\"logo\":{\"@id\":\"https:\/\/czerwonawalizka.com\/#\/schema\/person\/image\/\"},\"sameAs\":[\"http:\/\/www.czerwonawalizka.com\"],\"url\":\"https:\/\/czerwonawalizka.com\/index.php\/author\/dziewczyna-z-czerwona-walizka\/\"}]}<\/script>\n<!-- \/ Yoast SEO plugin. -->","yoast_head_json":{"title":"Shareweek 2018! - Dziewczyna z czerwon\u0105 walizk\u0105","description":"Andrzej Tucholski wymy\u015bli\u0142 wspania\u0142a ide\u0119 - blogosfera jest... do dzielenia! Postanowi\u0142am wi\u0119cj dorzuci\u0107 swoje 3 grosze i ja - poni\u017cej znajdziecie trzech wspania\u0142ych tw\u00f3rc\u00f3w, kt\u00f3rych z czystym sumieniem polecam. Trzymajcie!","robots":{"index":"index","follow":"follow","max-snippet":"max-snippet:-1","max-image-preview":"max-image-preview:large","max-video-preview":"max-video-preview:-1"},"canonical":"https:\/\/czerwonawalizka.com\/index.php\/2018\/03\/19\/shareweek-2018\/","og_locale":"pl_PL","og_type":"article","og_title":"Shareweek 2018! - Dziewczyna z czerwon\u0105 walizk\u0105","og_description":"Andrzej Tucholski wymy\u015bli\u0142 wspania\u0142a ide\u0119 - blogosfera jest... do dzielenia! Postanowi\u0142am wi\u0119cj dorzuci\u0107 swoje 3 grosze i ja - poni\u017cej znajdziecie trzech wspania\u0142ych tw\u00f3rc\u00f3w, kt\u00f3rych z czystym sumieniem polecam. Trzymajcie!","og_url":"https:\/\/czerwonawalizka.com\/index.php\/2018\/03\/19\/shareweek-2018\/","og_site_name":"Dziewczyna z czerwon\u0105 walizk\u0105","article_published_time":"2018-03-19T21:21:35+00:00","article_modified_time":"2018-03-19T21:30:17+00:00","og_image":[{"width":1167,"height":654,"url":"https:\/\/czerwonawalizka.com\/wp-content\/uploads\/2018\/03\/shareweek.png","type":"image\/png"}],"author":"Marta","twitter_card":"summary_large_image","twitter_misc":{"Napisane przez":"Marta","Szacowany czas czytania":"3 minuty"},"schema":{"@context":"https:\/\/schema.org","@graph":[{"@type":"Article","@id":"https:\/\/czerwonawalizka.com\/index.php\/2018\/03\/19\/shareweek-2018\/#article","isPartOf":{"@id":"https:\/\/czerwonawalizka.com\/index.php\/2018\/03\/19\/shareweek-2018\/"},"author":{"name":"Marta","@id":"https:\/\/czerwonawalizka.com\/#\/schema\/person\/ca9ae0ae7fc0f714249aaa234df8f5cc"},"headline":"Shareweek 2018!","datePublished":"2018-03-19T21:21:35+00:00","dateModified":"2018-03-19T21:30:17+00:00","mainEntityOfPage":{"@id":"https:\/\/czerwonawalizka.com\/index.php\/2018\/03\/19\/shareweek-2018\/"},"wordCount":638,"commentCount":7,"publisher":{"@id":"https:\/\/czerwonawalizka.com\/#\/schema\/person\/ca9ae0ae7fc0f714249aaa234df8f5cc"},"image":{"@id":"https:\/\/czerwonawalizka.com\/index.php\/2018\/03\/19\/shareweek-2018\/#primaryimage"},"thumbnailUrl":"https:\/\/czerwonawalizka.com\/wp-content\/uploads\/2018\/03\/shareweek.png","keywords":["blogi","blogosfera","polskie blogi","shareweek"],"articleSection":["dobre \u017cycie","My\u015blodsiewnia"],"inLanguage":"pl-PL","potentialAction":[{"@type":"CommentAction","name":"Comment","target":["https:\/\/czerwonawalizka.com\/index.php\/2018\/03\/19\/shareweek-2018\/#respond"]}]},{"@type":"WebPage","@id":"https:\/\/czerwonawalizka.com\/index.php\/2018\/03\/19\/shareweek-2018\/","url":"https:\/\/czerwonawalizka.com\/index.php\/2018\/03\/19\/shareweek-2018\/","name":"Shareweek 2018! - Dziewczyna z czerwon\u0105 walizk\u0105","isPartOf":{"@id":"https:\/\/czerwonawalizka.com\/#website"},"primaryImageOfPage":{"@id":"https:\/\/czerwonawalizka.com\/index.php\/2018\/03\/19\/shareweek-2018\/#primaryimage"},"image":{"@id":"https:\/\/czerwonawalizka.com\/index.php\/2018\/03\/19\/shareweek-2018\/#primaryimage"},"thumbnailUrl":"https:\/\/czerwonawalizka.com\/wp-content\/uploads\/2018\/03\/shareweek.png","datePublished":"2018-03-19T21:21:35+00:00","dateModified":"2018-03-19T21:30:17+00:00","description":"Andrzej Tucholski wymy\u015bli\u0142 wspania\u0142a ide\u0119 - blogosfera jest... do dzielenia! Postanowi\u0142am wi\u0119cj dorzuci\u0107 swoje 3 grosze i ja - poni\u017cej znajdziecie trzech wspania\u0142ych tw\u00f3rc\u00f3w, kt\u00f3rych z czystym sumieniem polecam. Trzymajcie!","breadcrumb":{"@id":"https:\/\/czerwonawalizka.com\/index.php\/2018\/03\/19\/shareweek-2018\/#breadcrumb"},"inLanguage":"pl-PL","potentialAction":[{"@type":"ReadAction","target":["https:\/\/czerwonawalizka.com\/index.php\/2018\/03\/19\/shareweek-2018\/"]}]},{"@type":"ImageObject","inLanguage":"pl-PL","@id":"https:\/\/czerwonawalizka.com\/index.php\/2018\/03\/19\/shareweek-2018\/#primaryimage","url":"https:\/\/czerwonawalizka.com\/wp-content\/uploads\/2018\/03\/shareweek.png","contentUrl":"https:\/\/czerwonawalizka.com\/wp-content\/uploads\/2018\/03\/shareweek.png","width":1167,"height":654},{"@type":"BreadcrumbList","@id":"https:\/\/czerwonawalizka.com\/index.php\/2018\/03\/19\/shareweek-2018\/#breadcrumb","itemListElement":[{"@type":"ListItem","position":1,"name":"Home","item":"https:\/\/czerwonawalizka.com\/"},{"@type":"ListItem","position":2,"name":"Shareweek 2018!"}]},{"@type":"WebSite","@id":"https:\/\/czerwonawalizka.com\/#website","url":"https:\/\/czerwonawalizka.com\/","name":"Dziewczyna z czerwon\u0105 walizk\u0105","description":"Blog patchworkowy","publisher":{"@id":"https:\/\/czerwonawalizka.com\/#\/schema\/person\/ca9ae0ae7fc0f714249aaa234df8f5cc"},"potentialAction":[{"@type":"SearchAction","target":{"@type":"EntryPoint","urlTemplate":"https:\/\/czerwonawalizka.com\/?s={search_term_string}"},"query-input":{"@type":"PropertyValueSpecification","valueRequired":true,"valueName":"search_term_string"}}],"inLanguage":"pl-PL"},{"@type":["Person","Organization"],"@id":"https:\/\/czerwonawalizka.com\/#\/schema\/person\/ca9ae0ae7fc0f714249aaa234df8f5cc","name":"Marta","image":{"@type":"ImageObject","inLanguage":"pl-PL","@id":"https:\/\/czerwonawalizka.com\/#\/schema\/person\/image\/","url":"https:\/\/czerwonawalizka.com\/wp-content\/uploads\/2017\/06\/cropped-logo6-1.png","contentUrl":"https:\/\/czerwonawalizka.com\/wp-content\/uploads\/2017\/06\/cropped-logo6-1.png","width":1108,"height":480,"caption":"Marta"},"logo":{"@id":"https:\/\/czerwonawalizka.com\/#\/schema\/person\/image\/"},"sameAs":["http:\/\/www.czerwonawalizka.com"],"url":"https:\/\/czerwonawalizka.com\/index.php\/author\/dziewczyna-z-czerwona-walizka\/"}]}},"jetpack_publicize_connections":[],"jetpack_featured_media_url":"https:\/\/czerwonawalizka.com\/wp-content\/uploads\/2018\/03\/shareweek.png","jetpack_sharing_enabled":true,"jetpack_shortlink":"https:\/\/wp.me\/p8RvtB-zK","jetpack_likes_enabled":false,"_links":{"self":[{"href":"https:\/\/czerwonawalizka.com\/index.php\/wp-json\/wp\/v2\/posts\/2216","targetHints":{"allow":["GET"]}}],"collection":[{"href":"https:\/\/czerwonawalizka.com\/index.php\/wp-json\/wp\/v2\/posts"}],"about":[{"href":"https:\/\/czerwonawalizka.com\/index.php\/wp-json\/wp\/v2\/types\/post"}],"author":[{"embeddable":true,"href":"https:\/\/czerwonawalizka.com\/index.php\/wp-json\/wp\/v2\/users\/2"}],"replies":[{"embeddable":true,"href":"https:\/\/czerwonawalizka.com\/index.php\/wp-json\/wp\/v2\/comments?post=2216"}],"version-history":[{"count":0,"href":"https:\/\/czerwonawalizka.com\/index.php\/wp-json\/wp\/v2\/posts\/2216\/revisions"}],"wp:featuredmedia":[{"embeddable":true,"href":"https:\/\/czerwonawalizka.com\/index.php\/wp-json\/wp\/v2\/media\/2217"}],"wp:attachment":[{"href":"https:\/\/czerwonawalizka.com\/index.php\/wp-json\/wp\/v2\/media?parent=2216"}],"wp:term":[{"taxonomy":"category","embeddable":true,"href":"https:\/\/czerwonawalizka.com\/index.php\/wp-json\/wp\/v2\/categories?post=2216"},{"taxonomy":"post_tag","embeddable":true,"href":"https:\/\/czerwonawalizka.com\/index.php\/wp-json\/wp\/v2\/tags?post=2216"}],"curies":[{"name":"wp","href":"https:\/\/api.w.org\/{rel}","templated":true}]}}