{"id":1988,"date":"2017-11-15T20:46:36","date_gmt":"2017-11-15T19:46:36","guid":{"rendered":"http:\/\/czerwonawalizka.com\/?p=1988"},"modified":"2021-01-04T17:04:13","modified_gmt":"2021-01-04T16:04:13","slug":"hiszpania-2017","status":"publish","type":"post","link":"https:\/\/czerwonawalizka.com\/index.php\/2017\/11\/15\/hiszpania-2017\/","title":{"rendered":"Hiszpania 2017"},"content":{"rendered":"<p>Jak wychodz\u0119 na dw\u00f3r, w powietrzu czu\u0107 ju\u017c mr\u00f3z. Nie umiem tego do ko\u0144ca opisa\u0107: to jest taki zapach \u015bwie\u017co\u015bci, przygody i oczekiwania w jednym. Troch\u0119 w nim dymu z palonego w\u0119gla (lub \u015bmieci, je\u015bli macie s\u0105siad\u00f3w inteligentnych inaczej), troch\u0119 szczypi\u0105cego mrozu, troch\u0119 ju\u017c \u015bwi\u0105tecznego oczekiwania, t\u0119sknoty za ciep\u0142em i gor\u0105c\u0105 herbat\u0105.<\/p>\n<p>Taka w\u0142a\u015bnie aura panuje obecnie w Poznaniu. A skoro ju\u017c siedz\u0119 pod kocem z gor\u0105c\u0105 herbat\u0105 w r\u0119ku \u2013 czas powspomina\u0107, co dobrego wydarzy\u0142o si\u0119 tego lata.<br \/>\nA wydarzy\u0142o si\u0119 sporo! Opr\u00f3cz <a href=\"http:\/\/czerwonawalizka.com\/index.php\/2017\/10\/19\/wyprawa-do-sloweni\/\" target=\"_blank\" rel=\"noopener noreferrer\">samochodowej wyprawy do S\u0142owenii,<\/a> <a href=\"http:\/\/czerwonawalizka.com\/index.php\/jesioniki\/\" target=\"_blank\" rel=\"noopener noreferrer\">kr\u00f3tkiego wypadu do Jesionik\u00f3w <\/a>oraz do Skalnego Miasta (wkr\u00f3tce na blogu) polecieli\u015bmy tak\u017ce do\u2026 Hiszpanii [i Portugalii, chocia\u017c tam troch\u0119 z przypadku].<\/p>\n<p>Tak, tak. Do tej sztampowej, wsz\u0119dzie reklamowanej, t\u0142ocznej, gor\u0105ce, s\u0142onecznej Hiszpanii.<\/p>\n<h2>Hiszpania&#8230; jak z obrazka?<\/h2>\n<figure id=\"attachment_2000\" aria-describedby=\"caption-attachment-2000\" style=\"width: 810px\" class=\"wp-caption aligncenter\"><img loading=\"lazy\" decoding=\"async\" class=\"wp-image-2000 size-full\" src=\"http:\/\/czerwonawalizka.com\/wp-content\/uploads\/2017\/11\/10.png\" alt=\"\" width=\"810\" height=\"450\" srcset=\"https:\/\/czerwonawalizka.com\/wp-content\/uploads\/2017\/11\/10.png 810w, https:\/\/czerwonawalizka.com\/wp-content\/uploads\/2017\/11\/10-600x333.png 600w, https:\/\/czerwonawalizka.com\/wp-content\/uploads\/2017\/11\/10-300x167.png 300w, https:\/\/czerwonawalizka.com\/wp-content\/uploads\/2017\/11\/10-768x427.png 768w, https:\/\/czerwonawalizka.com\/wp-content\/uploads\/2017\/11\/10-540x300.png 540w, https:\/\/czerwonawalizka.com\/wp-content\/uploads\/2017\/11\/10-400x222.png 400w\" sizes=\"auto, (max-width: 810px) 100vw, 810px\" \/><figcaption id=\"caption-attachment-2000\" class=\"wp-caption-text\">Isla de Ons, Galicia<\/figcaption><\/figure>\n<p>Tylko \u017ce Hiszpania z naszej wyprawy wcale nie by\u0142a t\u0142oczna. Nie by\u0142a nawet gor\u0105ca. A z ca\u0142\u0105 pewno\u015bci\u0105 nie by\u0142a zbyt s\u0142oneczna! No tak, dacie wiar\u0119?*<\/p>\n<p>*To taka kl\u0105twa, kt\u00f3ra ci\u0105\u017cy nad moj\u0105 rodzin\u0105\u2026 lub nade mn\u0105, jak twierdz\u0105 tej\u017ce cz\u0142onkowie. Gdziekolwiek si\u0119 nie wybior\u0119, zazwyczaj zaczyna pada\u0107 deszcz. Od tej regu\u0142y wyst\u0119puj\u0105 nieliczne wyj\u0105tki, kt\u00f3re przyjmuj\u0119 z ulg\u0105 i wdzi\u0119czno\u015bci\u0105, a kt\u00f3re potwierdzaj\u0105 regu\u0142\u0119. Raz czy dwa zdarzy\u0142o si\u0119, \u017ce region, kt\u00f3ry odwiedzili\u015bmy, nawiedzi\u0142a pow\u00f3d\u017a.<\/p>\n<p>**Nie, nie mam jeszcze zaplanowanych wypraw na przysz\u0142y rok ?<\/p>\n<figure id=\"attachment_2007\" aria-describedby=\"caption-attachment-2007\" style=\"width: 810px\" class=\"wp-caption aligncenter\"><img loading=\"lazy\" decoding=\"async\" class=\"size-full wp-image-2007\" src=\"http:\/\/czerwonawalizka.com\/wp-content\/uploads\/2017\/11\/17.png\" alt=\"\" width=\"810\" height=\"450\" srcset=\"https:\/\/czerwonawalizka.com\/wp-content\/uploads\/2017\/11\/17.png 810w, https:\/\/czerwonawalizka.com\/wp-content\/uploads\/2017\/11\/17-600x333.png 600w, https:\/\/czerwonawalizka.com\/wp-content\/uploads\/2017\/11\/17-300x167.png 300w, https:\/\/czerwonawalizka.com\/wp-content\/uploads\/2017\/11\/17-768x427.png 768w, https:\/\/czerwonawalizka.com\/wp-content\/uploads\/2017\/11\/17-540x300.png 540w, https:\/\/czerwonawalizka.com\/wp-content\/uploads\/2017\/11\/17-400x222.png 400w\" sizes=\"auto, (max-width: 810px) 100vw, 810px\" \/><figcaption id=\"caption-attachment-2007\" class=\"wp-caption-text\">Finisterre, czyli koniec \u015bwiata<\/figcaption><\/figure>\n<p>W zwi\u0105zku z powy\u017cszym, naprawd\u0119 uda\u0142o nam si\u0119 pojecha\u0107 do Hiszpanii i nieco zmokn\u0105\u0107. Pojechali\u015bmy bowiem w kierunku przeciwnym od tego, gdzie ci\u0105gnie wi\u0119kszo\u015b\u0107 \u2013 na Hiszpanii p\u00f3\u0142noc.<\/p>\n<p>Konkretnie trasa wygl\u0105da\u0142a nast\u0119puj\u0105co: Porto-Vigo-Santiago de Compostela-Asturias-Bilbao. Lot z Berlina do Porto trwa\u0142 3,5h. Dlaczego Porto?<\/p>\n<div class=\"googlemaps\">\n\t\t\t\t<iframe loading=\"lazy\" width=\"640\" height=\"480\" frameborder=\"0\" scrolling=\"no\" marginheight=\"0\" marginwidth=\"0\"  src=\"https:\/\/www.google.com\/maps\/d\/embed?mid=1ukCO2eooyJKyiIGuJVRattXHke7jrDtd\"><\/iframe>\n\t\t\t<\/div>\n<h3>Porto<\/h3>\n<figure id=\"attachment_1998\" aria-describedby=\"caption-attachment-1998\" style=\"width: 810px\" class=\"wp-caption aligncenter\"><img loading=\"lazy\" decoding=\"async\" class=\"wp-image-1998 size-full\" src=\"http:\/\/czerwonawalizka.com\/wp-content\/uploads\/2017\/11\/8.png\" alt=\"\" width=\"810\" height=\"450\" srcset=\"https:\/\/czerwonawalizka.com\/wp-content\/uploads\/2017\/11\/8.png 810w, https:\/\/czerwonawalizka.com\/wp-content\/uploads\/2017\/11\/8-600x333.png 600w, https:\/\/czerwonawalizka.com\/wp-content\/uploads\/2017\/11\/8-300x167.png 300w, https:\/\/czerwonawalizka.com\/wp-content\/uploads\/2017\/11\/8-768x427.png 768w, https:\/\/czerwonawalizka.com\/wp-content\/uploads\/2017\/11\/8-540x300.png 540w, https:\/\/czerwonawalizka.com\/wp-content\/uploads\/2017\/11\/8-400x222.png 400w\" sizes=\"auto, (max-width: 810px) 100vw, 810px\" \/><figcaption id=\"caption-attachment-1998\" class=\"wp-caption-text\">Porto<\/figcaption><\/figure>\n<p>Ano dlatego. Opr\u00f3cz tego to by\u0142 najbli\u017cszy sensowny port lotniczy, kt\u00f3ry zapewnia\u0142 po\u0142\u0105czenie z najbli\u017cszym nam Berlinem. Brali\u015bmy te\u017c pod uwag\u0119 inne lotniska (Wroc\u0142aw, Warszawa, Pozna\u0144 oczywi\u015bcie), jednak \u017cadne nie przedstawia\u0142o sensownej alternatywy w dobrej cenie. Zach\u0119ceni opowie\u015bciami znajomych oraz moimi w\u0142asnymi [ach, Erasmus &lt;3], postanowili\u015bmy wypraw\u0119 rozpocz\u0105\u0107 w Porto.<\/p>\n<p>Porto jest niesamowite. Do\u015b\u0107 zaniedbane, zdecydowanie niewygodne do chodzenia (cz\u0142owiek przejdzie kilkaset metr\u00f3w i ma wra\u017cenie, \u017ce zm\u0119czy\u0142 si\u0119 bardziej ni\u017c przy wej\u015bciu na \u015anie\u017ck\u0119!;), ob\u0142\u0119dnie pi\u0119kne. W Porto (a szerzej w Portugalii chyba tak\u017ce) wida\u0107 skutki kryzysu. Teraz ju\u017c troch\u0119 mniej, ale wci\u0105\u017c widzi si\u0119 sporo dom\u00f3w zaniedbanych, opuszczonych, wystawionych na sprzeda\u017c. Jednak\u017ce domy te, nawet zapomniane, wci\u0105\u017c w pewien niewyt\u0142umaczalny spos\u00f3b zachowuj\u0105 sw\u00f3j urok i nie ra\u017c\u0105 \u2013 a wr\u0119cz przeciwnie, stanowi\u0105 wspania\u0142e t\u0142o do zdj\u0119\u0107.<\/p>\n<figure id=\"attachment_1999\" aria-describedby=\"caption-attachment-1999\" style=\"width: 810px\" class=\"wp-caption aligncenter\"><img loading=\"lazy\" decoding=\"async\" class=\"size-full wp-image-1999\" src=\"http:\/\/czerwonawalizka.com\/wp-content\/uploads\/2017\/11\/9.png\" alt=\"\" width=\"810\" height=\"450\" srcset=\"https:\/\/czerwonawalizka.com\/wp-content\/uploads\/2017\/11\/9.png 810w, https:\/\/czerwonawalizka.com\/wp-content\/uploads\/2017\/11\/9-600x333.png 600w, https:\/\/czerwonawalizka.com\/wp-content\/uploads\/2017\/11\/9-300x167.png 300w, https:\/\/czerwonawalizka.com\/wp-content\/uploads\/2017\/11\/9-768x427.png 768w, https:\/\/czerwonawalizka.com\/wp-content\/uploads\/2017\/11\/9-540x300.png 540w, https:\/\/czerwonawalizka.com\/wp-content\/uploads\/2017\/11\/9-400x222.png 400w\" sizes=\"auto, (max-width: 810px) 100vw, 810px\" \/><figcaption id=\"caption-attachment-1999\" class=\"wp-caption-text\">Dom w Porto<\/figcaption><\/figure>\n<h3>Mercado<\/h3>\n<p>W Porto postanowili\u015bmy uraczy\u0107 si\u0119 smakami oceanu i zasiedli\u015bmy w lokalnej knajpce w samym \u015brodku Mercado w\u015br\u00f3d zapachu ryb i owoc\u00f3w morza, co nam przeszkadza\u0142o z ka\u017cd\u0105 chwil\u0105 mniej, wprost proporcjonalnie do ilo\u015bci wypitego wina. [Mercado \u2013 czyli targ, tak w hiszpa\u0144skim, jak w portugalskim \u2013 to jedno z moich ulubionych miejsc w miastach, szczeg\u00f3lnie tych iberyjskich. To pulsuj\u0105ce serce restauracji \u2013 to tutaj dostaniecie najlepsze owoce, \u015bwie\u017ce ryby, mi\u0119so, warzywo, wszystko w akompaniamencie ferii barw pe\u0142nych po\u0142udniowego s\u0142o\u0144ca].<\/p>\n<figure id=\"attachment_1991\" aria-describedby=\"caption-attachment-1991\" style=\"width: 810px\" class=\"wp-caption aligncenter\"><img loading=\"lazy\" decoding=\"async\" class=\"wp-image-1991 size-full\" src=\"http:\/\/czerwonawalizka.com\/wp-content\/uploads\/2017\/11\/1.png\" alt=\"\" width=\"810\" height=\"450\" srcset=\"https:\/\/czerwonawalizka.com\/wp-content\/uploads\/2017\/11\/1.png 810w, https:\/\/czerwonawalizka.com\/wp-content\/uploads\/2017\/11\/1-600x333.png 600w, https:\/\/czerwonawalizka.com\/wp-content\/uploads\/2017\/11\/1-300x167.png 300w, https:\/\/czerwonawalizka.com\/wp-content\/uploads\/2017\/11\/1-768x427.png 768w, https:\/\/czerwonawalizka.com\/wp-content\/uploads\/2017\/11\/1-540x300.png 540w, https:\/\/czerwonawalizka.com\/wp-content\/uploads\/2017\/11\/1-400x222.png 400w\" sizes=\"auto, (max-width: 810px) 100vw, 810px\" \/><figcaption id=\"caption-attachment-1991\" class=\"wp-caption-text\">Mercado!<\/figcaption><\/figure>\n<p>Tak, wiecie wi\u0119c ju\u017c, \u017ce ryneczki uwielbiam \u2013 zreszt\u0105 opr\u00f3cz jedzenia i s\u0142odko\u015bci zakupi\u0107 tam mo\u017cna ca\u0142\u0105 mas\u0119 nieprzydatnych, acz pi\u0119knych dupereli [sama sta\u0142am si\u0119 posiadaczk\u0105 wspania\u0142ej tacy z azulejos, kt\u00f3ra jest tak pi\u0119kna, jak niewymiarowa i ci\u0119\u017cka, dopiero potem zdawszy sobie spraw\u0119, \u017ce czeka mnie karko\u0142omne zapakowanie jej do walizki i przetransportowanie samolotem\u2026co te\u017c u\u015bwiadomi\u0142 mi Luby patrz\u0105c na m\u00f3j obiekt zachwytu z konsternacj\u0105]<\/p>\n<figure id=\"attachment_1992\" aria-describedby=\"caption-attachment-1992\" style=\"width: 810px\" class=\"wp-caption aligncenter\"><img loading=\"lazy\" decoding=\"async\" class=\"size-full wp-image-1992\" src=\"http:\/\/czerwonawalizka.com\/wp-content\/uploads\/2017\/11\/2.png\" alt=\"\" width=\"810\" height=\"450\" srcset=\"https:\/\/czerwonawalizka.com\/wp-content\/uploads\/2017\/11\/2.png 810w, https:\/\/czerwonawalizka.com\/wp-content\/uploads\/2017\/11\/2-600x333.png 600w, https:\/\/czerwonawalizka.com\/wp-content\/uploads\/2017\/11\/2-300x167.png 300w, https:\/\/czerwonawalizka.com\/wp-content\/uploads\/2017\/11\/2-768x427.png 768w, https:\/\/czerwonawalizka.com\/wp-content\/uploads\/2017\/11\/2-540x300.png 540w, https:\/\/czerwonawalizka.com\/wp-content\/uploads\/2017\/11\/2-400x222.png 400w\" sizes=\"auto, (max-width: 810px) 100vw, 810px\" \/><figcaption id=\"caption-attachment-1992\" class=\"wp-caption-text\">Pasteis de nata, czyli portugalskie s\u0142odko\u015bci&#8230;<\/figcaption><\/figure>\n<p>W Porto s\u0142ynny jest most \u2013 zaprojektowany przez samego Eiffel\u2019a [tak, tak, tego samego od tej znanej do\u015b\u0107 wie\u017cy w Pary\u017cu], kt\u00f3ry szczeg\u00f3lnie uroczo prezentuje si\u0119 po zapadni\u0119ciu zmroku; fajnie jest r\u00f3wnie\u017c skosztowa\u0107 s\u0142ynnego wina Porto [kt\u00f3re jednak, o dziwo, wcale w samym Porto nie powstaje, a jest tu dowo\u017cone z pobliskiej doliny] i wspania\u0142ych ciasteczek Pasteis de nata\u00a0 albo pozwiedza\u0107 pi\u0119kne ko\u015bcio\u0142y.<\/p>\n<p>&nbsp;<\/p>\n<p>&nbsp;<\/p>\n<figure id=\"attachment_1994\" aria-describedby=\"caption-attachment-1994\" style=\"width: 810px\" class=\"wp-caption aligncenter\"><img loading=\"lazy\" decoding=\"async\" class=\"size-full wp-image-1994\" src=\"http:\/\/czerwonawalizka.com\/wp-content\/uploads\/2017\/11\/4.png\" alt=\"\" width=\"810\" height=\"450\" srcset=\"https:\/\/czerwonawalizka.com\/wp-content\/uploads\/2017\/11\/4.png 810w, https:\/\/czerwonawalizka.com\/wp-content\/uploads\/2017\/11\/4-600x333.png 600w, https:\/\/czerwonawalizka.com\/wp-content\/uploads\/2017\/11\/4-300x167.png 300w, https:\/\/czerwonawalizka.com\/wp-content\/uploads\/2017\/11\/4-768x427.png 768w, https:\/\/czerwonawalizka.com\/wp-content\/uploads\/2017\/11\/4-540x300.png 540w, https:\/\/czerwonawalizka.com\/wp-content\/uploads\/2017\/11\/4-400x222.png 400w\" sizes=\"auto, (max-width: 810px) 100vw, 810px\" \/><figcaption id=\"caption-attachment-1994\" class=\"wp-caption-text\">Ko\u015bci\u00f3\u0142 w Porto<\/figcaption><\/figure>\n<p>&nbsp;<\/p>\n<figure id=\"attachment_1995\" aria-describedby=\"caption-attachment-1995\" style=\"width: 810px\" class=\"wp-caption aligncenter\"><img loading=\"lazy\" decoding=\"async\" class=\"size-full wp-image-1995\" src=\"http:\/\/czerwonawalizka.com\/wp-content\/uploads\/2017\/11\/5.png\" alt=\"\" width=\"810\" height=\"450\" srcset=\"https:\/\/czerwonawalizka.com\/wp-content\/uploads\/2017\/11\/5.png 810w, https:\/\/czerwonawalizka.com\/wp-content\/uploads\/2017\/11\/5-600x333.png 600w, https:\/\/czerwonawalizka.com\/wp-content\/uploads\/2017\/11\/5-300x167.png 300w, https:\/\/czerwonawalizka.com\/wp-content\/uploads\/2017\/11\/5-768x427.png 768w, https:\/\/czerwonawalizka.com\/wp-content\/uploads\/2017\/11\/5-540x300.png 540w, https:\/\/czerwonawalizka.com\/wp-content\/uploads\/2017\/11\/5-400x222.png 400w\" sizes=\"auto, (max-width: 810px) 100vw, 810px\" \/><figcaption id=\"caption-attachment-1995\" class=\"wp-caption-text\">Portski&#8230; dworzec kolejowy<\/figcaption><\/figure>\n<h3>Galicja &#8211; wspomnienie Erasmusa<\/h3>\n<p>Z Porto przemie\u015bcili\u015bmy si\u0119 autokarem do Vigo, a wi\u0119c ju\u017c do Hiszpanii, z powrotem do naszej strefy czasowej. Tam odnale\u017ali\u015bmy odpowiedni\u0105 firm\u0119, z kt\u00f3rej wypo\u017cyczyli\u015bmy dwa auta i po pierwszym obiedzie na hiszpa\u0144skiej ziemi ruszyli\u015bmy do stolicy Galicji, czyli Santiago de Compostela.<\/p>\n<figure id=\"attachment_2004\" aria-describedby=\"caption-attachment-2004\" style=\"width: 810px\" class=\"wp-caption aligncenter\"><img loading=\"lazy\" decoding=\"async\" class=\"wp-image-2004 size-full\" src=\"http:\/\/czerwonawalizka.com\/wp-content\/uploads\/2017\/11\/14.png\" alt=\"\" width=\"810\" height=\"450\" srcset=\"https:\/\/czerwonawalizka.com\/wp-content\/uploads\/2017\/11\/14.png 810w, https:\/\/czerwonawalizka.com\/wp-content\/uploads\/2017\/11\/14-600x333.png 600w, https:\/\/czerwonawalizka.com\/wp-content\/uploads\/2017\/11\/14-300x167.png 300w, https:\/\/czerwonawalizka.com\/wp-content\/uploads\/2017\/11\/14-768x427.png 768w, https:\/\/czerwonawalizka.com\/wp-content\/uploads\/2017\/11\/14-540x300.png 540w, https:\/\/czerwonawalizka.com\/wp-content\/uploads\/2017\/11\/14-400x222.png 400w\" sizes=\"auto, (max-width: 810px) 100vw, 810px\" \/><figcaption id=\"caption-attachment-2004\" class=\"wp-caption-text\">Dwie Marie z Santiago<\/figcaption><\/figure>\n<p>Kr\u00f3tka dygresja. 5 lat temu, ko\u0144cz\u0105c ju\u017c w\u0142a\u015bciwie studia hispanistyczne, wybra\u0142am si\u0119 na jeden semestr do serca prawicowej Hiszpanii, czyli deszczowego Santiago de Compostela. W\u00f3wczas nie wiedzia\u0142am jeszcze, \u017ce Hiszpania nie zawsze oznacza s\u0142o\u0144ca, \u017ce w Hiszpanii nie zawsze da si\u0119 dogada\u0107 po hiszpa\u0144sku, \u017ce \u0142\u00f3\u017cka standardowo mog\u0105 mie\u0107 180cm i nikogo to nie dziwi, a mierz\u0105c 175 cm mo\u017cna by\u0107 bardzo cz\u0119sto najwy\u017csz\u0105 osob\u0105. Na uczelni. W domu. W sklepie. Hm, wsz\u0119dzie. Chyba \u017ce akurat spotka si\u0119 innego obcokrajowca! ?<\/p>\n<figure id=\"attachment_2013\" aria-describedby=\"caption-attachment-2013\" style=\"width: 810px\" class=\"wp-caption aligncenter\"><img loading=\"lazy\" decoding=\"async\" class=\"size-full wp-image-2013\" src=\"http:\/\/czerwonawalizka.com\/wp-content\/uploads\/2017\/11\/22.png\" alt=\"\" width=\"810\" height=\"450\" srcset=\"https:\/\/czerwonawalizka.com\/wp-content\/uploads\/2017\/11\/22.png 810w, https:\/\/czerwonawalizka.com\/wp-content\/uploads\/2017\/11\/22-600x333.png 600w, https:\/\/czerwonawalizka.com\/wp-content\/uploads\/2017\/11\/22-300x167.png 300w, https:\/\/czerwonawalizka.com\/wp-content\/uploads\/2017\/11\/22-768x427.png 768w, https:\/\/czerwonawalizka.com\/wp-content\/uploads\/2017\/11\/22-540x300.png 540w, https:\/\/czerwonawalizka.com\/wp-content\/uploads\/2017\/11\/22-400x222.png 400w\" sizes=\"auto, (max-width: 810px) 100vw, 810px\" \/><figcaption id=\"caption-attachment-2013\" class=\"wp-caption-text\">Cudillero, urocza wioska rybacka<\/figcaption><\/figure>\n<p>&nbsp;<\/p>\n<p>Galicja to do\u015b\u0107 wyj\u0105tkowy region w Hiszpanii. [Chocia\u017c z drugiej strony \u2013 kt\u00f3ry nie jest? Hiszpania jest po prostu zr\u00f3\u017cnicowana.] To taka zielona wyspa na pustyni \u2013 nie od parady w Galicji tyle pada. Jest mokro, zielono, do\u015b\u0107 g\u00f3rzy\u015bcie, no i bliziutko oceanu. To po\u0142\u0105czenie bardzo ciekawe \u2013 i wida\u0107 je w kuchni. Przechadzaj\u0105c si\u0119 po Santiago nie spos\u00f3b nie zwr\u00f3ci\u0107 uwagi na do\u015b\u0107 intryguj\u0105ce okna wystawowe restauracji, w kt\u00f3rych mo\u017cecie poogl\u0105da\u0107, wci\u0105\u017c jeszcze \u017cywe, zwierz\u0105tka, kt\u00f3rych nazw nie znam nawet [a mo\u017ce \u2013 przede wszystkim] po polsku, a kt\u00f3re po zam\u00f3wieniu wyl\u0105duj\u0105 na waszym talerzu. Powiem szczerze, \u017ce chocia\u017c jestem entuzjastk\u0105 pr\u00f3bowania kuchni w jej lokalnym wygl\u0105dzie, mia\u0142am do\u015b\u0107 mieszane uczucia patrz\u0105c na te biedne stworzenia czekaj\u0105ce na \u015bmier\u0107 w oknie wystawowym.<\/p>\n<figure id=\"attachment_2014\" aria-describedby=\"caption-attachment-2014\" style=\"width: 810px\" class=\"wp-caption aligncenter\"><img loading=\"lazy\" decoding=\"async\" class=\"size-full wp-image-2014\" src=\"http:\/\/czerwonawalizka.com\/wp-content\/uploads\/2017\/11\/23.png\" alt=\"\" width=\"810\" height=\"450\" srcset=\"https:\/\/czerwonawalizka.com\/wp-content\/uploads\/2017\/11\/23.png 810w, https:\/\/czerwonawalizka.com\/wp-content\/uploads\/2017\/11\/23-600x333.png 600w, https:\/\/czerwonawalizka.com\/wp-content\/uploads\/2017\/11\/23-300x167.png 300w, https:\/\/czerwonawalizka.com\/wp-content\/uploads\/2017\/11\/23-768x427.png 768w, https:\/\/czerwonawalizka.com\/wp-content\/uploads\/2017\/11\/23-540x300.png 540w, https:\/\/czerwonawalizka.com\/wp-content\/uploads\/2017\/11\/23-400x222.png 400w\" sizes=\"auto, (max-width: 810px) 100vw, 810px\" \/><figcaption id=\"caption-attachment-2014\" class=\"wp-caption-text\">Cudillero<\/figcaption><\/figure>\n<h3>Santiago de Compostela<\/h3>\n<p>Nie mniej jednak warto spr\u00f3bowa\u0107 typowych da\u0144 czyli np. o\u015bmiorniczki z sol\u0105 i papryczk\u0105 czy tarty Santiago z migda\u0142\u00f3w. Doznania smakowe zagwarantowane. [nas zachwyci\u0142y empanadas, czyli s\u0142one placki pieczone w piecu, z nadzieniem r\u00f3\u017cnego typu: kurczak, szynka, tu\u0144czyk, szpinak, owoce morza, warzywa\u2026bardzo przydatne na piesze w\u0119dr\u00f3wki albo kiedy nie ma za bardzo czasu lub bud\u017cetu na obiad!]<\/p>\n<figure id=\"attachment_2021\" aria-describedby=\"caption-attachment-2021\" style=\"width: 810px\" class=\"wp-caption aligncenter\"><img loading=\"lazy\" decoding=\"async\" class=\"wp-image-2021 size-full\" src=\"http:\/\/czerwonawalizka.com\/wp-content\/uploads\/2017\/11\/30.png\" alt=\"\" width=\"810\" height=\"450\" srcset=\"https:\/\/czerwonawalizka.com\/wp-content\/uploads\/2017\/11\/30.png 810w, https:\/\/czerwonawalizka.com\/wp-content\/uploads\/2017\/11\/30-600x333.png 600w, https:\/\/czerwonawalizka.com\/wp-content\/uploads\/2017\/11\/30-300x167.png 300w, https:\/\/czerwonawalizka.com\/wp-content\/uploads\/2017\/11\/30-768x427.png 768w, https:\/\/czerwonawalizka.com\/wp-content\/uploads\/2017\/11\/30-540x300.png 540w, https:\/\/czerwonawalizka.com\/wp-content\/uploads\/2017\/11\/30-400x222.png 400w\" sizes=\"auto, (max-width: 810px) 100vw, 810px\" \/><figcaption id=\"caption-attachment-2021\" class=\"wp-caption-text\">Hiszpa\u0144skie \u017care\u0142ko: paella z owocami morza, fasolka, flan, jam\u00f3n serrano i pyszne s\u0142odko\u015bci!<\/figcaption><\/figure>\n<p>Santiago de Compostela to miasto pe\u0142ne sprzeczno\u015bci. Ulice pe\u0142ne s\u0105 ludzi wszelakiego rodzaju: mn\u00f3stwo tu student\u00f3w, r\u00f3wnie\u017c zagranicznych, sporo turyst\u00f3w, ale najwi\u0119cej oczywi\u015bcie \u2013 pielgrzym\u00f3w. Nastr\u00f3j religijnego skupienia i duchowej ekstazy p\u0142ynnie zamienia si\u0119 w sza\u0142 Erasmusowych imprez. Sacrum miesza si\u0119 z profanum. Niby Hiszpania, a jednak powietrze g\u0119ste jest a\u017c od zawieszonej w nim wilgoci, kt\u00f3ra osiada na wszystkim i wszystkich woko\u0142o: na ludziach, chodnikach, budynkach, gzymsach, oknach, sprawiaj\u0105c, \u017ce obrastaj\u0105 zielonym mchem i grzybem i nadaje im wygl\u0105d miasta znajduj\u0105cego si\u0119 w g\u0142\u0119binach oceanu. Sama katedra jeszcze do niedawna sprawia\u0142a wra\u017cenie, jakby j\u0105 z morskiego dna wy\u0142owili \u2013 my akurat trafili\u015bmy na moment remontu.<\/p>\n<p>&nbsp;<\/p>\n<figure id=\"attachment_2005\" aria-describedby=\"caption-attachment-2005\" style=\"width: 810px\" class=\"wp-caption aligncenter\"><img loading=\"lazy\" decoding=\"async\" class=\"wp-image-2005 size-full\" src=\"http:\/\/czerwonawalizka.com\/wp-content\/uploads\/2017\/11\/15.png\" alt=\"\" width=\"810\" height=\"450\" srcset=\"https:\/\/czerwonawalizka.com\/wp-content\/uploads\/2017\/11\/15.png 810w, https:\/\/czerwonawalizka.com\/wp-content\/uploads\/2017\/11\/15-600x333.png 600w, https:\/\/czerwonawalizka.com\/wp-content\/uploads\/2017\/11\/15-300x167.png 300w, https:\/\/czerwonawalizka.com\/wp-content\/uploads\/2017\/11\/15-768x427.png 768w, https:\/\/czerwonawalizka.com\/wp-content\/uploads\/2017\/11\/15-540x300.png 540w, https:\/\/czerwonawalizka.com\/wp-content\/uploads\/2017\/11\/15-400x222.png 400w\" sizes=\"auto, (max-width: 810px) 100vw, 810px\" \/><figcaption id=\"caption-attachment-2005\" class=\"wp-caption-text\">Katedra w Santiago &#8211; remont<\/figcaption><\/figure>\n<p>&nbsp;<\/p>\n<figure id=\"attachment_2008\" aria-describedby=\"caption-attachment-2008\" style=\"width: 810px\" class=\"wp-caption aligncenter\"><img loading=\"lazy\" decoding=\"async\" class=\"size-full wp-image-2008\" src=\"http:\/\/czerwonawalizka.com\/wp-content\/uploads\/2017\/11\/18.png\" alt=\"\" width=\"810\" height=\"450\" srcset=\"https:\/\/czerwonawalizka.com\/wp-content\/uploads\/2017\/11\/18.png 810w, https:\/\/czerwonawalizka.com\/wp-content\/uploads\/2017\/11\/18-600x333.png 600w, https:\/\/czerwonawalizka.com\/wp-content\/uploads\/2017\/11\/18-300x167.png 300w, https:\/\/czerwonawalizka.com\/wp-content\/uploads\/2017\/11\/18-768x427.png 768w, https:\/\/czerwonawalizka.com\/wp-content\/uploads\/2017\/11\/18-540x300.png 540w, https:\/\/czerwonawalizka.com\/wp-content\/uploads\/2017\/11\/18-400x222.png 400w\" sizes=\"auto, (max-width: 810px) 100vw, 810px\" \/><figcaption id=\"caption-attachment-2008\" class=\"wp-caption-text\">Wodospad nad&#8230; oceanem!<\/figcaption><\/figure>\n<figure id=\"attachment_2009\" aria-describedby=\"caption-attachment-2009\" style=\"width: 810px\" class=\"wp-caption aligncenter\"><img loading=\"lazy\" decoding=\"async\" class=\"wp-image-2009 size-full\" src=\"http:\/\/czerwonawalizka.com\/wp-content\/uploads\/2017\/11\/19.png\" alt=\"\" width=\"810\" height=\"450\" srcset=\"https:\/\/czerwonawalizka.com\/wp-content\/uploads\/2017\/11\/19.png 810w, https:\/\/czerwonawalizka.com\/wp-content\/uploads\/2017\/11\/19-600x333.png 600w, https:\/\/czerwonawalizka.com\/wp-content\/uploads\/2017\/11\/19-300x167.png 300w, https:\/\/czerwonawalizka.com\/wp-content\/uploads\/2017\/11\/19-768x427.png 768w, https:\/\/czerwonawalizka.com\/wp-content\/uploads\/2017\/11\/19-540x300.png 540w, https:\/\/czerwonawalizka.com\/wp-content\/uploads\/2017\/11\/19-400x222.png 400w\" sizes=\"auto, (max-width: 810px) 100vw, 810px\" \/><figcaption id=\"caption-attachment-2009\" class=\"wp-caption-text\">Finisterra, czyli koniec \u015bwiata! To symboliczny koniec pielgrzym\u00f3w szlaku \u015bw. Jakuba. Tu pielgrzymi dokonuj\u0105 spalenia swoich rzeczy &#8211; symbol prze\u017cytego katharsis<\/figcaption><\/figure>\n<h3>Asturia, czyli Picos de Europa<\/h3>\n<p>Z mokrej i zamglonej Galicji ruszyli\u015bmy, a jak\u017ce \u2013 na p\u00f3\u0142noc! A w\u0142a\u015bciwie \u2013 na p\u00f3\u0142nocny wsch\u00f3d, by po dniu pe\u0142nym wra\u017ce\u0144 osi\u0105\u015b\u0107 w pi\u0119knych okoliczno\u015bciach przyrody \u2013 parku narodowym Picos de Europa. Park ten to taki nieoczekiwany dar od losu \u2013 b\u0119d\u0105c w\u0142a\u015bciwie tu\u017c nad oceanem, mo\u017cna\u2026 trafi\u0107 na dwutysi\u0119czniki. Tak, tak, nie przewidzieli\u015bcie si\u0119 \u2013 po\u0142\u0105czyli\u015bmy pobyt nad oceanem [ten szum wody! te szalone fale!] z wycieczkami w ca\u0142kiem wysokie g\u00f3ry. Co prawda pogoda z lekka nam nie sprzyja\u0142a [hm, pada\u0142o, dacie wiar\u0119?] \u2013 odwiedzili\u015bmy jednak kilka niesamowitych miejsc. Jednym z nich by\u0142a Queser\u00eda, czyli wytw\u00f3rnia sera po\u0142o\u017cona w wysokog\u00f3rskiej wiosce, gdzie w\u0142a\u015bciciele produkuj\u0105 niesamowity ser, kt\u00f3ry dojrzewa w\u2026 okolicznych jaskiniach. Do kt\u00f3rych to\u017c owi producenci sera zanosz\u0105 je sami, b\u0105d\u017a za pomoc\u0105 samochodu, b\u0105d\u017a konia, b\u0105d\u017a w\u0142asnych n\u00f3g.<\/p>\n<p>&nbsp;<\/p>\n<figure id=\"attachment_2020\" aria-describedby=\"caption-attachment-2020\" style=\"width: 810px\" class=\"wp-caption aligncenter\"><img loading=\"lazy\" decoding=\"async\" class=\"size-full wp-image-2020\" src=\"http:\/\/czerwonawalizka.com\/wp-content\/uploads\/2017\/11\/29.png\" alt=\"\" width=\"810\" height=\"450\" srcset=\"https:\/\/czerwonawalizka.com\/wp-content\/uploads\/2017\/11\/29.png 810w, https:\/\/czerwonawalizka.com\/wp-content\/uploads\/2017\/11\/29-600x333.png 600w, https:\/\/czerwonawalizka.com\/wp-content\/uploads\/2017\/11\/29-300x167.png 300w, https:\/\/czerwonawalizka.com\/wp-content\/uploads\/2017\/11\/29-768x427.png 768w, https:\/\/czerwonawalizka.com\/wp-content\/uploads\/2017\/11\/29-540x300.png 540w, https:\/\/czerwonawalizka.com\/wp-content\/uploads\/2017\/11\/29-400x222.png 400w\" sizes=\"auto, (max-width: 810px) 100vw, 810px\" \/><figcaption id=\"caption-attachment-2020\" class=\"wp-caption-text\">Picos de Europa<\/figcaption><\/figure>\n<h3>W drodze na wsch\u00f3d, do Bask\u00f3w<\/h3>\n<p>W drodze odwiedzili\u015bmy kilka uroczych miejsc, jak chocia\u017cby wioska rybacka Cudillero, Santillana del Mar czy Sanktuarium w Covadondze. To ostatnie szczeg\u00f3lnie mnie zaciekawi\u0142o \u2013 to bowiem troch\u0119 taka hiszpa\u0144ska Jasna G\u00f3ra. Rzekomo to w\u0142a\u015bnie tam rozegra\u0142a si\u0119 pierwsza wygrana bitwa rekonkwisty, czyli wypierania Maur\u00f3w z P\u00f3\u0142wyspu Iberyjskiego, prawdopodobnie w roku 722.<\/p>\n<figure id=\"attachment_2015\" aria-describedby=\"caption-attachment-2015\" style=\"width: 810px\" class=\"wp-caption aligncenter\"><img loading=\"lazy\" decoding=\"async\" class=\"size-full wp-image-2015\" src=\"http:\/\/czerwonawalizka.com\/wp-content\/uploads\/2017\/11\/24.png\" alt=\"\" width=\"810\" height=\"450\" srcset=\"https:\/\/czerwonawalizka.com\/wp-content\/uploads\/2017\/11\/24.png 810w, https:\/\/czerwonawalizka.com\/wp-content\/uploads\/2017\/11\/24-600x333.png 600w, https:\/\/czerwonawalizka.com\/wp-content\/uploads\/2017\/11\/24-300x167.png 300w, https:\/\/czerwonawalizka.com\/wp-content\/uploads\/2017\/11\/24-768x427.png 768w, https:\/\/czerwonawalizka.com\/wp-content\/uploads\/2017\/11\/24-540x300.png 540w, https:\/\/czerwonawalizka.com\/wp-content\/uploads\/2017\/11\/24-400x222.png 400w\" sizes=\"auto, (max-width: 810px) 100vw, 810px\" \/><figcaption id=\"caption-attachment-2015\" class=\"wp-caption-text\">Cabo de Pe\u00f1as, czyli najbardziej na p\u00f3\u0142noc wysuni\u0119ty skrawek Hiszpanii (podobno)<\/figcaption><\/figure>\n<p>To tak\u017ce przyk\u0142ad jak wa\u017cn\u0105 rol\u0119 odgrywa propaganda \u2013 bitwa bowiem opisana jest diametralnie r\u00f3\u017cnie przez obie strony. Jedni uwa\u017caj\u0105 ja za zwyci\u0119sk\u0105 bitw\u0119 i pocz\u0105tek rekonkwisty, czyli odzyskiwania teren\u00f3w iberyjskich przez chrze\u015bcijan (cho\u0107 do tego sporo im jeszcze w\u00f3wczas brakowa\u0142o \u2013 wygnanie Maur\u00f3w z P\u00f3\u0142wyspu nast\u0105pi\u0142o dopiero w 1492 roku, a wi\u0119c roku odkrycia Ameryki i wydania pierwszej gramatyki j\u0119zyka hiszpa\u0144skiego) , a drudzy jako niewiele znacz\u0105c\u0105, a do tego przegran\u0105 potyczk\u0119 z muzu\u0142ma\u0144skim patrolem. Gdzie le\u017cy prawda?\u2026 Nie ma to ju\u017c chyba dzi\u015b znaczenia. Wa\u017cniejsza od wydarze\u0144 sta\u0142a si\u0119 legenda, kt\u00f3ra naros\u0142a po tym wydarzeniu i nap\u0119dza\u0142a kolejnych nieszcz\u0119\u015bnik\u00f3w do &#8222;\u015bwi\u0119tej&#8221; wojny.<\/p>\n<figure id=\"attachment_2016\" aria-describedby=\"caption-attachment-2016\" style=\"width: 810px\" class=\"wp-caption aligncenter\"><img loading=\"lazy\" decoding=\"async\" class=\"size-full wp-image-2016\" src=\"http:\/\/czerwonawalizka.com\/wp-content\/uploads\/2017\/11\/25.png\" alt=\"\" width=\"810\" height=\"450\" srcset=\"https:\/\/czerwonawalizka.com\/wp-content\/uploads\/2017\/11\/25.png 810w, https:\/\/czerwonawalizka.com\/wp-content\/uploads\/2017\/11\/25-600x333.png 600w, https:\/\/czerwonawalizka.com\/wp-content\/uploads\/2017\/11\/25-300x167.png 300w, https:\/\/czerwonawalizka.com\/wp-content\/uploads\/2017\/11\/25-768x427.png 768w, https:\/\/czerwonawalizka.com\/wp-content\/uploads\/2017\/11\/25-540x300.png 540w, https:\/\/czerwonawalizka.com\/wp-content\/uploads\/2017\/11\/25-400x222.png 400w\" sizes=\"auto, (max-width: 810px) 100vw, 810px\" \/><figcaption id=\"caption-attachment-2016\" class=\"wp-caption-text\">Cabo de Pe\u00f1as<\/figcaption><\/figure>\n<p>&nbsp;<\/p>\n<figure id=\"attachment_2018\" aria-describedby=\"caption-attachment-2018\" style=\"width: 810px\" class=\"wp-caption aligncenter\"><img loading=\"lazy\" decoding=\"async\" class=\"size-full wp-image-2018\" src=\"http:\/\/czerwonawalizka.com\/wp-content\/uploads\/2017\/11\/27.png\" alt=\"\" width=\"810\" height=\"450\" srcset=\"https:\/\/czerwonawalizka.com\/wp-content\/uploads\/2017\/11\/27.png 810w, https:\/\/czerwonawalizka.com\/wp-content\/uploads\/2017\/11\/27-600x333.png 600w, https:\/\/czerwonawalizka.com\/wp-content\/uploads\/2017\/11\/27-300x167.png 300w, https:\/\/czerwonawalizka.com\/wp-content\/uploads\/2017\/11\/27-768x427.png 768w, https:\/\/czerwonawalizka.com\/wp-content\/uploads\/2017\/11\/27-540x300.png 540w, https:\/\/czerwonawalizka.com\/wp-content\/uploads\/2017\/11\/27-400x222.png 400w\" sizes=\"auto, (max-width: 810px) 100vw, 810px\" \/><figcaption id=\"caption-attachment-2018\" class=\"wp-caption-text\">Cabo de Pe\u00f1as<\/figcaption><\/figure>\n<figure id=\"attachment_2017\" aria-describedby=\"caption-attachment-2017\" style=\"width: 810px\" class=\"wp-caption aligncenter\"><img loading=\"lazy\" decoding=\"async\" class=\"size-full wp-image-2017\" src=\"http:\/\/czerwonawalizka.com\/wp-content\/uploads\/2017\/11\/26.png\" alt=\"\" width=\"810\" height=\"450\" srcset=\"https:\/\/czerwonawalizka.com\/wp-content\/uploads\/2017\/11\/26.png 810w, https:\/\/czerwonawalizka.com\/wp-content\/uploads\/2017\/11\/26-600x333.png 600w, https:\/\/czerwonawalizka.com\/wp-content\/uploads\/2017\/11\/26-300x167.png 300w, https:\/\/czerwonawalizka.com\/wp-content\/uploads\/2017\/11\/26-768x427.png 768w, https:\/\/czerwonawalizka.com\/wp-content\/uploads\/2017\/11\/26-540x300.png 540w, https:\/\/czerwonawalizka.com\/wp-content\/uploads\/2017\/11\/26-400x222.png 400w\" sizes=\"auto, (max-width: 810px) 100vw, 810px\" \/><figcaption id=\"caption-attachment-2017\" class=\"wp-caption-text\">Cabo de Pe\u00f1as<\/figcaption><\/figure>\n<h3>Donostia, czyli San Sebasti\u00e1n<\/h3>\n<p>Ostatnim punktem naszej wyprawy by\u0142 owiany s\u0142aw\u0105 Kraj Bask\u00f3w. Baskowie g\u0142\u00f3wnie kojarz\u0105 si\u0119 z ET\u0104 i d\u0105\u017ceniem do niepodleg\u0142o\u015bci \u2013 ma\u0142o kto wie, \u017ce ten niewielki nar\u00f3d rozmawia w j\u0119zyku, o kt\u00f3rym do dzi\u015b nie wiadomo, sk\u0105d pochodzi. Dzisiejszy j\u0119zyk baskijski powsta\u0142 na bazie trzech dialekt\u00f3w baskijskich, po\u0142\u0105czonych przez ludzi nauki; wykazuje pewne podobie\u0144stwa z niekt\u00f3rymi j\u0119zykami kaukaskimi. Baskowie dzi\u015b to jedna z najbogatszych autonomii w Hiszpanii, kt\u00f3ra cieszy si\u0119 najwi\u0119ksz\u0105 niezale\u017cno\u015bci\u0105 od Madrytu (np. podatki rozliczaj\u0105 sami). Wida\u0107 to w stolicy \u2013 Bilbao, kt\u00f3re mimo \u017ce przemys\u0142owe, to jednak daleko mu do takich np. Katowic i w portfelu nale\u017cy mie\u0107 raczej wi\u0119cej euro ni\u017c mniej, by wakacji sobie u\u017cy\u0107.<\/p>\n<p>&nbsp;<\/p>\n<p>&nbsp;<\/p>\n<figure id=\"attachment_2024\" aria-describedby=\"caption-attachment-2024\" style=\"width: 810px\" class=\"wp-caption aligncenter\"><img loading=\"lazy\" decoding=\"async\" class=\"size-full wp-image-2024\" src=\"http:\/\/czerwonawalizka.com\/wp-content\/uploads\/2017\/11\/3-1.png\" alt=\"\" width=\"810\" height=\"450\" srcset=\"https:\/\/czerwonawalizka.com\/wp-content\/uploads\/2017\/11\/3-1.png 810w, https:\/\/czerwonawalizka.com\/wp-content\/uploads\/2017\/11\/3-1-600x333.png 600w, https:\/\/czerwonawalizka.com\/wp-content\/uploads\/2017\/11\/3-1-300x167.png 300w, https:\/\/czerwonawalizka.com\/wp-content\/uploads\/2017\/11\/3-1-768x427.png 768w, https:\/\/czerwonawalizka.com\/wp-content\/uploads\/2017\/11\/3-1-540x300.png 540w, https:\/\/czerwonawalizka.com\/wp-content\/uploads\/2017\/11\/3-1-400x222.png 400w\" sizes=\"auto, (max-width: 810px) 100vw, 810px\" \/><figcaption id=\"caption-attachment-2024\" class=\"wp-caption-text\">Pla\u017ca Wielb\u0142\u0105da w Santander<\/figcaption><\/figure>\n<figure id=\"attachment_2019\" aria-describedby=\"caption-attachment-2019\" style=\"width: 810px\" class=\"wp-caption aligncenter\"><img loading=\"lazy\" decoding=\"async\" class=\"size-full wp-image-2019\" src=\"http:\/\/czerwonawalizka.com\/wp-content\/uploads\/2017\/11\/28.png\" alt=\"\" width=\"810\" height=\"450\" srcset=\"https:\/\/czerwonawalizka.com\/wp-content\/uploads\/2017\/11\/28.png 810w, https:\/\/czerwonawalizka.com\/wp-content\/uploads\/2017\/11\/28-600x333.png 600w, https:\/\/czerwonawalizka.com\/wp-content\/uploads\/2017\/11\/28-300x167.png 300w, https:\/\/czerwonawalizka.com\/wp-content\/uploads\/2017\/11\/28-768x427.png 768w, https:\/\/czerwonawalizka.com\/wp-content\/uploads\/2017\/11\/28-540x300.png 540w, https:\/\/czerwonawalizka.com\/wp-content\/uploads\/2017\/11\/28-400x222.png 400w\" sizes=\"auto, (max-width: 810px) 100vw, 810px\" \/><figcaption id=\"caption-attachment-2019\" class=\"wp-caption-text\">Zatoka Biskajska<\/figcaption><\/figure>\n<p>Punktem obowi\u0105zkowym u Bask\u00f3w to typowy lokalny spos\u00f3b konsumpcji \u2013 wyprawa na <em>pintxos<\/em>, czyli baskijskie <em>tapas<\/em>. Bywaj\u0105 kolorowe, s\u0142one, s\u0142odkawe, z ryb\u0105 lub bez \u2013 zazwyczaj ob\u0142\u0119dnie dobre. Popite szklank\u0105 wspania\u0142ej Sangrii \u2013 dobry humor gwarantowany!<br \/>\nKulminacj\u0105 naszej wyprawy \u2013 przynajmniej dla mnie \u2013 sta\u0142 si\u0119 pobyt w Donostii, a wi\u0119c w San Sebasti\u00e1n \u2013 przepi\u0119knym, eleganckim mie\u015bcie na brzegu Zatoki Biskajskiej. Spo\u017cyte tam pintxos i wino, a tak\u017ce za\u017cyta k\u0105piel w ogromnych falach dope\u0142ni\u0142y wspania\u0142ych wakacji.<\/p>\n<p>Oby takich wi\u0119cej! &lt;3<\/p>\n<figure id=\"attachment_2023\" aria-describedby=\"caption-attachment-2023\" style=\"width: 810px\" class=\"wp-caption aligncenter\"><img loading=\"lazy\" decoding=\"async\" class=\"size-full wp-image-2023\" src=\"http:\/\/czerwonawalizka.com\/wp-content\/uploads\/2017\/11\/2-1.png\" alt=\"\" width=\"810\" height=\"450\" srcset=\"https:\/\/czerwonawalizka.com\/wp-content\/uploads\/2017\/11\/2-1.png 810w, https:\/\/czerwonawalizka.com\/wp-content\/uploads\/2017\/11\/2-1-600x333.png 600w, https:\/\/czerwonawalizka.com\/wp-content\/uploads\/2017\/11\/2-1-300x167.png 300w, https:\/\/czerwonawalizka.com\/wp-content\/uploads\/2017\/11\/2-1-768x427.png 768w, https:\/\/czerwonawalizka.com\/wp-content\/uploads\/2017\/11\/2-1-540x300.png 540w, https:\/\/czerwonawalizka.com\/wp-content\/uploads\/2017\/11\/2-1-400x222.png 400w\" sizes=\"auto, (max-width: 810px) 100vw, 810px\" \/><figcaption id=\"caption-attachment-2023\" class=\"wp-caption-text\">Pintxos i Sangr\u00eda<\/figcaption><\/figure>\n<figure id=\"attachment_2028\" aria-describedby=\"caption-attachment-2028\" style=\"width: 810px\" class=\"wp-caption aligncenter\"><img loading=\"lazy\" decoding=\"async\" class=\"size-full wp-image-2028\" src=\"http:\/\/czerwonawalizka.com\/wp-content\/uploads\/2017\/11\/7-1.png\" alt=\"\" width=\"810\" height=\"450\" srcset=\"https:\/\/czerwonawalizka.com\/wp-content\/uploads\/2017\/11\/7-1.png 810w, https:\/\/czerwonawalizka.com\/wp-content\/uploads\/2017\/11\/7-1-600x333.png 600w, https:\/\/czerwonawalizka.com\/wp-content\/uploads\/2017\/11\/7-1-300x167.png 300w, https:\/\/czerwonawalizka.com\/wp-content\/uploads\/2017\/11\/7-1-768x427.png 768w, https:\/\/czerwonawalizka.com\/wp-content\/uploads\/2017\/11\/7-1-540x300.png 540w, https:\/\/czerwonawalizka.com\/wp-content\/uploads\/2017\/11\/7-1-400x222.png 400w\" sizes=\"auto, (max-width: 810px) 100vw, 810px\" \/><figcaption id=\"caption-attachment-2028\" class=\"wp-caption-text\">Bilbao<\/figcaption><\/figure>\n<figure id=\"attachment_2026\" aria-describedby=\"caption-attachment-2026\" style=\"width: 810px\" class=\"wp-caption aligncenter\"><img loading=\"lazy\" decoding=\"async\" class=\"size-full wp-image-2026\" src=\"http:\/\/czerwonawalizka.com\/wp-content\/uploads\/2017\/11\/5-1.png\" alt=\"\" width=\"810\" height=\"450\" srcset=\"https:\/\/czerwonawalizka.com\/wp-content\/uploads\/2017\/11\/5-1.png 810w, https:\/\/czerwonawalizka.com\/wp-content\/uploads\/2017\/11\/5-1-600x333.png 600w, https:\/\/czerwonawalizka.com\/wp-content\/uploads\/2017\/11\/5-1-300x167.png 300w, https:\/\/czerwonawalizka.com\/wp-content\/uploads\/2017\/11\/5-1-768x427.png 768w, https:\/\/czerwonawalizka.com\/wp-content\/uploads\/2017\/11\/5-1-540x300.png 540w, https:\/\/czerwonawalizka.com\/wp-content\/uploads\/2017\/11\/5-1-400x222.png 400w\" sizes=\"auto, (max-width: 810px) 100vw, 810px\" \/><figcaption id=\"caption-attachment-2026\" class=\"wp-caption-text\">Pla\u017ca w San Sebasti\u00e1n<\/figcaption><\/figure>\n<p>&nbsp;<\/p>\n<figure id=\"attachment_2030\" aria-describedby=\"caption-attachment-2030\" style=\"width: 810px\" class=\"wp-caption aligncenter\"><img loading=\"lazy\" decoding=\"async\" class=\"size-full wp-image-2030\" src=\"http:\/\/czerwonawalizka.com\/wp-content\/uploads\/2017\/11\/9-1.png\" alt=\"\" width=\"810\" height=\"450\" srcset=\"https:\/\/czerwonawalizka.com\/wp-content\/uploads\/2017\/11\/9-1.png 810w, https:\/\/czerwonawalizka.com\/wp-content\/uploads\/2017\/11\/9-1-600x333.png 600w, https:\/\/czerwonawalizka.com\/wp-content\/uploads\/2017\/11\/9-1-300x167.png 300w, https:\/\/czerwonawalizka.com\/wp-content\/uploads\/2017\/11\/9-1-768x427.png 768w, https:\/\/czerwonawalizka.com\/wp-content\/uploads\/2017\/11\/9-1-540x300.png 540w, https:\/\/czerwonawalizka.com\/wp-content\/uploads\/2017\/11\/9-1-400x222.png 400w\" sizes=\"auto, (max-width: 810px) 100vw, 810px\" \/><figcaption id=\"caption-attachment-2030\" class=\"wp-caption-text\">Bilbao<\/figcaption><\/figure>\n<figure id=\"attachment_2031\" aria-describedby=\"caption-attachment-2031\" style=\"width: 810px\" class=\"wp-caption aligncenter\"><img loading=\"lazy\" decoding=\"async\" class=\"size-full wp-image-2031\" src=\"http:\/\/czerwonawalizka.com\/wp-content\/uploads\/2017\/11\/10-1.png\" alt=\"\" width=\"810\" height=\"450\" srcset=\"https:\/\/czerwonawalizka.com\/wp-content\/uploads\/2017\/11\/10-1.png 810w, https:\/\/czerwonawalizka.com\/wp-content\/uploads\/2017\/11\/10-1-600x333.png 600w, https:\/\/czerwonawalizka.com\/wp-content\/uploads\/2017\/11\/10-1-300x167.png 300w, https:\/\/czerwonawalizka.com\/wp-content\/uploads\/2017\/11\/10-1-768x427.png 768w, https:\/\/czerwonawalizka.com\/wp-content\/uploads\/2017\/11\/10-1-540x300.png 540w, https:\/\/czerwonawalizka.com\/wp-content\/uploads\/2017\/11\/10-1-400x222.png 400w\" sizes=\"auto, (max-width: 810px) 100vw, 810px\" \/><figcaption id=\"caption-attachment-2031\" class=\"wp-caption-text\">Bilbao<\/figcaption><\/figure>\n<p>&nbsp;<\/p>\n<p>&nbsp;<\/p>\n","protected":false},"excerpt":{"rendered":"<p>Jak wychodz\u0119 na dw\u00f3r, w powietrzu czu\u0107 ju\u017c mr\u00f3z. Nie umiem tego do ko\u0144ca opisa\u0107: to jest taki zapach \u015bwie\u017co\u015bci, przygody i oczekiwania w jednym. Troch\u0119 w nim dymu z palonego w\u0119gla (lub \u015bmieci, je\u015bli macie s\u0105siad\u00f3w inteligentnych inaczej), troch\u0119 szczypi\u0105cego mrozu, troch\u0119 ju\u017c \u015bwi\u0105tecznego oczekiwania, t\u0119sknoty za ciep\u0142em i gor\u0105c\u0105 herbat\u0105. Taka w\u0142a\u015bnie aura&hellip; <a class=\"more-link\" href=\"https:\/\/czerwonawalizka.com\/index.php\/2017\/11\/15\/hiszpania-2017\/\">Read More <span class=\"screen-reader-text\">Hiszpania 2017<\/span><\/a><\/p>\n","protected":false},"author":2,"featured_media":1990,"comment_status":"open","ping_status":"open","sticky":false,"template":"","format":"standard","meta":{"jetpack_post_was_ever_published":false,"_jetpack_newsletter_access":"","_jetpack_dont_email_post_to_subs":false,"_jetpack_newsletter_tier_id":0,"_jetpack_memberships_contains_paywalled_content":false,"_jetpack_memberships_contains_paid_content":false,"footnotes":"","jetpack_publicize_message":"","jetpack_publicize_feature_enabled":true,"jetpack_social_post_already_shared":true,"jetpack_social_options":{"image_generator_settings":{"template":"highway","default_image_id":0,"font":"","enabled":false},"version":2}},"categories":[7,389,388],"tags":[281,279,276,280,282,278,283,277],"class_list":["post-1988","post","type-post","status-publish","format-standard","has-post-thumbnail","hentry","category-myslodsiewnia","category-po-europie","category-podroznicze","tag-asturias","tag-galicja","tag-hiszpania-2017","tag-kraj-baskow","tag-pintxos","tag-polmoc-hiszpanii","tag-tapas","tag-wyprawa-samochodowa"],"yoast_head":"<!-- This site is optimized with the Yoast SEO plugin v27.0 - https:\/\/yoast.com\/product\/yoast-seo-wordpress\/ -->\n<title>Hiszpania 2017 - Dziewczyna z czerwon\u0105 walizk\u0105<\/title>\n<meta name=\"description\" content=\"Zastanawiasz si\u0119, jak to mo\u017cliwe, \u017ce w Hiszpanii mo\u017cna zmokn\u0105\u0107? C\u00f3\u017c, mo\u017cna! Opis wyprawy samochodowej po p\u00f3\u0142nocy Hiszpanii 2017.\" \/>\n<meta name=\"robots\" content=\"index, follow, max-snippet:-1, max-image-preview:large, max-video-preview:-1\" \/>\n<link rel=\"canonical\" href=\"https:\/\/czerwonawalizka.com\/index.php\/2017\/11\/15\/hiszpania-2017\/\" \/>\n<meta property=\"og:locale\" content=\"pl_PL\" \/>\n<meta property=\"og:type\" content=\"article\" \/>\n<meta property=\"og:title\" content=\"Hiszpania 2017 - Dziewczyna z czerwon\u0105 walizk\u0105\" \/>\n<meta property=\"og:description\" content=\"Zastanawiasz si\u0119, jak to mo\u017cliwe, \u017ce w Hiszpanii mo\u017cna zmokn\u0105\u0107? C\u00f3\u017c, mo\u017cna! Opis wyprawy samochodowej po p\u00f3\u0142nocy Hiszpanii 2017.\" \/>\n<meta property=\"og:url\" content=\"https:\/\/czerwonawalizka.com\/index.php\/2017\/11\/15\/hiszpania-2017\/\" \/>\n<meta property=\"og:site_name\" content=\"Dziewczyna z czerwon\u0105 walizk\u0105\" \/>\n<meta property=\"article:published_time\" content=\"2017-11-15T19:46:36+00:00\" \/>\n<meta property=\"article:modified_time\" content=\"2021-01-04T16:04:13+00:00\" \/>\n<meta property=\"og:image\" content=\"https:\/\/czerwonawalizka.com\/wp-content\/uploads\/2017\/11\/hiszpania.png\" \/>\n\t<meta property=\"og:image:width\" content=\"1133\" \/>\n\t<meta property=\"og:image:height\" content=\"637\" \/>\n\t<meta property=\"og:image:type\" content=\"image\/png\" \/>\n<meta name=\"author\" content=\"Marta\" \/>\n<meta name=\"twitter:card\" content=\"summary_large_image\" \/>\n<meta name=\"twitter:label1\" content=\"Napisane przez\" \/>\n\t<meta name=\"twitter:data1\" content=\"Marta\" \/>\n\t<meta name=\"twitter:label2\" content=\"Szacowany czas czytania\" \/>\n\t<meta name=\"twitter:data2\" content=\"11 minut\" \/>\n<script type=\"application\/ld+json\" class=\"yoast-schema-graph\">{\"@context\":\"https:\/\/schema.org\",\"@graph\":[{\"@type\":\"Article\",\"@id\":\"https:\/\/czerwonawalizka.com\/index.php\/2017\/11\/15\/hiszpania-2017\/#article\",\"isPartOf\":{\"@id\":\"https:\/\/czerwonawalizka.com\/index.php\/2017\/11\/15\/hiszpania-2017\/\"},\"author\":{\"name\":\"Marta\",\"@id\":\"https:\/\/czerwonawalizka.com\/#\/schema\/person\/ca9ae0ae7fc0f714249aaa234df8f5cc\"},\"headline\":\"Hiszpania 2017\",\"datePublished\":\"2017-11-15T19:46:36+00:00\",\"dateModified\":\"2021-01-04T16:04:13+00:00\",\"mainEntityOfPage\":{\"@id\":\"https:\/\/czerwonawalizka.com\/index.php\/2017\/11\/15\/hiszpania-2017\/\"},\"wordCount\":2176,\"commentCount\":5,\"publisher\":{\"@id\":\"https:\/\/czerwonawalizka.com\/#\/schema\/person\/ca9ae0ae7fc0f714249aaa234df8f5cc\"},\"image\":{\"@id\":\"https:\/\/czerwonawalizka.com\/index.php\/2017\/11\/15\/hiszpania-2017\/#primaryimage\"},\"thumbnailUrl\":\"https:\/\/czerwonawalizka.com\/wp-content\/uploads\/2017\/11\/hiszpania.png\",\"keywords\":[\"Asturias\",\"Galicja\",\"Hiszpania 2017\",\"Kraj Bask\u00f3w\",\"pintxos\",\"p\u00f3\u0142moc Hiszpanii\",\"tapas\",\"wyprawa samochodowa\"],\"articleSection\":[\"My\u015blodsiewnia\",\"Po Europie\",\"Podr\u00f3\u017ce\"],\"inLanguage\":\"pl-PL\",\"potentialAction\":[{\"@type\":\"CommentAction\",\"name\":\"Comment\",\"target\":[\"https:\/\/czerwonawalizka.com\/index.php\/2017\/11\/15\/hiszpania-2017\/#respond\"]}]},{\"@type\":\"WebPage\",\"@id\":\"https:\/\/czerwonawalizka.com\/index.php\/2017\/11\/15\/hiszpania-2017\/\",\"url\":\"https:\/\/czerwonawalizka.com\/index.php\/2017\/11\/15\/hiszpania-2017\/\",\"name\":\"Hiszpania 2017 - Dziewczyna z czerwon\u0105 walizk\u0105\",\"isPartOf\":{\"@id\":\"https:\/\/czerwonawalizka.com\/#website\"},\"primaryImageOfPage\":{\"@id\":\"https:\/\/czerwonawalizka.com\/index.php\/2017\/11\/15\/hiszpania-2017\/#primaryimage\"},\"image\":{\"@id\":\"https:\/\/czerwonawalizka.com\/index.php\/2017\/11\/15\/hiszpania-2017\/#primaryimage\"},\"thumbnailUrl\":\"https:\/\/czerwonawalizka.com\/wp-content\/uploads\/2017\/11\/hiszpania.png\",\"datePublished\":\"2017-11-15T19:46:36+00:00\",\"dateModified\":\"2021-01-04T16:04:13+00:00\",\"description\":\"Zastanawiasz si\u0119, jak to mo\u017cliwe, \u017ce w Hiszpanii mo\u017cna zmokn\u0105\u0107? C\u00f3\u017c, mo\u017cna! Opis wyprawy samochodowej po p\u00f3\u0142nocy Hiszpanii 2017.\",\"breadcrumb\":{\"@id\":\"https:\/\/czerwonawalizka.com\/index.php\/2017\/11\/15\/hiszpania-2017\/#breadcrumb\"},\"inLanguage\":\"pl-PL\",\"potentialAction\":[{\"@type\":\"ReadAction\",\"target\":[\"https:\/\/czerwonawalizka.com\/index.php\/2017\/11\/15\/hiszpania-2017\/\"]}]},{\"@type\":\"ImageObject\",\"inLanguage\":\"pl-PL\",\"@id\":\"https:\/\/czerwonawalizka.com\/index.php\/2017\/11\/15\/hiszpania-2017\/#primaryimage\",\"url\":\"https:\/\/czerwonawalizka.com\/wp-content\/uploads\/2017\/11\/hiszpania.png\",\"contentUrl\":\"https:\/\/czerwonawalizka.com\/wp-content\/uploads\/2017\/11\/hiszpania.png\",\"width\":1133,\"height\":637},{\"@type\":\"BreadcrumbList\",\"@id\":\"https:\/\/czerwonawalizka.com\/index.php\/2017\/11\/15\/hiszpania-2017\/#breadcrumb\",\"itemListElement\":[{\"@type\":\"ListItem\",\"position\":1,\"name\":\"Home\",\"item\":\"https:\/\/czerwonawalizka.com\/\"},{\"@type\":\"ListItem\",\"position\":2,\"name\":\"Hiszpania 2017\"}]},{\"@type\":\"WebSite\",\"@id\":\"https:\/\/czerwonawalizka.com\/#website\",\"url\":\"https:\/\/czerwonawalizka.com\/\",\"name\":\"Dziewczyna z czerwon\u0105 walizk\u0105\",\"description\":\"Blog patchworkowy\",\"publisher\":{\"@id\":\"https:\/\/czerwonawalizka.com\/#\/schema\/person\/ca9ae0ae7fc0f714249aaa234df8f5cc\"},\"potentialAction\":[{\"@type\":\"SearchAction\",\"target\":{\"@type\":\"EntryPoint\",\"urlTemplate\":\"https:\/\/czerwonawalizka.com\/?s={search_term_string}\"},\"query-input\":{\"@type\":\"PropertyValueSpecification\",\"valueRequired\":true,\"valueName\":\"search_term_string\"}}],\"inLanguage\":\"pl-PL\"},{\"@type\":[\"Person\",\"Organization\"],\"@id\":\"https:\/\/czerwonawalizka.com\/#\/schema\/person\/ca9ae0ae7fc0f714249aaa234df8f5cc\",\"name\":\"Marta\",\"image\":{\"@type\":\"ImageObject\",\"inLanguage\":\"pl-PL\",\"@id\":\"https:\/\/czerwonawalizka.com\/#\/schema\/person\/image\/\",\"url\":\"https:\/\/czerwonawalizka.com\/wp-content\/uploads\/2017\/06\/cropped-logo6-1.png\",\"contentUrl\":\"https:\/\/czerwonawalizka.com\/wp-content\/uploads\/2017\/06\/cropped-logo6-1.png\",\"width\":1108,\"height\":480,\"caption\":\"Marta\"},\"logo\":{\"@id\":\"https:\/\/czerwonawalizka.com\/#\/schema\/person\/image\/\"},\"sameAs\":[\"http:\/\/www.czerwonawalizka.com\"],\"url\":\"https:\/\/czerwonawalizka.com\/index.php\/author\/dziewczyna-z-czerwona-walizka\/\"}]}<\/script>\n<!-- \/ Yoast SEO plugin. -->","yoast_head_json":{"title":"Hiszpania 2017 - Dziewczyna z czerwon\u0105 walizk\u0105","description":"Zastanawiasz si\u0119, jak to mo\u017cliwe, \u017ce w Hiszpanii mo\u017cna zmokn\u0105\u0107? C\u00f3\u017c, mo\u017cna! Opis wyprawy samochodowej po p\u00f3\u0142nocy Hiszpanii 2017.","robots":{"index":"index","follow":"follow","max-snippet":"max-snippet:-1","max-image-preview":"max-image-preview:large","max-video-preview":"max-video-preview:-1"},"canonical":"https:\/\/czerwonawalizka.com\/index.php\/2017\/11\/15\/hiszpania-2017\/","og_locale":"pl_PL","og_type":"article","og_title":"Hiszpania 2017 - Dziewczyna z czerwon\u0105 walizk\u0105","og_description":"Zastanawiasz si\u0119, jak to mo\u017cliwe, \u017ce w Hiszpanii mo\u017cna zmokn\u0105\u0107? C\u00f3\u017c, mo\u017cna! Opis wyprawy samochodowej po p\u00f3\u0142nocy Hiszpanii 2017.","og_url":"https:\/\/czerwonawalizka.com\/index.php\/2017\/11\/15\/hiszpania-2017\/","og_site_name":"Dziewczyna z czerwon\u0105 walizk\u0105","article_published_time":"2017-11-15T19:46:36+00:00","article_modified_time":"2021-01-04T16:04:13+00:00","og_image":[{"width":1133,"height":637,"url":"https:\/\/czerwonawalizka.com\/wp-content\/uploads\/2017\/11\/hiszpania.png","type":"image\/png"}],"author":"Marta","twitter_card":"summary_large_image","twitter_misc":{"Napisane przez":"Marta","Szacowany czas czytania":"11 minut"},"schema":{"@context":"https:\/\/schema.org","@graph":[{"@type":"Article","@id":"https:\/\/czerwonawalizka.com\/index.php\/2017\/11\/15\/hiszpania-2017\/#article","isPartOf":{"@id":"https:\/\/czerwonawalizka.com\/index.php\/2017\/11\/15\/hiszpania-2017\/"},"author":{"name":"Marta","@id":"https:\/\/czerwonawalizka.com\/#\/schema\/person\/ca9ae0ae7fc0f714249aaa234df8f5cc"},"headline":"Hiszpania 2017","datePublished":"2017-11-15T19:46:36+00:00","dateModified":"2021-01-04T16:04:13+00:00","mainEntityOfPage":{"@id":"https:\/\/czerwonawalizka.com\/index.php\/2017\/11\/15\/hiszpania-2017\/"},"wordCount":2176,"commentCount":5,"publisher":{"@id":"https:\/\/czerwonawalizka.com\/#\/schema\/person\/ca9ae0ae7fc0f714249aaa234df8f5cc"},"image":{"@id":"https:\/\/czerwonawalizka.com\/index.php\/2017\/11\/15\/hiszpania-2017\/#primaryimage"},"thumbnailUrl":"https:\/\/czerwonawalizka.com\/wp-content\/uploads\/2017\/11\/hiszpania.png","keywords":["Asturias","Galicja","Hiszpania 2017","Kraj Bask\u00f3w","pintxos","p\u00f3\u0142moc Hiszpanii","tapas","wyprawa samochodowa"],"articleSection":["My\u015blodsiewnia","Po Europie","Podr\u00f3\u017ce"],"inLanguage":"pl-PL","potentialAction":[{"@type":"CommentAction","name":"Comment","target":["https:\/\/czerwonawalizka.com\/index.php\/2017\/11\/15\/hiszpania-2017\/#respond"]}]},{"@type":"WebPage","@id":"https:\/\/czerwonawalizka.com\/index.php\/2017\/11\/15\/hiszpania-2017\/","url":"https:\/\/czerwonawalizka.com\/index.php\/2017\/11\/15\/hiszpania-2017\/","name":"Hiszpania 2017 - Dziewczyna z czerwon\u0105 walizk\u0105","isPartOf":{"@id":"https:\/\/czerwonawalizka.com\/#website"},"primaryImageOfPage":{"@id":"https:\/\/czerwonawalizka.com\/index.php\/2017\/11\/15\/hiszpania-2017\/#primaryimage"},"image":{"@id":"https:\/\/czerwonawalizka.com\/index.php\/2017\/11\/15\/hiszpania-2017\/#primaryimage"},"thumbnailUrl":"https:\/\/czerwonawalizka.com\/wp-content\/uploads\/2017\/11\/hiszpania.png","datePublished":"2017-11-15T19:46:36+00:00","dateModified":"2021-01-04T16:04:13+00:00","description":"Zastanawiasz si\u0119, jak to mo\u017cliwe, \u017ce w Hiszpanii mo\u017cna zmokn\u0105\u0107? C\u00f3\u017c, mo\u017cna! Opis wyprawy samochodowej po p\u00f3\u0142nocy Hiszpanii 2017.","breadcrumb":{"@id":"https:\/\/czerwonawalizka.com\/index.php\/2017\/11\/15\/hiszpania-2017\/#breadcrumb"},"inLanguage":"pl-PL","potentialAction":[{"@type":"ReadAction","target":["https:\/\/czerwonawalizka.com\/index.php\/2017\/11\/15\/hiszpania-2017\/"]}]},{"@type":"ImageObject","inLanguage":"pl-PL","@id":"https:\/\/czerwonawalizka.com\/index.php\/2017\/11\/15\/hiszpania-2017\/#primaryimage","url":"https:\/\/czerwonawalizka.com\/wp-content\/uploads\/2017\/11\/hiszpania.png","contentUrl":"https:\/\/czerwonawalizka.com\/wp-content\/uploads\/2017\/11\/hiszpania.png","width":1133,"height":637},{"@type":"BreadcrumbList","@id":"https:\/\/czerwonawalizka.com\/index.php\/2017\/11\/15\/hiszpania-2017\/#breadcrumb","itemListElement":[{"@type":"ListItem","position":1,"name":"Home","item":"https:\/\/czerwonawalizka.com\/"},{"@type":"ListItem","position":2,"name":"Hiszpania 2017"}]},{"@type":"WebSite","@id":"https:\/\/czerwonawalizka.com\/#website","url":"https:\/\/czerwonawalizka.com\/","name":"Dziewczyna z czerwon\u0105 walizk\u0105","description":"Blog patchworkowy","publisher":{"@id":"https:\/\/czerwonawalizka.com\/#\/schema\/person\/ca9ae0ae7fc0f714249aaa234df8f5cc"},"potentialAction":[{"@type":"SearchAction","target":{"@type":"EntryPoint","urlTemplate":"https:\/\/czerwonawalizka.com\/?s={search_term_string}"},"query-input":{"@type":"PropertyValueSpecification","valueRequired":true,"valueName":"search_term_string"}}],"inLanguage":"pl-PL"},{"@type":["Person","Organization"],"@id":"https:\/\/czerwonawalizka.com\/#\/schema\/person\/ca9ae0ae7fc0f714249aaa234df8f5cc","name":"Marta","image":{"@type":"ImageObject","inLanguage":"pl-PL","@id":"https:\/\/czerwonawalizka.com\/#\/schema\/person\/image\/","url":"https:\/\/czerwonawalizka.com\/wp-content\/uploads\/2017\/06\/cropped-logo6-1.png","contentUrl":"https:\/\/czerwonawalizka.com\/wp-content\/uploads\/2017\/06\/cropped-logo6-1.png","width":1108,"height":480,"caption":"Marta"},"logo":{"@id":"https:\/\/czerwonawalizka.com\/#\/schema\/person\/image\/"},"sameAs":["http:\/\/www.czerwonawalizka.com"],"url":"https:\/\/czerwonawalizka.com\/index.php\/author\/dziewczyna-z-czerwona-walizka\/"}]}},"jetpack_publicize_connections":[],"jetpack_featured_media_url":"https:\/\/czerwonawalizka.com\/wp-content\/uploads\/2017\/11\/hiszpania.png","jetpack_sharing_enabled":true,"jetpack_shortlink":"https:\/\/wp.me\/p8RvtB-w4","jetpack_likes_enabled":false,"_links":{"self":[{"href":"https:\/\/czerwonawalizka.com\/index.php\/wp-json\/wp\/v2\/posts\/1988","targetHints":{"allow":["GET"]}}],"collection":[{"href":"https:\/\/czerwonawalizka.com\/index.php\/wp-json\/wp\/v2\/posts"}],"about":[{"href":"https:\/\/czerwonawalizka.com\/index.php\/wp-json\/wp\/v2\/types\/post"}],"author":[{"embeddable":true,"href":"https:\/\/czerwonawalizka.com\/index.php\/wp-json\/wp\/v2\/users\/2"}],"replies":[{"embeddable":true,"href":"https:\/\/czerwonawalizka.com\/index.php\/wp-json\/wp\/v2\/comments?post=1988"}],"version-history":[{"count":2,"href":"https:\/\/czerwonawalizka.com\/index.php\/wp-json\/wp\/v2\/posts\/1988\/revisions"}],"predecessor-version":[{"id":3484,"href":"https:\/\/czerwonawalizka.com\/index.php\/wp-json\/wp\/v2\/posts\/1988\/revisions\/3484"}],"wp:featuredmedia":[{"embeddable":true,"href":"https:\/\/czerwonawalizka.com\/index.php\/wp-json\/wp\/v2\/media\/1990"}],"wp:attachment":[{"href":"https:\/\/czerwonawalizka.com\/index.php\/wp-json\/wp\/v2\/media?parent=1988"}],"wp:term":[{"taxonomy":"category","embeddable":true,"href":"https:\/\/czerwonawalizka.com\/index.php\/wp-json\/wp\/v2\/categories?post=1988"},{"taxonomy":"post_tag","embeddable":true,"href":"https:\/\/czerwonawalizka.com\/index.php\/wp-json\/wp\/v2\/tags?post=1988"}],"curies":[{"name":"wp","href":"https:\/\/api.w.org\/{rel}","templated":true}]}}