{"id":1096,"date":"2017-03-25T10:11:59","date_gmt":"2017-03-25T09:11:59","guid":{"rendered":"https:\/\/walizkaczerwona.wordpress.com\/?p=1096"},"modified":"2017-06-28T21:28:30","modified_gmt":"2017-06-28T19:28:30","slug":"zosia-digital-rundfung","status":"publish","type":"post","link":"https:\/\/czerwonawalizka.com\/index.php\/2017\/03\/25\/zosia-digital-rundfung\/","title":{"rendered":"Zosia Digital Rundfung"},"content":{"rendered":"<p style=\"text-align: justify;\">Kiedy\u015b pisa\u0142am, \u017ce ten blog powsta\u0142, by zrozumie\u0107 przesz\u0142o\u015b\u0107. Pozna\u0107, opisa\u0107, dowiedzie\u0107 si\u0119, zobaczy\u0107 jej \u015blady widoczne dzisiaj.<\/p>\n<p style=\"text-align: justify;\">To by\u0142o dawno temu. Sporo czasu up\u0142yn\u0119\u0142o.<\/p>\n<p style=\"text-align: justify;\">Ale pomys\u0142 nie znikn\u0105\u0142. Z czasem jego sens sta\u0142 si\u0119 dla mnie jeszcze wyra\u017aniejszy.<\/p>\n<p style=\"text-align: justify;\">Nie jestem jeszcze do ko\u0144ca pewna, jak b\u0119dzie wygl\u0105da\u0142 ostateczny efekt tego pomys\u0142u. Projekt jednak jest. Znale\u017a\u0107 \u015blady, kt\u00f3re wida\u0107 i te, kt\u00f3re przykry\u0142 kurz. Zobaczy\u0107 to, co by\u0142oby oczywiste dla dziadk\u00f3w, pradziadk\u00f3w, babek i przodk\u00f3w, zobaczy\u0107 to, co dzieje si\u0119 dzisiaj, ich oczami.<\/p>\n<p style=\"text-align: justify;\">Ale \u017ceby to zrobi\u0107, najpierw musz\u0119 pozna\u0107 ich historie. Ich wybory, decyzje, spojrze\u0107 na ich \u015bwiat, ich oczami, moimi oczami, zrozumie\u0107 \u015bcie\u017cki, jakimi pod\u0105\u017cali, dok\u0105d zmierzali, gdzie b\u0142\u0105dzili i dok\u0105d trafili, co zrozumieli, czego si\u0119 nauczyli. Zebra\u0107 historie. Opisa\u0107.<\/p>\n<p style=\"text-align: justify;\">Zaczn\u0119 najbli\u017cej.<\/p>\n<p style=\"text-align: justify;\">Niewiele jest takich dom\u00f3w. Ale to jest tak, \u017ce gdy w nim wyrastasz, wydaje ci si\u0119, \u017ce ka\u017cdy jest taki, jak tw\u00f3j. Dom, kt\u00f3ry jest schronieniem, bo mieszkaj\u0105 w nim ludzie, kt\u00f3rych kochasz, ludzie, kt\u00f3rzy przywitaj\u0105 u\u015bmiechem ciebie i ka\u017cdego, kogo w progi domu przyprowadzisz. Ludzie, kt\u00f3rych duch unosi si\u0119 w murach jeszcze d\u0142ugo po tym, gdy je opuszcz\u0105. Dom, jakich ma\u0142o i dom, kt\u00f3ry jest skarbem, kt\u00f3ry w tobie \u015bwieci, kt\u00f3ry uwa\u017casz za najoczywistsz\u0105 oczywisto\u015b\u0107, dop\u00f3ki nie zauwa\u017cysz, \u017ce inni go nie mieli.<\/p>\n<p style=\"text-align: justify;\">By\u0142o ich dw\u00f3ch. Starszy i m\u0142odszy. Ojciec surowy, ale sprawiedliwy. Zawsze wiedzieli, dlaczego i za co obrywali. Matka by\u0142a inna \u2013 jej r\u0119k\u0105 z mork\u0105 szmat\u0105, kt\u00f3ra wali\u0142a gdziekolwiek i jakkolwiek, wzbudza\u0142a w ch\u0142opcach strach jeszcze wiele lat po tym, gdy przero\u015bli i r\u0119k\u0119, i matk\u0119. To jednak nie by\u0142o cz\u0119ste. W domu przecie\u017c zazwyczaj si\u0119 rozmawia\u0142o, t\u0142umaczy\u0142o, wyja\u015bnia\u0142o. Matka wierzy\u0142a, \u017ce si\u0142a rozumu i serca jest zdecydowanie silniejsza ni\u017c strach.<\/p>\n<p style=\"text-align: justify;\">Wpoili im poczucie prawo\u015bci. Sprawiedliwo\u015bci. Gdziekolwiek nie zawitali, to im zawsze ju\u017c towarzyszy\u0142o. No i jeszcze gdzie\u015b pob\u0142yskiwa\u0142a wolno\u015b\u0107, to poczucie, \u017ce kiedy\u015b, gdzie\u015b, w ko\u0144cu na nich czeka. Rano matka budzi\u0142a, a wstawaniu towarzyszy\u0142o w\u0142\u0105czone radio. Z Bydgoszczy, bo z rana puszczali dobre kawa\u0142ki. Je\u015bli zagrali co\u015b naprawd\u0119 dobrego \u2013 to musia\u0142 by\u0107 dobry dzie\u0144. I nie by\u0142 straszny nawet potw\u00f3r z szafy, kt\u00f3rym straszy\u0142a niegrzeczne dzieci pani z przedszkola.<\/p>\n<p style=\"text-align: justify;\">Doro\u015bli szybko. Szybciej, ni\u017c rodzice tego oczekiwali. Ale to ju\u017c tak jest, \u017ce dobre umyka za szybko, nawet je\u015bli w trakcie si\u0119 d\u0142u\u017cy. Na ko\u0144cu i tak \u017ca\u0142ujesz, \u017ce ju\u017c min\u0119\u0142o.<\/p>\n<p style=\"text-align: justify;\">Wieczorami szumia\u0142o radio. Wolna Europa. Dziadek s\u0142ucha\u0142. Mi\u0119dzy trzaskami podobno wys\u0142uchiwa\u0142 i wy\u0142apywa\u0142 strz\u0119pki prawdy. Bo prawda by\u0142a towarem deficytowym i nikt za wiele jej nie mia\u0142. Sklepy by\u0142y puste, i ludzkie serca te\u017c bywa\u0142y puste. A radio niemieckie, kt\u00f3re z powodzeniem odbiera\u0142o na falach \u015brednich, podawa\u0142o dobr\u0105 pogod\u0119. By\u0142a z jakiego\u015b powodu du\u017co bardziej wiarygodna ni\u017c ta lokalna.<\/p>\n<p style=\"text-align: justify;\">W wakacje nigdy bez radia nie je\u017adzili. Towarzyszy\u0142o im gdzie\u015b zawsze, gra\u0142o w tle, szumia\u0142o, gdy brakowa\u0142o s\u0142\u00f3w, gra\u0142o, gdy spali.<\/p>\n<p style=\"text-align: justify;\">Bracia nie byli tacy sami. Starszy przepe\u0142niony idea\u0142ami, nie rozumia\u0142, dlaczego inni nie s\u0105 tacy, jak on. Nieska\u017cony nieprawo\u015bci\u0105, nie rozumia\u0142, jak ludzie mog\u0105, jak to si\u0119 dzieje, dlaczego \u015bwiat staje na g\u0142owie. Poczucie niezrozumienia i bezsilno\u015bci czasem go pod\u0142amywa\u0142o, ale te\u017c nape\u0142nia\u0142o z\u0142o\u015bci\u0105 i niezrozumieniem ludzi o innych pogl\u0105dach.<\/p>\n<p style=\"text-align: justify;\">M\u0142odszy te\u017c by\u0142 idealist\u0105. Tak samo jak starszy brat, wierzy\u0142 w lepszy \u015bwiat, ale wierzy\u0142 inaczej, a brak zrozumienia i lekcewa\u017cenie nieraz ich por\u00f3\u017cni\u0142o \u2013 mimo tego, \u017ce w gruncie rzeczy oboje nie\u015bli w sobie ten sam dom.<\/p>\n<p style=\"text-align: justify;\">\u015awiat si\u0119 zmienia\u0142. W ko\u0144cu doczekali si\u0119 wolno\u015bci. Radio Wolna Europa przesta\u0142o gra\u0107, chocia\u017c prawda nadal pozosta\u0142a towarem deficytowym. Pojawi\u0142y si\u0119 jednak inne radiostacje, zwi\u0105zane z nimi, zwi\u0105zane z Solidarno\u015bci\u0105, zwi\u0105zane z lud\u017ami.<\/p>\n<p style=\"text-align: justify;\">To by\u0142o jak objawienie. Poczucie szcz\u0119\u015bcia. Rado\u015b\u0107, wolno\u015b\u0107 i to niesko\u0144czone, wszechmocne uczucie, \u017ce wszystko jest mo\u017cliwe, \u017ce wszystko \u2013 jeszcze przed nimi. Do radia trafili troch\u0119 przez przypadek, troch\u0119, bo od zawsze to radio, media, gdzie\u015b w tle im towarzyszy\u0142y.<\/p>\n<p style=\"text-align: justify;\">Radio. Miejsce, kt\u00f3re w nowym \u015bwiecie promieniowa\u0142o zmian\u0105, wolno\u015bci\u0105 i rado\u015bci\u0105 \u017cycia. M\u0142odzi ludzie, kt\u00f3rzy wierzyli, \u017ce mog\u0105 wszystko, czego tylko zapragn\u0105, \u017ce wszystko jest na wyci\u0105gni\u0119cie r\u0119ki. A dzi\u0119ki muzyce duch podr\u00f3\u017cowa\u0142 i przenika\u0142 szybciej i dalej. Lutowanie kabelk\u00f3w i montowanie program\u00f3w uros\u0142o z przyziemnych prac do rangi czynno\u015bci niemal \u015bwi\u0119tej.<\/p>\n<p style=\"text-align: justify;\">I jest do dzisiaj. Oboje s\u0105 dzisiaj doro\u015bli.<\/p>\n<p style=\"text-align: justify;\">Wolno\u015b\u0107 w ko\u0144cu nasta\u0142a.<\/p>\n<p style=\"text-align: justify;\">A radio nadal gra. Ju\u017c nie Wolna Europa, ju\u017c nie Solidarno\u015b\u0107, chocia\u017c deficyt na prawd\u0119 niestety nadal jest aktualny.<\/p>\n<p style=\"text-align: justify;\">Czasem w\u0142\u0105czam i s\u0142ucham.<\/p>\n<p style=\"text-align: justify;\">To taki dobry spos\u00f3b na to, gdy jestem daleko \u2013 by znowu poczu\u0107 si\u0119, jak w domu.<\/p>\n<p style=\"text-align: justify;\">*pierwszy z serii wpis\u00f3w o przodkach. Aluzje co do os\u00f3b b\u0119d\u0105 zrozumia\u0142e tylko dla tych, kt\u00f3rzy ich znaj\u0105. Nie wszystkie wydarzenia opisane w tej serii s\u0105 udokumentowane, bo cz\u0119\u015b\u0107 oparta b\u0119dzie na moich wspomnieniach, opowie\u015bciach i powiastkach rodzinnych. Dla nieznajomych \u2013 gratka by\u0107 mo\u017ce ciekawej opowie\u015bci. Dla bliskich \u2013 zagadka dotycz\u0105ca ich w\u0142asnej przesz\u0142o\u015bci.<\/p>\n","protected":false},"excerpt":{"rendered":"<p>Kiedy\u015b pisa\u0142am, \u017ce ten blog powsta\u0142, by zrozumie\u0107 przesz\u0142o\u015b\u0107. Pozna\u0107, opisa\u0107, dowiedzie\u0107 si\u0119, zobaczy\u0107 jej \u015blady widoczne dzisiaj. To by\u0142o dawno temu. Sporo czasu up\u0142yn\u0119\u0142o. Ale pomys\u0142 nie znikn\u0105\u0142. Z czasem jego sens sta\u0142 si\u0119 dla mnie jeszcze wyra\u017aniejszy. Nie jestem jeszcze do ko\u0144ca pewna, jak b\u0119dzie wygl\u0105da\u0142 ostateczny efekt tego pomys\u0142u. Projekt jednak jest.&hellip; <a class=\"more-link\" href=\"https:\/\/czerwonawalizka.com\/index.php\/2017\/03\/25\/zosia-digital-rundfung\/\">Read More <span class=\"screen-reader-text\">Zosia Digital Rundfung<\/span><\/a><\/p>\n","protected":false},"author":1,"featured_media":1379,"comment_status":"open","ping_status":"open","sticky":false,"template":"","format":"aside","meta":{"jetpack_post_was_ever_published":false,"_jetpack_newsletter_access":"","_jetpack_dont_email_post_to_subs":false,"_jetpack_newsletter_tier_id":0,"_jetpack_memberships_contains_paywalled_content":false,"_jetpack_memberships_contains_paid_content":false,"footnotes":"","jetpack_publicize_message":"","jetpack_publicize_feature_enabled":true,"jetpack_social_post_already_shared":false,"jetpack_social_options":{"image_generator_settings":{"template":"highway","default_image_id":0,"font":"","enabled":false},"version":2}},"categories":[2,7],"tags":[125,129,132,136],"class_list":["post-1096","post","type-post","status-publish","format-aside","has-post-thumbnail","hentry","category-bez-pamieci","category-myslodsiewnia","tag-prawda","tag-przeszlosc","tag-przodkowie","tag-radio","post_format-post-format-aside"],"yoast_head":"<!-- This site is optimized with the Yoast SEO plugin v27.0 - https:\/\/yoast.com\/product\/yoast-seo-wordpress\/ -->\n<title>Zosia Digital Rundfung - Dziewczyna z czerwon\u0105 walizk\u0105<\/title>\n<meta name=\"description\" content=\"To projekt, w kt\u00f3rym chodzi o pami\u0119\u0107, o to\u017csamo\u015b\u0107, o zrozumienie, sk\u0105d jestem i dlaczego wla\u015bnie tutaj. Oczami przodk\u00f3w na dzisiejszy \u015bwiat, cho\u0107 troch\u0119 zrozumie\u0107, kim s\u0105 albo kim byli i dlaczego wybierali tak, a nie inaczej.\" \/>\n<meta name=\"robots\" content=\"index, follow, max-snippet:-1, max-image-preview:large, max-video-preview:-1\" \/>\n<link rel=\"canonical\" href=\"https:\/\/czerwonawalizka.com\/index.php\/2017\/03\/25\/zosia-digital-rundfung\/\" \/>\n<meta property=\"og:locale\" content=\"pl_PL\" \/>\n<meta property=\"og:type\" content=\"article\" \/>\n<meta property=\"og:title\" content=\"Zosia Digital Rundfung - Dziewczyna z czerwon\u0105 walizk\u0105\" \/>\n<meta property=\"og:description\" content=\"To projekt, w kt\u00f3rym chodzi o pami\u0119\u0107, o to\u017csamo\u015b\u0107, o zrozumienie, sk\u0105d jestem i dlaczego wla\u015bnie tutaj. Oczami przodk\u00f3w na dzisiejszy \u015bwiat, cho\u0107 troch\u0119 zrozumie\u0107, kim s\u0105 albo kim byli i dlaczego wybierali tak, a nie inaczej.\" \/>\n<meta property=\"og:url\" content=\"https:\/\/czerwonawalizka.com\/index.php\/2017\/03\/25\/zosia-digital-rundfung\/\" \/>\n<meta property=\"og:site_name\" content=\"Dziewczyna z czerwon\u0105 walizk\u0105\" \/>\n<meta property=\"article:published_time\" content=\"2017-03-25T09:11:59+00:00\" \/>\n<meta property=\"article:modified_time\" content=\"2017-06-28T19:28:30+00:00\" \/>\n<meta property=\"og:image\" content=\"https:\/\/czerwonawalizka.com\/wp-content\/uploads\/2017\/03\/bezpamieci.png\" \/>\n\t<meta property=\"og:image:width\" content=\"1149\" \/>\n\t<meta property=\"og:image:height\" content=\"636\" \/>\n\t<meta property=\"og:image:type\" content=\"image\/png\" \/>\n<meta name=\"author\" content=\"usrob\" \/>\n<meta name=\"twitter:card\" content=\"summary_large_image\" \/>\n<meta name=\"twitter:label1\" content=\"Napisane przez\" \/>\n\t<meta name=\"twitter:data1\" content=\"usrob\" \/>\n\t<meta name=\"twitter:label2\" content=\"Szacowany czas czytania\" \/>\n\t<meta name=\"twitter:data2\" content=\"5 minut\" \/>\n<script type=\"application\/ld+json\" class=\"yoast-schema-graph\">{\"@context\":\"https:\/\/schema.org\",\"@graph\":[{\"@type\":\"Article\",\"@id\":\"https:\/\/czerwonawalizka.com\/index.php\/2017\/03\/25\/zosia-digital-rundfung\/#article\",\"isPartOf\":{\"@id\":\"https:\/\/czerwonawalizka.com\/index.php\/2017\/03\/25\/zosia-digital-rundfung\/\"},\"author\":{\"name\":\"usrob\",\"@id\":\"https:\/\/czerwonawalizka.com\/#\/schema\/person\/88e2203c2602630f8d79976e06834b41\"},\"headline\":\"Zosia Digital Rundfung\",\"datePublished\":\"2017-03-25T09:11:59+00:00\",\"dateModified\":\"2017-06-28T19:28:30+00:00\",\"mainEntityOfPage\":{\"@id\":\"https:\/\/czerwonawalizka.com\/index.php\/2017\/03\/25\/zosia-digital-rundfung\/\"},\"wordCount\":946,\"commentCount\":1,\"publisher\":{\"@id\":\"https:\/\/czerwonawalizka.com\/#\/schema\/person\/ca9ae0ae7fc0f714249aaa234df8f5cc\"},\"image\":{\"@id\":\"https:\/\/czerwonawalizka.com\/index.php\/2017\/03\/25\/zosia-digital-rundfung\/#primaryimage\"},\"thumbnailUrl\":\"https:\/\/czerwonawalizka.com\/wp-content\/uploads\/2017\/03\/bezpamieci.png\",\"keywords\":[\"prawda\",\"przesz\u0142os\u0107\",\"przodkowie\",\"radio\"],\"articleSection\":[\"Bez pami\u0119ci\",\"My\u015blodsiewnia\"],\"inLanguage\":\"pl-PL\",\"potentialAction\":[{\"@type\":\"CommentAction\",\"name\":\"Comment\",\"target\":[\"https:\/\/czerwonawalizka.com\/index.php\/2017\/03\/25\/zosia-digital-rundfung\/#respond\"]}]},{\"@type\":\"WebPage\",\"@id\":\"https:\/\/czerwonawalizka.com\/index.php\/2017\/03\/25\/zosia-digital-rundfung\/\",\"url\":\"https:\/\/czerwonawalizka.com\/index.php\/2017\/03\/25\/zosia-digital-rundfung\/\",\"name\":\"Zosia Digital Rundfung - Dziewczyna z czerwon\u0105 walizk\u0105\",\"isPartOf\":{\"@id\":\"https:\/\/czerwonawalizka.com\/#website\"},\"primaryImageOfPage\":{\"@id\":\"https:\/\/czerwonawalizka.com\/index.php\/2017\/03\/25\/zosia-digital-rundfung\/#primaryimage\"},\"image\":{\"@id\":\"https:\/\/czerwonawalizka.com\/index.php\/2017\/03\/25\/zosia-digital-rundfung\/#primaryimage\"},\"thumbnailUrl\":\"https:\/\/czerwonawalizka.com\/wp-content\/uploads\/2017\/03\/bezpamieci.png\",\"datePublished\":\"2017-03-25T09:11:59+00:00\",\"dateModified\":\"2017-06-28T19:28:30+00:00\",\"description\":\"To projekt, w kt\u00f3rym chodzi o pami\u0119\u0107, o to\u017csamo\u015b\u0107, o zrozumienie, sk\u0105d jestem i dlaczego wla\u015bnie tutaj. Oczami przodk\u00f3w na dzisiejszy \u015bwiat, cho\u0107 troch\u0119 zrozumie\u0107, kim s\u0105 albo kim byli i dlaczego wybierali tak, a nie inaczej.\",\"breadcrumb\":{\"@id\":\"https:\/\/czerwonawalizka.com\/index.php\/2017\/03\/25\/zosia-digital-rundfung\/#breadcrumb\"},\"inLanguage\":\"pl-PL\",\"potentialAction\":[{\"@type\":\"ReadAction\",\"target\":[\"https:\/\/czerwonawalizka.com\/index.php\/2017\/03\/25\/zosia-digital-rundfung\/\"]}]},{\"@type\":\"ImageObject\",\"inLanguage\":\"pl-PL\",\"@id\":\"https:\/\/czerwonawalizka.com\/index.php\/2017\/03\/25\/zosia-digital-rundfung\/#primaryimage\",\"url\":\"https:\/\/czerwonawalizka.com\/wp-content\/uploads\/2017\/03\/bezpamieci.png\",\"contentUrl\":\"https:\/\/czerwonawalizka.com\/wp-content\/uploads\/2017\/03\/bezpamieci.png\",\"width\":1149,\"height\":636},{\"@type\":\"BreadcrumbList\",\"@id\":\"https:\/\/czerwonawalizka.com\/index.php\/2017\/03\/25\/zosia-digital-rundfung\/#breadcrumb\",\"itemListElement\":[{\"@type\":\"ListItem\",\"position\":1,\"name\":\"Home\",\"item\":\"https:\/\/czerwonawalizka.com\/\"},{\"@type\":\"ListItem\",\"position\":2,\"name\":\"Zosia Digital Rundfung\"}]},{\"@type\":\"WebSite\",\"@id\":\"https:\/\/czerwonawalizka.com\/#website\",\"url\":\"https:\/\/czerwonawalizka.com\/\",\"name\":\"Dziewczyna z czerwon\u0105 walizk\u0105\",\"description\":\"Blog patchworkowy\",\"publisher\":{\"@id\":\"https:\/\/czerwonawalizka.com\/#\/schema\/person\/ca9ae0ae7fc0f714249aaa234df8f5cc\"},\"potentialAction\":[{\"@type\":\"SearchAction\",\"target\":{\"@type\":\"EntryPoint\",\"urlTemplate\":\"https:\/\/czerwonawalizka.com\/?s={search_term_string}\"},\"query-input\":{\"@type\":\"PropertyValueSpecification\",\"valueRequired\":true,\"valueName\":\"search_term_string\"}}],\"inLanguage\":\"pl-PL\"},{\"@type\":[\"Person\",\"Organization\"],\"@id\":\"https:\/\/czerwonawalizka.com\/#\/schema\/person\/ca9ae0ae7fc0f714249aaa234df8f5cc\",\"name\":\"Marta\",\"image\":{\"@type\":\"ImageObject\",\"inLanguage\":\"pl-PL\",\"@id\":\"https:\/\/czerwonawalizka.com\/#\/schema\/person\/image\/\",\"url\":\"https:\/\/czerwonawalizka.com\/wp-content\/uploads\/2017\/06\/cropped-logo6-1.png\",\"contentUrl\":\"https:\/\/czerwonawalizka.com\/wp-content\/uploads\/2017\/06\/cropped-logo6-1.png\",\"width\":1108,\"height\":480,\"caption\":\"Marta\"},\"logo\":{\"@id\":\"https:\/\/czerwonawalizka.com\/#\/schema\/person\/image\/\"},\"sameAs\":[\"http:\/\/www.czerwonawalizka.com\"]},{\"@type\":\"Person\",\"@id\":\"https:\/\/czerwonawalizka.com\/#\/schema\/person\/88e2203c2602630f8d79976e06834b41\",\"name\":\"usrob\",\"image\":{\"@type\":\"ImageObject\",\"inLanguage\":\"pl-PL\",\"@id\":\"https:\/\/czerwonawalizka.com\/#\/schema\/person\/image\/\",\"url\":\"https:\/\/secure.gravatar.com\/avatar\/181694b20bb44625a3d898692d4efa04fc9da2d80db042c214af3c5ec9cf1c75?s=96&d=mm&r=g\",\"contentUrl\":\"https:\/\/secure.gravatar.com\/avatar\/181694b20bb44625a3d898692d4efa04fc9da2d80db042c214af3c5ec9cf1c75?s=96&d=mm&r=g\",\"caption\":\"usrob\"},\"url\":\"https:\/\/czerwonawalizka.com\/index.php\/author\/usrob\/\"}]}<\/script>\n<!-- \/ Yoast SEO plugin. -->","yoast_head_json":{"title":"Zosia Digital Rundfung - Dziewczyna z czerwon\u0105 walizk\u0105","description":"To projekt, w kt\u00f3rym chodzi o pami\u0119\u0107, o to\u017csamo\u015b\u0107, o zrozumienie, sk\u0105d jestem i dlaczego wla\u015bnie tutaj. Oczami przodk\u00f3w na dzisiejszy \u015bwiat, cho\u0107 troch\u0119 zrozumie\u0107, kim s\u0105 albo kim byli i dlaczego wybierali tak, a nie inaczej.","robots":{"index":"index","follow":"follow","max-snippet":"max-snippet:-1","max-image-preview":"max-image-preview:large","max-video-preview":"max-video-preview:-1"},"canonical":"https:\/\/czerwonawalizka.com\/index.php\/2017\/03\/25\/zosia-digital-rundfung\/","og_locale":"pl_PL","og_type":"article","og_title":"Zosia Digital Rundfung - Dziewczyna z czerwon\u0105 walizk\u0105","og_description":"To projekt, w kt\u00f3rym chodzi o pami\u0119\u0107, o to\u017csamo\u015b\u0107, o zrozumienie, sk\u0105d jestem i dlaczego wla\u015bnie tutaj. Oczami przodk\u00f3w na dzisiejszy \u015bwiat, cho\u0107 troch\u0119 zrozumie\u0107, kim s\u0105 albo kim byli i dlaczego wybierali tak, a nie inaczej.","og_url":"https:\/\/czerwonawalizka.com\/index.php\/2017\/03\/25\/zosia-digital-rundfung\/","og_site_name":"Dziewczyna z czerwon\u0105 walizk\u0105","article_published_time":"2017-03-25T09:11:59+00:00","article_modified_time":"2017-06-28T19:28:30+00:00","og_image":[{"width":1149,"height":636,"url":"https:\/\/czerwonawalizka.com\/wp-content\/uploads\/2017\/03\/bezpamieci.png","type":"image\/png"}],"author":"usrob","twitter_card":"summary_large_image","twitter_misc":{"Napisane przez":"usrob","Szacowany czas czytania":"5 minut"},"schema":{"@context":"https:\/\/schema.org","@graph":[{"@type":"Article","@id":"https:\/\/czerwonawalizka.com\/index.php\/2017\/03\/25\/zosia-digital-rundfung\/#article","isPartOf":{"@id":"https:\/\/czerwonawalizka.com\/index.php\/2017\/03\/25\/zosia-digital-rundfung\/"},"author":{"name":"usrob","@id":"https:\/\/czerwonawalizka.com\/#\/schema\/person\/88e2203c2602630f8d79976e06834b41"},"headline":"Zosia Digital Rundfung","datePublished":"2017-03-25T09:11:59+00:00","dateModified":"2017-06-28T19:28:30+00:00","mainEntityOfPage":{"@id":"https:\/\/czerwonawalizka.com\/index.php\/2017\/03\/25\/zosia-digital-rundfung\/"},"wordCount":946,"commentCount":1,"publisher":{"@id":"https:\/\/czerwonawalizka.com\/#\/schema\/person\/ca9ae0ae7fc0f714249aaa234df8f5cc"},"image":{"@id":"https:\/\/czerwonawalizka.com\/index.php\/2017\/03\/25\/zosia-digital-rundfung\/#primaryimage"},"thumbnailUrl":"https:\/\/czerwonawalizka.com\/wp-content\/uploads\/2017\/03\/bezpamieci.png","keywords":["prawda","przesz\u0142os\u0107","przodkowie","radio"],"articleSection":["Bez pami\u0119ci","My\u015blodsiewnia"],"inLanguage":"pl-PL","potentialAction":[{"@type":"CommentAction","name":"Comment","target":["https:\/\/czerwonawalizka.com\/index.php\/2017\/03\/25\/zosia-digital-rundfung\/#respond"]}]},{"@type":"WebPage","@id":"https:\/\/czerwonawalizka.com\/index.php\/2017\/03\/25\/zosia-digital-rundfung\/","url":"https:\/\/czerwonawalizka.com\/index.php\/2017\/03\/25\/zosia-digital-rundfung\/","name":"Zosia Digital Rundfung - Dziewczyna z czerwon\u0105 walizk\u0105","isPartOf":{"@id":"https:\/\/czerwonawalizka.com\/#website"},"primaryImageOfPage":{"@id":"https:\/\/czerwonawalizka.com\/index.php\/2017\/03\/25\/zosia-digital-rundfung\/#primaryimage"},"image":{"@id":"https:\/\/czerwonawalizka.com\/index.php\/2017\/03\/25\/zosia-digital-rundfung\/#primaryimage"},"thumbnailUrl":"https:\/\/czerwonawalizka.com\/wp-content\/uploads\/2017\/03\/bezpamieci.png","datePublished":"2017-03-25T09:11:59+00:00","dateModified":"2017-06-28T19:28:30+00:00","description":"To projekt, w kt\u00f3rym chodzi o pami\u0119\u0107, o to\u017csamo\u015b\u0107, o zrozumienie, sk\u0105d jestem i dlaczego wla\u015bnie tutaj. Oczami przodk\u00f3w na dzisiejszy \u015bwiat, cho\u0107 troch\u0119 zrozumie\u0107, kim s\u0105 albo kim byli i dlaczego wybierali tak, a nie inaczej.","breadcrumb":{"@id":"https:\/\/czerwonawalizka.com\/index.php\/2017\/03\/25\/zosia-digital-rundfung\/#breadcrumb"},"inLanguage":"pl-PL","potentialAction":[{"@type":"ReadAction","target":["https:\/\/czerwonawalizka.com\/index.php\/2017\/03\/25\/zosia-digital-rundfung\/"]}]},{"@type":"ImageObject","inLanguage":"pl-PL","@id":"https:\/\/czerwonawalizka.com\/index.php\/2017\/03\/25\/zosia-digital-rundfung\/#primaryimage","url":"https:\/\/czerwonawalizka.com\/wp-content\/uploads\/2017\/03\/bezpamieci.png","contentUrl":"https:\/\/czerwonawalizka.com\/wp-content\/uploads\/2017\/03\/bezpamieci.png","width":1149,"height":636},{"@type":"BreadcrumbList","@id":"https:\/\/czerwonawalizka.com\/index.php\/2017\/03\/25\/zosia-digital-rundfung\/#breadcrumb","itemListElement":[{"@type":"ListItem","position":1,"name":"Home","item":"https:\/\/czerwonawalizka.com\/"},{"@type":"ListItem","position":2,"name":"Zosia Digital Rundfung"}]},{"@type":"WebSite","@id":"https:\/\/czerwonawalizka.com\/#website","url":"https:\/\/czerwonawalizka.com\/","name":"Dziewczyna z czerwon\u0105 walizk\u0105","description":"Blog patchworkowy","publisher":{"@id":"https:\/\/czerwonawalizka.com\/#\/schema\/person\/ca9ae0ae7fc0f714249aaa234df8f5cc"},"potentialAction":[{"@type":"SearchAction","target":{"@type":"EntryPoint","urlTemplate":"https:\/\/czerwonawalizka.com\/?s={search_term_string}"},"query-input":{"@type":"PropertyValueSpecification","valueRequired":true,"valueName":"search_term_string"}}],"inLanguage":"pl-PL"},{"@type":["Person","Organization"],"@id":"https:\/\/czerwonawalizka.com\/#\/schema\/person\/ca9ae0ae7fc0f714249aaa234df8f5cc","name":"Marta","image":{"@type":"ImageObject","inLanguage":"pl-PL","@id":"https:\/\/czerwonawalizka.com\/#\/schema\/person\/image\/","url":"https:\/\/czerwonawalizka.com\/wp-content\/uploads\/2017\/06\/cropped-logo6-1.png","contentUrl":"https:\/\/czerwonawalizka.com\/wp-content\/uploads\/2017\/06\/cropped-logo6-1.png","width":1108,"height":480,"caption":"Marta"},"logo":{"@id":"https:\/\/czerwonawalizka.com\/#\/schema\/person\/image\/"},"sameAs":["http:\/\/www.czerwonawalizka.com"]},{"@type":"Person","@id":"https:\/\/czerwonawalizka.com\/#\/schema\/person\/88e2203c2602630f8d79976e06834b41","name":"usrob","image":{"@type":"ImageObject","inLanguage":"pl-PL","@id":"https:\/\/czerwonawalizka.com\/#\/schema\/person\/image\/","url":"https:\/\/secure.gravatar.com\/avatar\/181694b20bb44625a3d898692d4efa04fc9da2d80db042c214af3c5ec9cf1c75?s=96&d=mm&r=g","contentUrl":"https:\/\/secure.gravatar.com\/avatar\/181694b20bb44625a3d898692d4efa04fc9da2d80db042c214af3c5ec9cf1c75?s=96&d=mm&r=g","caption":"usrob"},"url":"https:\/\/czerwonawalizka.com\/index.php\/author\/usrob\/"}]}},"jetpack_publicize_connections":[],"jetpack_featured_media_url":"https:\/\/czerwonawalizka.com\/wp-content\/uploads\/2017\/03\/bezpamieci.png","jetpack_sharing_enabled":true,"jetpack_shortlink":"https:\/\/wp.me\/p8RvtB-hG","jetpack_likes_enabled":false,"_links":{"self":[{"href":"https:\/\/czerwonawalizka.com\/index.php\/wp-json\/wp\/v2\/posts\/1096","targetHints":{"allow":["GET"]}}],"collection":[{"href":"https:\/\/czerwonawalizka.com\/index.php\/wp-json\/wp\/v2\/posts"}],"about":[{"href":"https:\/\/czerwonawalizka.com\/index.php\/wp-json\/wp\/v2\/types\/post"}],"author":[{"embeddable":true,"href":"https:\/\/czerwonawalizka.com\/index.php\/wp-json\/wp\/v2\/users\/1"}],"replies":[{"embeddable":true,"href":"https:\/\/czerwonawalizka.com\/index.php\/wp-json\/wp\/v2\/comments?post=1096"}],"version-history":[{"count":0,"href":"https:\/\/czerwonawalizka.com\/index.php\/wp-json\/wp\/v2\/posts\/1096\/revisions"}],"wp:featuredmedia":[{"embeddable":true,"href":"https:\/\/czerwonawalizka.com\/index.php\/wp-json\/wp\/v2\/media\/1379"}],"wp:attachment":[{"href":"https:\/\/czerwonawalizka.com\/index.php\/wp-json\/wp\/v2\/media?parent=1096"}],"wp:term":[{"taxonomy":"category","embeddable":true,"href":"https:\/\/czerwonawalizka.com\/index.php\/wp-json\/wp\/v2\/categories?post=1096"},{"taxonomy":"post_tag","embeddable":true,"href":"https:\/\/czerwonawalizka.com\/index.php\/wp-json\/wp\/v2\/tags?post=1096"}],"curies":[{"name":"wp","href":"https:\/\/api.w.org\/{rel}","templated":true}]}}